{"id":15787,"date":"2018-10-23T16:53:15","date_gmt":"2018-10-23T16:53:15","guid":{"rendered":"https:\/\/demop.netbaz.be\/2021\/jp\/2018\/10\/23\/traite-commercial-entre-l-union-europeenne-le-perou-l-equateur-et-la-colombie\/"},"modified":"2021-04-14T11:57:01","modified_gmt":"2021-04-14T11:57:01","slug":"traite-commercial-entre-l-union-europeenne-le-perou-l-equateur-et-la-colombie","status":"publish","type":"post","link":"https:\/\/www.justicepaix.be\/en\/traite-commercial-entre-l-union-europeenne-le-perou-l-equateur-et-la-colombie\/","title":{"rendered":"Trade treaty between the European Union, Peru, Ecuador and Colombia."},"content":{"rendered":"<p class=\"post_excerpt\">Notre coll\u00e8gue G\u00e9raldine Duquenne explique sur les ondes de Matin Premi\u00e8re pourquoi le Parlement de Wallonie ne doit pas voter pour le trait\u00e9 commercial entre l&rsquo;Union europ\u00e9enne, le P\u00e9rou, l\u2019\u00c9quateur et la Colombie.<\/p>\n<p><!--more--><br \/>\n<iframe width=\"100%\" height=\"300\" scrolling=\"no\" frameborder=\"no\" allow=\"autoplay\" src=\"https:\/\/w.soundcloud.com\/player\/?url=https%3A\/\/api.soundcloud.com\/tracks\/518681634&#038;color=%23ff5500&#038;auto_play=false&#038;hide_related=false&#038;show_comments=false&#038;show_user=true&#038;show_reposts=false&#038;show_teaser=false&#038;visual=true\"><\/iframe><div id='gallery-1' class='gallery galleryid-15787 gallery-columns-3 gallery-size-thumbnail'><figure class='gallery-item'>\n\t\t\t<div class='gallery-icon landscape'>\n\t\t\t\t<a href='https:\/\/www.justicepaix.be\/wp-content\/uploads\/2018\/10\/jpg_sebastien_bertrand_flickr-1f4f2.jpg'><img decoding=\"async\" width=\"150\" height=\"150\" src=\"https:\/\/www.justicepaix.be\/wp-content\/uploads\/2018\/10\/jpg_sebastien_bertrand_flickr-1f4f2-150x150.jpg\" class=\"attachment-thumbnail size-thumbnail\" alt=\"sebastien_bertrand_flickr-1f4f2.jpg\" \/><\/a>\n\t\t\t<\/div><\/figure>\n\t\t<\/div>\n<\/p>","protected":false},"excerpt":{"rendered":"<p>Notre coll\u00e8gue G\u00e9raldine Duquenne explique sur les ondes de Matin Premi\u00e8re pourquoi le Parlement de Wallonie ne doit pas voter pour le trait\u00e9 commercial entre l&rsquo;Union europ\u00e9enne, le P\u00e9rou, l\u2019\u00c9quateur et la Colombie.<\/p>","protected":false},"author":62,"featured_media":15788,"comment_status":"closed","ping_status":"open","sticky":false,"template":"","format":"standard","meta":{"_acf_changed":false,"_seopress_robots_primary_cat":"","_seopress_titles_title":"","_seopress_titles_desc":"","_seopress_robots_index":"","footnotes":""},"categories":[2686],"tags":[],"class_list":["post-15787","post","type-post","status-publish","format-standard","has-post-thumbnail","hentry","category-pre-2015"],"acf":[],"_links":{"self":[{"href":"https:\/\/www.justicepaix.be\/en\/wp-json\/wp\/v2\/posts\/15787","targetHints":{"allow":["GET"]}}],"collection":[{"href":"https:\/\/www.justicepaix.be\/en\/wp-json\/wp\/v2\/posts"}],"about":[{"href":"https:\/\/www.justicepaix.be\/en\/wp-json\/wp\/v2\/types\/post"}],"author":[{"embeddable":true,"href":"https:\/\/www.justicepaix.be\/en\/wp-json\/wp\/v2\/users\/62"}],"replies":[{"embeddable":true,"href":"https:\/\/www.justicepaix.be\/en\/wp-json\/wp\/v2\/comments?post=15787"}],"version-history":[{"count":0,"href":"https:\/\/www.justicepaix.be\/en\/wp-json\/wp\/v2\/posts\/15787\/revisions"}],"wp:featuredmedia":[{"embeddable":true,"href":"https:\/\/www.justicepaix.be\/en\/wp-json\/wp\/v2\/media\/15788"}],"wp:attachment":[{"href":"https:\/\/www.justicepaix.be\/en\/wp-json\/wp\/v2\/media?parent=15787"}],"wp:term":[{"taxonomy":"category","embeddable":true,"href":"https:\/\/www.justicepaix.be\/en\/wp-json\/wp\/v2\/categories?post=15787"},{"taxonomy":"post_tag","embeddable":true,"href":"https:\/\/www.justicepaix.be\/en\/wp-json\/wp\/v2\/tags?post=15787"}],"curies":[{"name":"wp","href":"https:\/\/api.w.org\/{rel}","templated":true}]}}