{"id":15781,"date":"2018-10-23T14:43:14","date_gmt":"2018-10-23T14:43:14","guid":{"rendered":"https:\/\/demop.netbaz.be\/2021\/jp\/2018\/10\/23\/droits-humains-notre-ideal-commun\/"},"modified":"2021-04-14T11:56:58","modified_gmt":"2021-04-14T11:56:58","slug":"droits-humains-notre-ideal-commun","status":"publish","type":"post","link":"https:\/\/www.justicepaix.be\/en\/droits-humains-notre-ideal-commun\/","title":{"rendered":"Human rights: Our common ideal!"},"content":{"rendered":"<p class=\"post_excerpt\">\u00c0 partir de ses 45 ann\u00e9es d\u2019engagement en faveur des droits humains, en France et \u00e0 travers le monde, Guy Aurenche s\u2019interroge, en ce 70e anniversaire de la D\u00e9claration Universelle : quelle est aujourd\u2019hui la pertinence du combat pour les droits humains ?<br \/>\nLe contexte actuel est fortement d\u00e9favorable ! La crise de la Personne, du Politique, du Sens, le triomphe de l\u2019\u00e9conomie bas\u00e9e sur le profit maximal, les grandes menaces sur les \u00e9quilibres \u00e9cologiques\u2026 Quel r\u00f4le la dynamique des droits humains peut-elle jouer ? Il ne s\u2019agit ni d\u2019optimisme ni de pessimisme mais de l\u2019engagement aux c\u00f4t\u00e9s de celles et ceux qui n\u2019acceptent pas l\u2019inacceptable. Alors, en partenariat et en dialogue avec les d\u00e9fenseurs de la dignit\u00e9 humaine, le combat pour la promotion des droits humains prend tout son sens.<\/p>\n<p>Guy Aurenche a men\u00e9 de front une carri\u00e8re d\u2019avocat et de militant des droits humains, notamment \u00e0 travers son engagement contre la torture au sein de l\u2019ACAT (Action des Chr\u00e9tiens pour l\u2019Abolition de la Torture) dont il fut le pr\u00e9sident.<\/p>\n<p><!--more--><br \/>\n<img fetchpriority=\"high\" decoding=\"async\" class=\"aligncenter size-full wp-image-15780\" src=\"http:\/\/demop.netbaz.be\/2021\/jp\/wp-content\/uploads\/2018\/10\/png_affiche_guy_aurenche_portrait_a3.png\" alt=\"affiche_guy_aurenche_portrait_a3.png\" align=\"center\" width=\"2339\" height=\"3307\" srcset=\"https:\/\/www.justicepaix.be\/wp-content\/uploads\/2018\/10\/png_affiche_guy_aurenche_portrait_a3.png 2339w, https:\/\/www.justicepaix.be\/wp-content\/uploads\/2018\/10\/png_affiche_guy_aurenche_portrait_a3-212x300.png 212w, https:\/\/www.justicepaix.be\/wp-content\/uploads\/2018\/10\/png_affiche_guy_aurenche_portrait_a3-724x1024.png 724w, https:\/\/www.justicepaix.be\/wp-content\/uploads\/2018\/10\/png_affiche_guy_aurenche_portrait_a3-768x1086.png 768w, https:\/\/www.justicepaix.be\/wp-content\/uploads\/2018\/10\/png_affiche_guy_aurenche_portrait_a3-1086x1536.png 1086w, https:\/\/www.justicepaix.be\/wp-content\/uploads\/2018\/10\/png_affiche_guy_aurenche_portrait_a3-1449x2048.png 1449w\" sizes=\"(max-width: 2339px) 100vw, 2339px\" \/><\/p>\n<div id='gallery-1' class='gallery galleryid-15781 gallery-columns-3 gallery-size-thumbnail'><figure class='gallery-item'>\n\t\t\t<div class='gallery-icon portrait'>\n\t\t\t\t<a href='https:\/\/www.justicepaix.be\/wp-content\/uploads\/2018\/10\/png_affiche_guy_aurenche_portrait_a3.png'><img decoding=\"async\" width=\"150\" height=\"150\" src=\"https:\/\/www.justicepaix.be\/wp-content\/uploads\/2018\/10\/png_affiche_guy_aurenche_portrait_a3-150x150.png\" class=\"attachment-thumbnail size-thumbnail\" alt=\"affiche_guy_aurenche_portrait_a3.png\" \/><\/a>\n\t\t\t<\/div><\/figure><figure class='gallery-item'>\n\t\t\t<div class='gallery-icon portrait'>\n\t\t\t\t<a href='https:\/\/www.justicepaix.be\/wp-content\/uploads\/2018\/10\/png_affiche_guy_aurenche_portrait_a3-2.png'><img decoding=\"async\" width=\"150\" height=\"150\" src=\"https:\/\/www.justicepaix.be\/wp-content\/uploads\/2018\/10\/png_affiche_guy_aurenche_portrait_a3-2-150x150.png\" class=\"attachment-thumbnail size-thumbnail\" alt=\"affiche_guy_aurenche_portrait_a3-2.png\" \/><\/a>\n\t\t\t<\/div><\/figure>\n\t\t<\/div>","protected":false},"excerpt":{"rendered":"<p>\u00c0 partir de ses 45 ann\u00e9es d\u2019engagement en faveur des droits humains, en France et \u00e0 travers le monde, Guy Aurenche s\u2019interroge, en ce 70e anniversaire de la D\u00e9claration Universelle : quelle est aujourd\u2019hui la pertinence du combat pour les droits humains ? Le contexte actuel est fortement d\u00e9favorable ! La crise de la Personne, [&hellip;]<\/p>\n","protected":false},"author":62,"featured_media":15780,"comment_status":"closed","ping_status":"open","sticky":false,"template":"","format":"standard","meta":{"_acf_changed":false,"_seopress_robots_primary_cat":"","_seopress_titles_title":"","_seopress_titles_desc":"","_seopress_robots_index":"","footnotes":""},"categories":[2696],"tags":[],"class_list":["post-15781","post","type-post","status-publish","format-standard","has-post-thumbnail","hentry","category-actualites"],"acf":[],"_links":{"self":[{"href":"https:\/\/www.justicepaix.be\/en\/wp-json\/wp\/v2\/posts\/15781","targetHints":{"allow":["GET"]}}],"collection":[{"href":"https:\/\/www.justicepaix.be\/en\/wp-json\/wp\/v2\/posts"}],"about":[{"href":"https:\/\/www.justicepaix.be\/en\/wp-json\/wp\/v2\/types\/post"}],"author":[{"embeddable":true,"href":"https:\/\/www.justicepaix.be\/en\/wp-json\/wp\/v2\/users\/62"}],"replies":[{"embeddable":true,"href":"https:\/\/www.justicepaix.be\/en\/wp-json\/wp\/v2\/comments?post=15781"}],"version-history":[{"count":0,"href":"https:\/\/www.justicepaix.be\/en\/wp-json\/wp\/v2\/posts\/15781\/revisions"}],"wp:featuredmedia":[{"embeddable":true,"href":"https:\/\/www.justicepaix.be\/en\/wp-json\/wp\/v2\/media\/15780"}],"wp:attachment":[{"href":"https:\/\/www.justicepaix.be\/en\/wp-json\/wp\/v2\/media?parent=15781"}],"wp:term":[{"taxonomy":"category","embeddable":true,"href":"https:\/\/www.justicepaix.be\/en\/wp-json\/wp\/v2\/categories?post=15781"},{"taxonomy":"post_tag","embeddable":true,"href":"https:\/\/www.justicepaix.be\/en\/wp-json\/wp\/v2\/tags?post=15781"}],"curies":[{"name":"wp","href":"https:\/\/api.w.org\/{rel}","templated":true}]}}