{"id":15777,"date":"2018-10-23T12:46:25","date_gmt":"2018-10-23T12:46:25","guid":{"rendered":"https:\/\/demop.netbaz.be\/2021\/jp\/2018\/10\/23\/libre-echange-et-developpement-durable-un-duo-gagnant-le-cas-de-l-accord\/"},"modified":"2021-04-14T11:56:52","modified_gmt":"2021-04-14T11:56:52","slug":"libre-echange-et-developpement-durable-un-duo-gagnant-le-cas-de-l-accord","status":"publish","type":"post","link":"https:\/\/www.justicepaix.be\/en\/libre-echange-et-developpement-durable-un-duo-gagnant-le-cas-de-l-accord\/","title":{"rendered":"Free trade and sustainable development: a winning duo? The case of the trade agreement between the EU and Colombia-Peru-Ecuador"},"content":{"rendered":"<p class=\"post_excerpt\">Les accords commerciaux se sont multipli\u00e9s \u00e0 travers le monde ces derni\u00e8res ann\u00e9es. Selon la Commission europ\u00e9enne, ceux-ci peuvent favoriser le d\u00e9veloppement durable.<br \/>\nL\u2019accord commercial avec la Colombie, le P\u00e9rou et l\u2019Equateur est en application depuis 5 ans. Trois partenaires de ces pays t\u00e9moigneront durant cette conf\u00e9rence-d\u00e9bat des effets de cet accord sur le terrain. Ensuite, des d\u00e9cideurs politiques s\u2019exprimeront sur la valeur de ce nouveau paradigme.<\/p>\n<p><!--more--><br \/>\n<img fetchpriority=\"high\" decoding=\"async\" class=\"aligncenter size-full wp-image-15776\" src=\"http:\/\/demop.netbaz.be\/2021\/jp\/wp-content\/uploads\/2018\/10\/png_j_p-aff_conf-6nov_2018.png\" alt=\"j_p-aff_conf-6nov_2018.png\" align=\"center\" width=\"3683\" height=\"5136\" srcset=\"https:\/\/www.justicepaix.be\/wp-content\/uploads\/2018\/10\/png_j_p-aff_conf-6nov_2018.png 3683w, https:\/\/www.justicepaix.be\/wp-content\/uploads\/2018\/10\/png_j_p-aff_conf-6nov_2018-215x300.png 215w, https:\/\/www.justicepaix.be\/wp-content\/uploads\/2018\/10\/png_j_p-aff_conf-6nov_2018-734x1024.png 734w, https:\/\/www.justicepaix.be\/wp-content\/uploads\/2018\/10\/png_j_p-aff_conf-6nov_2018-768x1071.png 768w, https:\/\/www.justicepaix.be\/wp-content\/uploads\/2018\/10\/png_j_p-aff_conf-6nov_2018-1101x1536.png 1101w, https:\/\/www.justicepaix.be\/wp-content\/uploads\/2018\/10\/png_j_p-aff_conf-6nov_2018-1469x2048.png 1469w\" sizes=\"(max-width: 3683px) 100vw, 3683px\" \/><\/p>\n<h2>***INTERVENANTS :<\/h2>\n<ul>\n<li> <strong>Philippe Lamberts<\/strong>, d\u00e9put\u00e9 europ\u00e9en Ecolo<\/li>\n<li> <strong>Marie Arena<\/strong>, d\u00e9put\u00e9e europ\u00e9enne Socialiste<\/li>\n<li> <strong>Patrick Van Gheel<\/strong>, Dir. politique commerciale, SPF Affaires \u00e9trang\u00e8res<\/li>\n<li> <strong>Michel Cermak<\/strong>, charg\u00e9 de plaidoyer au CNCD<\/li>\n<\/ul>\n<h2>***INVITES : <\/h2>\n<ul>\n<li> <strong>Vanessa Cueto<\/strong>, DAR, P\u00e9rou<\/li>\n<li> <strong>Pablo Iturralde<\/strong>, CDES, Equateur<\/li>\n<li> <strong>Jomary Ortegon<\/strong>, CCAJAR, Colombie<\/li>\n<\/ul>\n<p>Registration required via the form below.<br \/>\nContact : <a href=\"\/en\/geraldine.duquenne@justicepaix.be\/\">geraldine.duquenne@justicepaix.be<\/a> &#8211; 02\/896.95.00<\/p>\n<p><iframe src=\"https:\/\/crm-cjp.be\/spip.php?page=inscription_public&#038;id_operation=146\" width=\"100%\" height=\"1950\"><\/iframe><div id='gallery-1' class='gallery galleryid-15777 gallery-columns-3 gallery-size-thumbnail'><figure class='gallery-item'>\n\t\t\t<div class='gallery-icon portrait'>\n\t\t\t\t<a href='https:\/\/www.justicepaix.be\/wp-content\/uploads\/2018\/10\/png_j_p-aff_conf-6nov_2018.png'><img decoding=\"async\" width=\"150\" height=\"150\" src=\"https:\/\/www.justicepaix.be\/wp-content\/uploads\/2018\/10\/png_j_p-aff_conf-6nov_2018-150x150.png\" class=\"attachment-thumbnail size-thumbnail\" alt=\"j_p-aff_conf-6nov_2018.png\" \/><\/a>\n\t\t\t<\/div><\/figure><figure class='gallery-item'>\n\t\t\t<div class='gallery-icon portrait'>\n\t\t\t\t<a href='https:\/\/www.justicepaix.be\/wp-content\/uploads\/2018\/10\/png_j_p-aff_conf-6nov_2018-2.png'><img decoding=\"async\" width=\"150\" height=\"150\" src=\"https:\/\/www.justicepaix.be\/wp-content\/uploads\/2018\/10\/png_j_p-aff_conf-6nov_2018-2-150x150.png\" class=\"attachment-thumbnail size-thumbnail\" alt=\"j_p-aff_conf-6nov_2018-2.png\" \/><\/a>\n\t\t\t<\/div><\/figure>\n\t\t<\/div>\n<\/p>","protected":false},"excerpt":{"rendered":"<p>Les accords commerciaux se sont multipli\u00e9s \u00e0 travers le monde ces derni\u00e8res ann\u00e9es. Selon la Commission europ\u00e9enne, ceux-ci peuvent favoriser le d\u00e9veloppement durable. L\u2019accord commercial avec la Colombie, le P\u00e9rou et l\u2019Equateur est en application depuis 5 ans. Trois partenaires de ces pays t\u00e9moigneront durant cette conf\u00e9rence-d\u00e9bat des effets de cet accord sur le terrain. [&hellip;]<\/p>\n","protected":false},"author":62,"featured_media":15776,"comment_status":"closed","ping_status":"open","sticky":false,"template":"","format":"standard","meta":{"_acf_changed":false,"_seopress_robots_primary_cat":"","_seopress_titles_title":"","_seopress_titles_desc":"","_seopress_robots_index":"","footnotes":""},"categories":[2696],"tags":[],"class_list":["post-15777","post","type-post","status-publish","format-standard","has-post-thumbnail","hentry","category-actualites"],"acf":[],"_links":{"self":[{"href":"https:\/\/www.justicepaix.be\/en\/wp-json\/wp\/v2\/posts\/15777","targetHints":{"allow":["GET"]}}],"collection":[{"href":"https:\/\/www.justicepaix.be\/en\/wp-json\/wp\/v2\/posts"}],"about":[{"href":"https:\/\/www.justicepaix.be\/en\/wp-json\/wp\/v2\/types\/post"}],"author":[{"embeddable":true,"href":"https:\/\/www.justicepaix.be\/en\/wp-json\/wp\/v2\/users\/62"}],"replies":[{"embeddable":true,"href":"https:\/\/www.justicepaix.be\/en\/wp-json\/wp\/v2\/comments?post=15777"}],"version-history":[{"count":0,"href":"https:\/\/www.justicepaix.be\/en\/wp-json\/wp\/v2\/posts\/15777\/revisions"}],"wp:featuredmedia":[{"embeddable":true,"href":"https:\/\/www.justicepaix.be\/en\/wp-json\/wp\/v2\/media\/15776"}],"wp:attachment":[{"href":"https:\/\/www.justicepaix.be\/en\/wp-json\/wp\/v2\/media?parent=15777"}],"wp:term":[{"taxonomy":"category","embeddable":true,"href":"https:\/\/www.justicepaix.be\/en\/wp-json\/wp\/v2\/categories?post=15777"},{"taxonomy":"post_tag","embeddable":true,"href":"https:\/\/www.justicepaix.be\/en\/wp-json\/wp\/v2\/tags?post=15777"}],"curies":[{"name":"wp","href":"https:\/\/api.w.org\/{rel}","templated":true}]}}