{"id":15753,"date":"2018-10-17T11:47:53","date_gmt":"2018-10-17T11:47:53","guid":{"rendered":"https:\/\/demop.netbaz.be\/2021\/jp\/2018\/10\/17\/jorge-luis-hernandez-castro-frayba\/"},"modified":"2021-04-15T12:41:03","modified_gmt":"2021-04-15T12:41:03","slug":"jorge-luis-hernandez-castro-frayba","status":"publish","type":"post","link":"https:\/\/www.justicepaix.be\/en\/jorge-luis-hernandez-castro-frayba\/","title":{"rendered":"Jorge Luis Hernandez Castro: FRAYBA"},"content":{"rendered":"<p>Jorge Luis Hernandez Castro travaille pour le Centre des droits de l\u2019homme Fray Bartholom\u00e9 de las Casas au Chiapas, Mexique. Plus connue sous le nom de Frayba, l\u2019organisation non gouvernementale a \u00e9t\u00e9 fond\u00e9e en 1989 par l\u2019\u00e9v\u00eaque de San Cristobal de las Casas, Samuel Ruiz Garcia. Constitu\u00e9 afin de donner une r\u00e9ponse aux demandes des peuples dont les droits sont viol\u00e9s, le Centre d\u00e9fend tant les droits humains que le droit \u00e0 l\u2019autod\u00e9termination des peuples. Pour son travail avec les personnes et les communaut\u00e9s d\u00e9plac\u00e9es, en 2014 le Frayba a re\u00e7u le prix des Droits de l\u2019Homme de la R\u00e9publique fran\u00e7aise \u00ab Libert\u00e9-\u00e9galit\u00e9-Fraternit\u00e9 \u00bb.<\/p>\n<p>Jorge Hernandez fait partie de la coordination de l\u2019\u00e9quipe de plaidoyer du Frayba. Il travaille pour le Centre depuis 20 ans et consid\u00e8re le lien entre le Frayba et l\u2019Am\u00e9rique Latine comme un lien historique bas\u00e9 sur les th\u00e8mes de la solidarit\u00e9, de la paix, de la r\u00e9conciliation et des droits humains.<\/p>\n<p><iframe width=\"100%\" height=\"400\" src=\"https:\/\/www.youtube.com\/embed\/dOiEdDUUQ6s\" frameborder=\"0\" allow=\"autoplay; encrypted-media\" allowfullscreen><\/iframe><\/p>\n<p>Les propositions civiles et pacifiques du Frayba suivent une perspective anti-syst\u00e9mique, anticapitaliste et anti-h\u00e9g\u00e9monique, d\u00e9velopp\u00e9e suite \u00e0 un long processus d\u2019apprentissage. Le travail du Frayba s\u2019organise en particulier autour de th\u00e8mes tels que les disparitions et les d\u00e9placements forc\u00e9s, la torture, les ex\u00e9cutions et les d\u00e9tentions arbitraires.<\/p>\n<p><iframe width=\"100%\" height=\"400\" src=\"https:\/\/www.youtube.com\/embed\/wVHdmsntA5Y\" frameborder=\"0\" allow=\"autoplay; encrypted-media\" allowfullscreen><\/iframe><\/p>\n<p>Les actions du Frayba commencent par l\u2019\u00e9coute des victimes de violations de droits humains au Chiapas et la recherche d&rsquo;informations pour ensuite d\u00e9noncer publiquement les violations commises et accompagner en justice les victimes. L\u2019accompagnement de processus populaires et organisationnels en lutte pour leur droits est au c\u0153ur du travail du Frayba, et sont consid\u00e9r\u00e9s essentiels pour assurer une paix fond\u00e9e sur la justice et la dignit\u00e9. Parmi les activit\u00e9s du Frayba, les Brigades Civiles d\u2019Observations (BriCO) promeuvent la solidarit\u00e9 dans les zones du conflit arm\u00e9 interne afin de prot\u00e9ger les communaut\u00e9s menac\u00e9es d\u2019agression et de violations de droits humains. <\/p>\n<p><iframe width=\"100%\" height=\"400\" src=\"https:\/\/www.youtube.com\/embed\/7c9NCcc0Q_s\" frameborder=\"0\" allow=\"autoplay; encrypted-media\" allowfullscreen><\/iframe><\/p>\n<p>La mission du Frayba s\u2019inspire de la r\u00e9alit\u00e9 historique d\u2019injustices qui existe au Mexique. Elle a pour but de soutenir les peuples organis\u00e9s dans la transformation de leur situation \u00e9conomique et politique afin de construire une soci\u00e9t\u00e9 o\u00f9 toute personne et communaut\u00e9 exerce et profite pleinement de ses droits. Il s\u2019agit de trouver et mettre en \u0153uvre une \u00ab Autre Justice \u00bb \u00e0 travers la r\u00e9cup\u00e9ration de la \u00ab m\u00e9moire historique \u00bb, la v\u00e9rit\u00e9, la justice et les moyens de non r\u00e9p\u00e9tition.<\/p>\n<p><iframe width=\"100%\" height=\"400\" src=\"https:\/\/www.youtube.com\/embed\/4Q-IDDBKFT8\" frameborder=\"0\" allow=\"autoplay; encrypted-media\" allowfullscreen><\/iframe><\/p>\n<div id='gallery-1' class='gallery galleryid-15753 gallery-columns-3 gallery-size-thumbnail'><figure class='gallery-item'>\n\t\t\t<div class='gallery-icon landscape'>\n\t\t\t\t<a href='https:\/\/www.justicepaix.be\/wp-content\/uploads\/2018\/10\/png_mexique01.png'><img decoding=\"async\" width=\"150\" height=\"150\" src=\"https:\/\/www.justicepaix.be\/wp-content\/uploads\/2018\/10\/png_mexique01-150x150.png\" class=\"attachment-thumbnail size-thumbnail\" alt=\"mexico01.png\" \/><\/a>\n\t\t\t<\/div><\/figure>\n\t\t<\/div>","protected":false},"excerpt":{"rendered":"<p>Jorge Luis Hernandez Castro travaille pour le Centre des droits de l\u2019homme Fray Bartholom\u00e9 de las Casas au Chiapas, Mexique. Plus connue sous le nom de Frayba, l\u2019organisation non gouvernementale a \u00e9t\u00e9 fond\u00e9e en 1989 par l\u2019\u00e9v\u00eaque de San Cristobal de las Casas, Samuel Ruiz Garcia. Constitu\u00e9 afin de donner une r\u00e9ponse aux demandes des [&hellip;]<\/p>\n","protected":false},"author":1,"featured_media":15754,"comment_status":"closed","ping_status":"open","sticky":false,"template":"","format":"standard","meta":{"_acf_changed":false,"_seopress_robots_primary_cat":"","_seopress_titles_title":"","_seopress_titles_desc":"","_seopress_robots_index":"","footnotes":""},"categories":[2769],"tags":[2771],"class_list":["post-15753","post","type-post","status-publish","format-standard","has-post-thumbnail","hentry","category-alternatives-en-amerique-latine","tag-mexique"],"acf":[],"_links":{"self":[{"href":"https:\/\/www.justicepaix.be\/en\/wp-json\/wp\/v2\/posts\/15753","targetHints":{"allow":["GET"]}}],"collection":[{"href":"https:\/\/www.justicepaix.be\/en\/wp-json\/wp\/v2\/posts"}],"about":[{"href":"https:\/\/www.justicepaix.be\/en\/wp-json\/wp\/v2\/types\/post"}],"author":[{"embeddable":true,"href":"https:\/\/www.justicepaix.be\/en\/wp-json\/wp\/v2\/users\/1"}],"replies":[{"embeddable":true,"href":"https:\/\/www.justicepaix.be\/en\/wp-json\/wp\/v2\/comments?post=15753"}],"version-history":[{"count":0,"href":"https:\/\/www.justicepaix.be\/en\/wp-json\/wp\/v2\/posts\/15753\/revisions"}],"wp:featuredmedia":[{"embeddable":true,"href":"https:\/\/www.justicepaix.be\/en\/wp-json\/wp\/v2\/media\/15754"}],"wp:attachment":[{"href":"https:\/\/www.justicepaix.be\/en\/wp-json\/wp\/v2\/media?parent=15753"}],"wp:term":[{"taxonomy":"category","embeddable":true,"href":"https:\/\/www.justicepaix.be\/en\/wp-json\/wp\/v2\/categories?post=15753"},{"taxonomy":"post_tag","embeddable":true,"href":"https:\/\/www.justicepaix.be\/en\/wp-json\/wp\/v2\/tags?post=15753"}],"curies":[{"name":"wp","href":"https:\/\/api.w.org\/{rel}","templated":true}]}}