{"id":15709,"date":"2018-10-05T16:01:32","date_gmt":"2018-10-05T16:01:32","guid":{"rendered":"https:\/\/demop.netbaz.be\/2021\/jp\/2018\/10\/05\/rdc-exploitation-du-petrole-dans-le-parc-des-virunga-menace-ou-opportunite-de\/"},"modified":"2021-04-14T11:54:32","modified_gmt":"2021-04-14T11:54:32","slug":"rdc-exploitation-du-petrole-dans-le-parc-des-virunga-menace-ou-opportunite-de","status":"publish","type":"post","link":"https:\/\/www.justicepaix.be\/en\/rdc-exploitation-du-petrole-dans-le-parc-des-virunga-menace-ou-opportunite-de\/","title":{"rendered":"DRC \u2013 Oil exploitation in the Virunga Park: threat or opportunity for development? The challenges of decommissioning."},"content":{"rendered":"<p class=\"post_excerpt\">Situ\u00e9 \u00e0 l\u2019Est de la R\u00e9publique D\u00e9mocratique du Congo, le Parc National des Virunga est aujourd\u2019hui consid\u00e9r\u00e9 comme l\u2019un des joyaux de l\u2019Afrique. C\u2019est \u00e0 ce titre qu\u2019il est inscrit au Patrimoine Mondial de l\u2019UNESCO. Le Parc regorge de richesses : il jouit d\u2019une faune et flore exceptionnelles et on y trouve de nombreuses ressources telles que le bois, le p\u00e9trole ou encore du gaz. Les convoitises suscit\u00e9es par ces ressources sont une source intarissable de conflits dans la r\u00e9gion.<\/p>\n<p><!--more--><br \/>\n<img fetchpriority=\"high\" decoding=\"async\" class=\"aligncenter size-full wp-image-15708\" src=\"http:\/\/demop.netbaz.be\/2021\/jp\/wp-content\/uploads\/2018\/10\/jpg_affiche_virunga_final.jpg\" alt=\"affiche_virunga_final.jpg\" align=\"center\" width=\"480\" height=\"672\" srcset=\"https:\/\/www.justicepaix.be\/wp-content\/uploads\/2018\/10\/jpg_affiche_virunga_final.jpg 480w, https:\/\/www.justicepaix.be\/wp-content\/uploads\/2018\/10\/jpg_affiche_virunga_final-214x300.jpg 214w\" sizes=\"(max-width: 480px) 100vw, 480px\" \/><\/p>\n<p>En mai dernier, les autorit\u00e9s congolaises ont annonc\u00e9 un projet de d\u00e9classement de certaines zones du Parc pour les ouvrir \u00e0 l\u2019exploitation p\u00e9troli\u00e8re.<\/p>\n<p>En dehors du fait que ce projet fait peser une lourde menace sur le Parc, on peut s\u2019interroger sur l\u2019opportunit\u00e9 de d\u00e9veloppement qu\u2019il pourrait r\u00e9ellement repr\u00e9senter pour la r\u00e9gion et la population environnante. Enfin, au-del\u00e0 de ce projet particulier, c\u2019est la question de la gouvernance de l\u2019exploitation des ressources naturelles en RD Congo, et du p\u00e9trole en particulier qui est pos\u00e9e. La Belgique peut jouer un r\u00f4le face \u00e0 ces menaces r\u00e9currentes qui p\u00e8sent sur les aires prot\u00e9g\u00e9es de la RD Congo. Elle doit concentrer ses efforts, aux c\u00f4t\u00e9 des autorit\u00e9s congolaises, pour la pr\u00e9servation de ce patrimoine mondial unique. <\/p>\n<p>Pour comprendre ces enjeux cruciaux, nous aurons le plaisir d\u2019accueillir : <\/p>\n<ul>\n<li> <strong>Thomas TEMBO<\/strong>, doctorant en anthropo-histoire africaine \u00e0 l\u2019UCL et \u00e0 la KU Leuven<\/li>\n<li> <strong>M\u00e9lanie GOUBY<\/strong>, journaliste d\u2019investigation &#8211; notamment pour le film \u00ab Virunga \u00bb<\/li>\n<li> <strong>Patrick EDMOND<\/strong>, chercheur ind\u00e9pendant<\/li>\n<li> <strong>Frank DE CONINCK<\/strong>, ambassadeur honoraire et membre du Fonds Virunga- Belgique Asbl.<\/li>\n<\/ul>\n<p>Inscription obligatoire avant le 12 novembre 2018 via le formulaire ci-dessous.<br \/>\nContact : <a href=\"\/en\/clara.debeve@justicepaix.be\/\">clara.debeve@justicepaix.be<\/a> &#8211; 02\/896.95.00<\/p>\n<p><iframe src=\"https:\/\/crm-cjp.be\/spip.php?page=inscription_public&#038;id_operation=144\" width=\"100%\" height=\"1950\"><\/iframe><\/p>\n<div id='gallery-1' class='gallery galleryid-15709 gallery-columns-3 gallery-size-thumbnail'><figure class='gallery-item'>\n\t\t\t<div class='gallery-icon portrait'>\n\t\t\t\t<a href='https:\/\/www.justicepaix.be\/wp-content\/uploads\/2018\/10\/jpg_affiche_virunga_final.jpg'><img decoding=\"async\" width=\"150\" height=\"150\" src=\"https:\/\/www.justicepaix.be\/wp-content\/uploads\/2018\/10\/jpg_affiche_virunga_final-150x150.jpg\" class=\"attachment-thumbnail size-thumbnail\" alt=\"affiche_virunga_final.jpg\" \/><\/a>\n\t\t\t<\/div><\/figure><figure class='gallery-item'>\n\t\t\t<div class='gallery-icon portrait'>\n\t\t\t\t<a href='https:\/\/www.justicepaix.be\/wp-content\/uploads\/2018\/10\/png_affiche_image_conference-2.png'><img decoding=\"async\" width=\"150\" height=\"150\" src=\"https:\/\/www.justicepaix.be\/wp-content\/uploads\/2018\/10\/png_affiche_image_conference-2-150x150.png\" class=\"attachment-thumbnail size-thumbnail\" alt=\"affiche_image_conference-2.png\" \/><\/a>\n\t\t\t<\/div><\/figure>\n\t\t<\/div>","protected":false},"excerpt":{"rendered":"<p>Situ\u00e9 \u00e0 l\u2019Est de la R\u00e9publique D\u00e9mocratique du Congo, le Parc National des Virunga est aujourd\u2019hui consid\u00e9r\u00e9 comme l\u2019un des joyaux de l\u2019Afrique. C\u2019est \u00e0 ce titre qu\u2019il est inscrit au Patrimoine Mondial de l\u2019UNESCO. Le Parc regorge de richesses : il jouit d\u2019une faune et flore exceptionnelles et on y trouve de nombreuses ressources [&hellip;]<\/p>\n","protected":false},"author":62,"featured_media":15708,"comment_status":"closed","ping_status":"open","sticky":false,"template":"","format":"standard","meta":{"_acf_changed":false,"_seopress_robots_primary_cat":"","_seopress_titles_title":"","_seopress_titles_desc":"","_seopress_robots_index":"","footnotes":""},"categories":[2696],"tags":[],"class_list":["post-15709","post","type-post","status-publish","format-standard","has-post-thumbnail","hentry","category-actualites"],"acf":[],"_links":{"self":[{"href":"https:\/\/www.justicepaix.be\/en\/wp-json\/wp\/v2\/posts\/15709","targetHints":{"allow":["GET"]}}],"collection":[{"href":"https:\/\/www.justicepaix.be\/en\/wp-json\/wp\/v2\/posts"}],"about":[{"href":"https:\/\/www.justicepaix.be\/en\/wp-json\/wp\/v2\/types\/post"}],"author":[{"embeddable":true,"href":"https:\/\/www.justicepaix.be\/en\/wp-json\/wp\/v2\/users\/62"}],"replies":[{"embeddable":true,"href":"https:\/\/www.justicepaix.be\/en\/wp-json\/wp\/v2\/comments?post=15709"}],"version-history":[{"count":0,"href":"https:\/\/www.justicepaix.be\/en\/wp-json\/wp\/v2\/posts\/15709\/revisions"}],"wp:featuredmedia":[{"embeddable":true,"href":"https:\/\/www.justicepaix.be\/en\/wp-json\/wp\/v2\/media\/15708"}],"wp:attachment":[{"href":"https:\/\/www.justicepaix.be\/en\/wp-json\/wp\/v2\/media?parent=15709"}],"wp:term":[{"taxonomy":"category","embeddable":true,"href":"https:\/\/www.justicepaix.be\/en\/wp-json\/wp\/v2\/categories?post=15709"},{"taxonomy":"post_tag","embeddable":true,"href":"https:\/\/www.justicepaix.be\/en\/wp-json\/wp\/v2\/tags?post=15709"}],"curies":[{"name":"wp","href":"https:\/\/api.w.org\/{rel}","templated":true}]}}