{"id":15680,"date":"2018-09-27T15:50:55","date_gmt":"2018-09-27T15:50:55","guid":{"rendered":"https:\/\/demop.netbaz.be\/2021\/jp\/2018\/09\/27\/rd-congo-kasai-la-crise-oubliee-repondre-a-l-urgence-pour-consacrer-le\/"},"modified":"2021-04-14T11:54:28","modified_gmt":"2021-04-14T11:54:28","slug":"rd-congo-kasai-la-crise-oubliee-repondre-a-l-urgence-pour-consacrer-le","status":"publish","type":"post","link":"https:\/\/www.justicepaix.be\/en\/rd-congo-kasai-la-crise-oubliee-repondre-a-l-urgence-pour-consacrer-le\/","title":{"rendered":"DR Congo \u2013 Kasa\u00ef: the forgotten crisis Responding to the emergency to promote development #Kasa\u00efNow"},"content":{"rendered":"\n\n<p class=\"post_excerpt\">Au cours de l\u2019\u00e9t\u00e9 2016, le Grand Kasa\u00ef devient le th\u00e9\u00e2tre d\u2019un conflit d\u2019une violence sans pr\u00e9c\u00e9dent dans la r\u00e9gion. Si les origines et \u00e9volutions du conflit ont depuis lors pu \u00eatre identifi\u00e9es, document\u00e9es et analys\u00e9es, les cons\u00e9quences continuent de peser sur la population dans une indiff\u00e9rence g\u00e9n\u00e9ralis\u00e9e. C\u2019est pourquoi Justice et Paix Belgique, en collaboration avec ses partenaires de terrain, a souhait\u00e9 faire un \u00e9tat des lieux des d\u00e9fis qui se posent aujourd\u2019hui dans la r\u00e9gion pr\u00e8s de deux ans apr\u00e8s le d\u00e9but des hostilit\u00e9s. \n<img fetchpriority=\"high\" decoding=\"async\" class=\" alignleft size-full wp-image-15679\" src=\"http:\/\/demop.netbaz.be\/2021\/jp\/wp-content\/uploads\/2018\/09\/png_analyse_clara_kasai.png\" alt=\"analyse_clara_kasai.png\" align=\"left\" width=\"1920\" height=\"1080\" srcset=\"https:\/\/www.justicepaix.be\/wp-content\/uploads\/2018\/09\/png_analyse_clara_kasai.png 1920w, https:\/\/www.justicepaix.be\/wp-content\/uploads\/2018\/09\/png_analyse_clara_kasai-300x169.png 300w, https:\/\/www.justicepaix.be\/wp-content\/uploads\/2018\/09\/png_analyse_clara_kasai-1024x576.png 1024w, https:\/\/www.justicepaix.be\/wp-content\/uploads\/2018\/09\/png_analyse_clara_kasai-768x432.png 768w, https:\/\/www.justicepaix.be\/wp-content\/uploads\/2018\/09\/png_analyse_clara_kasai-1536x864.png 1536w\" sizes=\"(max-width: 1920px) 100vw, 1920px\" \/>\n<\/p>\n\n\n<!--more-->\nC\u2019est en ao\u00fbt 2016 que survient un diff\u00e9rend entre un chef coutumier et les autorit\u00e9s nationales \u00e0 l\u2019origine d\u2019une crise sans pr\u00e9c\u00e9dent dans le Grand Kasa\u00ef en R\u00e9publique D\u00e9mocratique du Congo. Le conflit, tr\u00e8s localis\u00e9 tout d\u2019abord, s\u2019\u00e9tend peu \u00e0 peu \u00e0 la province, puis \u00e0 la r\u00e9gion dans son ensemble <span class=\"footnote_referrer\"><a role=\"button\" tabindex=\"0\" onclick=\"footnote_moveToReference_15680_1('footnote_plugin_reference_15680_1_1');\" onkeypress=\"footnote_moveToReference_15680_1('footnote_plugin_reference_15680_1_1');\" ><sup id=\"footnote_plugin_tooltip_15680_1_1\" class=\"footnote_plugin_tooltip_text\">[1]<\/sup><\/a><span id=\"footnote_plugin_tooltip_text_15680_1_1\" class=\"footnote_tooltip\">La r\u00e9gion est compos\u00e9e de cinq provinces : Kasai, Kasa\u00ef-Central, du Sankuru, de la Lomami et du Kasa\u00ef-oriental.<\/span><\/span><script type=\"text\/javascript\"> jQuery('#footnote_plugin_tooltip_15680_1_1').tooltip({ tip: '#footnote_plugin_tooltip_text_15680_1_1', tipClass: 'footnote_tooltip', effect: 'fade', predelay: 0, fadeInSpeed: 200, delay: 400, fadeOutSpeed: 200, position: 'top center', relative: true, offset: [-7, 0], });<\/script> et atteint son paroxysme dans la premi\u00e8re moiti\u00e9 de l\u2019ann\u00e9e 2017. Diff\u00e9rentes milices voient le jour et r\u00e9pandent la terreur. L&rsquo;arm\u00e9e nationale est envoy\u00e9e sur le terrain pour r\u00e9tablir l\u2019ordre, mais contribue finalement \u00e0 la vague de violence qui d\u00e9ferle sur la r\u00e9gion. Le conflit \u00e9volue finalement pour se transformer en affrontement interethnique au gr\u00e9 de milices interpos\u00e9es et instrumentalis\u00e9es par les diff\u00e9rentes parties prenantes<span class=\"footnote_referrer\"><a role=\"button\" tabindex=\"0\" onclick=\"footnote_moveToReference_15680_1('footnote_plugin_reference_15680_1_2');\" onkeypress=\"footnote_moveToReference_15680_1('footnote_plugin_reference_15680_1_2');\" ><sup id=\"footnote_plugin_tooltip_15680_1_2\" class=\"footnote_plugin_tooltip_text\">[2]<\/sup><\/a><span id=\"footnote_plugin_tooltip_text_15680_1_2\" class=\"footnote_tooltip\">Pour plus d\u2019informations sur le d\u00e9roulement du conflit voir notamment: Rapport Justice et Paix \u2013 Caritas International Belgique \u2013 Kasa\u00ef : une crise symptomatique des maux congolais ?&nbsp;&#x2026; <span class=\"footnote_tooltip_continue\"  onclick=\"footnote_moveToReference_15680_1('footnote_plugin_reference_15680_1_2');\">Continuer la lecture<\/span><\/span><\/span><script type=\"text\/javascript\"> jQuery('#footnote_plugin_tooltip_15680_1_2').tooltip({ tip: '#footnote_plugin_tooltip_text_15680_1_2', tipClass: 'footnote_tooltip', effect: 'fade', predelay: 0, fadeInSpeed: 200, delay: 400, fadeOutSpeed: 200, position: 'top center', relative: true, offset: [-7, 0], });<\/script>. Les affrontements entre bellig\u00e9rants poussent plusieurs milliers de personnes sur les routes, contraintes \u00e0 fuir la violence en se r\u00e9fugiant dans la brousse ou dans les pays voisins. Si la situation s\u2019est stabilis\u00e9e depuis la fin de l\u2019ann\u00e9e 2017, on observe encore des poches sporadiques de violence. La population vit dans des conditions tr\u00e8s difficiles et subit toujours les nombreuses cons\u00e9quences de ce conflit. \n\nCe conflit a d\u00e9j\u00e0 fait plusieurs milliers de morts <span class=\"footnote_referrer\"><a role=\"button\" tabindex=\"0\" onclick=\"footnote_moveToReference_15680_1('footnote_plugin_reference_15680_1_3');\" onkeypress=\"footnote_moveToReference_15680_1('footnote_plugin_reference_15680_1_3');\" ><sup id=\"footnote_plugin_tooltip_15680_1_3\" class=\"footnote_plugin_tooltip_text\">[3]<\/sup><\/a><span id=\"footnote_plugin_tooltip_text_15680_1_3\" class=\"footnote_tooltip\">Conseil des Droits de l\u2019Homme, La situation au Kasa\u00ef, Note du Haut-Commissariat des Nations Unies aux droits de l\u2019Homme, Advace Unedited Version, A\/HRC\/38\/31, 6 juin 2018, point 105.<\/span><\/span><script type=\"text\/javascript\"> jQuery('#footnote_plugin_tooltip_15680_1_3').tooltip({ tip: '#footnote_plugin_tooltip_text_15680_1_3', tipClass: 'footnote_tooltip', effect: 'fade', predelay: 0, fadeInSpeed: 200, delay: 400, fadeOutSpeed: 200, position: 'top center', relative: true, offset: [-7, 0], });<\/script> et laisse derri\u00e8re lui une r\u00e9gion exsangue et d\u00e9vast\u00e9e. Le Grand Kasa\u00ef est historiquement tr\u00e8s pauvre. Totalement enclav\u00e9e, cette zone du pays souffre d\u2019un manque crucial d&rsquo;infrastructures et de voies de communication. L&rsquo;isolement de la r\u00e9gion peut, en partie, expliquer la situation socio-\u00e9conomique qui, conjugu\u00e9e aux nombreuses cons\u00e9quences du conflit, fait peser de lourds d\u00e9fis sur la population kasa\u00efenne. Deux ann\u00e9es apr\u00e8s le d\u00e9but de la crise, les besoins humanitaires restent criants. En parall\u00e8le, toute une s\u00e9rie de questions relatives au vivre-ensemble et \u00e0 la coh\u00e9sion sociale dans les communaut\u00e9s se posent aujourd&rsquo;hui. \n\nFace \u00e0 cette situation, il est urgent que la communaut\u00e9 internationale dont la Belgique, aux c\u00f4t\u00e9s des autorit\u00e9s congolaises, se mobilise. R\u00e9pondre \u00e0 l\u2019urgence, c\u2019est non seulement permettre le retour \u00e0 la stabilit\u00e9 mais aussi, \u00e0 terme, consacrer le d\u00e9veloppement de la r\u00e9gion. \n\n<bloc> R\u00e9pondre \u00e0 l&rsquo;urgence &#8230;\n\nPlus d&rsquo;un an apr\u00e8s l\u2019apog\u00e9e de la crise, la situation humanitaire est aujourd\u2019hui encore tr\u00e8s critique. A cet \u00e9gard, M. Boniface Nakwagelewi Ata-Deagbo, Secr\u00e9taire-ex\u00e9cutif de Caritas Congo soulignait: <em>\u00ab La situation humanitaire en RD Congo est caract\u00e9ris\u00e9e par, d\u2019une part,  un accroissement incessant  du nombre de personnes ayant besoin d\u2019\u00eatre assist\u00e9es  et,  d\u2019autre part,  par la faiblesse des moyens mis \u00e0  la disposition des acteurs humanitaires pour r\u00e9pondre \u00e0 ces besoins. <span class=\"footnote_referrer\"><a role=\"button\" tabindex=\"0\" onclick=\"footnote_moveToReference_15680_1('footnote_plugin_reference_15680_1_4');\" onkeypress=\"footnote_moveToReference_15680_1('footnote_plugin_reference_15680_1_4');\" ><sup id=\"footnote_plugin_tooltip_15680_1_4\" class=\"footnote_plugin_tooltip_text\">[4]<\/sup><\/a><span id=\"footnote_plugin_tooltip_text_15680_1_4\" class=\"footnote_tooltip\">Propos tenus en avril 2018 lors de la Conf\u00e9rence de donateurs organis\u00e9e par les Nations-Unies \u00e0 Gen\u00e8ve.<\/span><\/span><script type=\"text\/javascript\"> jQuery('#footnote_plugin_tooltip_15680_1_4').tooltip({ tip: '#footnote_plugin_tooltip_text_15680_1_4', tipClass: 'footnote_tooltip', effect: 'fade', predelay: 0, fadeInSpeed: 200, delay: 400, fadeOutSpeed: 200, position: 'top center', relative: true, offset: [-7, 0], });<\/script> \u00bb<\/em>\n\nSur l\u2019ensemble du pays, OCHA <span class=\"footnote_referrer\"><a role=\"button\" tabindex=\"0\" onclick=\"footnote_moveToReference_15680_1('footnote_plugin_reference_15680_1_5');\" onkeypress=\"footnote_moveToReference_15680_1('footnote_plugin_reference_15680_1_5');\" ><sup id=\"footnote_plugin_tooltip_15680_1_5\" class=\"footnote_plugin_tooltip_text\">[5]<\/sup><\/a><span id=\"footnote_plugin_tooltip_text_15680_1_5\" class=\"footnote_tooltip\">Bureau des Nations-Unies pour la coordination des affaires humanitaires.<\/span><\/span><script type=\"text\/javascript\"> jQuery('#footnote_plugin_tooltip_15680_1_5').tooltip({ tip: '#footnote_plugin_tooltip_text_15680_1_5', tipClass: 'footnote_tooltip', effect: 'fade', predelay: 0, fadeInSpeed: 200, delay: 400, fadeOutSpeed: 200, position: 'top center', relative: true, offset: [-7, 0], });<\/script> estime qu\u2019en 2018, 1,68 milliard sont n\u00e9cessaires pour financer les besoins humanitaires. Or mi-septembre, seuls 26% de ces fonds ont \u00e9t\u00e9 d\u00e9bloqu\u00e9s. La r\u00e9gion du Kasa\u00ef ne fait pas exception. Des besoins urgents s\u2019y ressentent dans presque tous les domaines : la population a un acc\u00e8s difficile et limit\u00e9 \u00e0 la nourriture, \u00e0 l\u2019eau potable, aux soins de sant\u00e9 primaires, aux articles m\u00e9nagers essentiels, aux abris et latrines, ou encore aux intrants agricoles. On estime aujourd\u2019hui que plus de 3,2 millions de kasa\u00efens d\u00e9plac\u00e9s ont besoin d\u2019une assistance humanitaire. Pourtant seuls 425 000 personnes ont pu b\u00e9n\u00e9ficier de l\u2019aide aujourd\u2019hui <span class=\"footnote_referrer\"><a role=\"button\" tabindex=\"0\" onclick=\"footnote_moveToReference_15680_1('footnote_plugin_reference_15680_1_6');\" onkeypress=\"footnote_moveToReference_15680_1('footnote_plugin_reference_15680_1_6');\" ><sup id=\"footnote_plugin_tooltip_15680_1_6\" class=\"footnote_plugin_tooltip_text\">[6]<\/sup><\/a><span id=\"footnote_plugin_tooltip_text_15680_1_6\" class=\"footnote_tooltip\">Rapport sur la situation de Caritas International \u2013 SITREP, Vuln\u00e9rables de la crise Kasa\u00ef, Avril 2018.<\/span><\/span><script type=\"text\/javascript\"> jQuery('#footnote_plugin_tooltip_15680_1_6').tooltip({ tip: '#footnote_plugin_tooltip_text_15680_1_6', tipClass: 'footnote_tooltip', effect: 'fade', predelay: 0, fadeInSpeed: 200, delay: 400, fadeOutSpeed: 200, position: 'top center', relative: true, offset: [-7, 0], });<\/script>.\n\n<strong>D\u00e9placements de population<\/strong> &#8211; La RD Congo abritait au 31 d\u00e9cembre 2017 plus de 4,49 millions de personnes d\u00e9plac\u00e9es internes. Au Kasa\u00ef, face \u00e0 la mont\u00e9e des violences entre 2016 et 2017, ce sont pr\u00e8s de 1,5 million de congolais qui ont d\u00fb fuir leurs habitations et se r\u00e9fugier dans la brousse voisine pour se mettre \u00e0 l\u2019abri. 35 000 autres ont \u00e9galement fui \u00e0 l\u2019ext\u00e9rieur du pays. Fin 2017, une p\u00e9riode d\u2019accalmie relative a permis aux populations de commencer \u00e0 rentrer chez elles. Elles ont alors retrouv\u00e9 leurs villages, champs et habitations pill\u00e9s et br\u00fbl\u00e9s. Malgr\u00e9 les dynamiques de retour, on estime que  la r\u00e9gion compte encore environ 897 000 personnes d\u00e9plac\u00e9es<span class=\"footnote_referrer\"><a role=\"button\" tabindex=\"0\" onclick=\"footnote_moveToReference_15680_1('footnote_plugin_reference_15680_1_7');\" onkeypress=\"footnote_moveToReference_15680_1('footnote_plugin_reference_15680_1_7');\" ><sup id=\"footnote_plugin_tooltip_15680_1_7\" class=\"footnote_plugin_tooltip_text\">[7]<\/sup><\/a><span id=\"footnote_plugin_tooltip_text_15680_1_7\" class=\"footnote_tooltip\"> OCHA, <a href=\"https:\/\/reliefweb.int\/sites\/reliefweb.int\/files\/resources\/sitrep_l3_rdcongo_no3_vfinale.pdf\">Urgence humanitaire de niveau 3 en RD Congo<\/a>, 22 juin 2018.<\/span><\/span><script type=\"text\/javascript\"> jQuery('#footnote_plugin_tooltip_15680_1_7').tooltip({ tip: '#footnote_plugin_tooltip_text_15680_1_7', tipClass: 'footnote_tooltip', effect: 'fade', predelay: 0, fadeInSpeed: 200, delay: 400, fadeOutSpeed: 200, position: 'top center', relative: true, offset: [-7, 0], });<\/script> . Les retours restent soumis aux al\u00e9as des reprises de violences ponctuelles et localis\u00e9es. A titre d\u2019exemple, on estime que 50 000 personnes ont \u00e9t\u00e9 d\u00e9plac\u00e9es du territoire de Mweka en f\u00e9vrier et mars 2018, tandis que 5 000 autres ont fui la ville de Dibaya en mai 2018 <span class=\"footnote_referrer\"><a role=\"button\" tabindex=\"0\" onclick=\"footnote_moveToReference_15680_1('footnote_plugin_reference_15680_1_8');\" onkeypress=\"footnote_moveToReference_15680_1('footnote_plugin_reference_15680_1_8');\" ><sup id=\"footnote_plugin_tooltip_15680_1_8\" class=\"footnote_plugin_tooltip_text\">[8]<\/sup><\/a><span id=\"footnote_plugin_tooltip_text_15680_1_8\" class=\"footnote_tooltip\">Rapport du Groupe d\u2019\u00e9tude sur le Congo, <a href=\"http:\/\/congoresearchgroup.org\/nouveau-rapport-du-gec-la-crise-au-kasai\/?lang=fr\">Mettre le feu \u00e0 sa propre maison, La crise au Kasa\u00ef : la manipulation du pouvoir coutumier et l\u2019instrumentalisation du d\u00e9sordre<\/a>, Juillet 2018.<\/span><\/span><script type=\"text\/javascript\"> jQuery('#footnote_plugin_tooltip_15680_1_8').tooltip({ tip: '#footnote_plugin_tooltip_text_15680_1_8', tipClass: 'footnote_tooltip', effect: 'fade', predelay: 0, fadeInSpeed: 200, delay: 400, fadeOutSpeed: 200, position: 'top center', relative: true, offset: [-7, 0], });<\/script>. \t\nEn parall\u00e8le des dynamiques de retour, de nombreuses personnes ayant tout perdu durant les affrontements d\u00e9cident de rester dans leur communaut\u00e9 d\u2019accueil pour se reconstruire. \n\nParmi les personnes r\u00e9fugi\u00e9es en Angola, on observe aussi une dynamique de retour, m\u00eame si ceux-ci sont parfois contraints, comme le souligne notamment Caritas. A titre d\u2019exemple les 29 et 30 juillet 2018, 353 congolais se sont fait violemment expulser d\u2019Angola. \t\nEn parall\u00e8le, le Haut-Commissariat aux r\u00e9fugi\u00e9s (HCR) des Nations Unies pr\u00e9voit une hausse des d\u00e9placements de population pour l\u2019ann\u00e9e 2018 en RD Congo : aux 4,49 millions de personnes d\u00e9plac\u00e9es s\u2019ajouteraient 3,01 millions sur l\u2019ensemble du pays (probablement en provenance des r\u00e9gions du Kasa\u00ef, du Nord et Sud-Kivu, du Tanganyika et du Haut-Katanga <span class=\"footnote_referrer\"><a role=\"button\" tabindex=\"0\" onclick=\"footnote_moveToReference_15680_1('footnote_plugin_reference_15680_1_9');\" onkeypress=\"footnote_moveToReference_15680_1('footnote_plugin_reference_15680_1_9');\" ><sup id=\"footnote_plugin_tooltip_15680_1_9\" class=\"footnote_plugin_tooltip_text\">[9]<\/sup><\/a><span id=\"footnote_plugin_tooltip_text_15680_1_9\" class=\"footnote_tooltip\">UNHCR, Congolese situation. Responding to the needs of displaced congolese and refugees. Supplementary appeal January \u2013 December 2018.<\/span><\/span><script type=\"text\/javascript\"> jQuery('#footnote_plugin_tooltip_15680_1_9').tooltip({ tip: '#footnote_plugin_tooltip_text_15680_1_9', tipClass: 'footnote_tooltip', effect: 'fade', predelay: 0, fadeInSpeed: 200, delay: 400, fadeOutSpeed: 200, position: 'top center', relative: true, offset: [-7, 0], });<\/script>. \n\nOn constate donc que la situation n\u2019est pas stabilis\u00e9e. Tant parmi les d\u00e9plac\u00e9s que les r\u00e9fugi\u00e9s, des dynamiques contradictoires s\u2019observent : alors que certains rentrent chez eux, d\u2019autres encore ne souhaitent pas encore retourner chez eux et d\u2019autres continuent \u00e0 fuir. \n\n\n<strong>La situation du Dioc\u00e8se de Mweka <\/strong> :\n\n<em>\u00abLa nuit du 20 Mai 2018, jour de la Pentec\u00f4te, dans une communaut\u00e9 du Dioc\u00e8se, non loin de  Kinda, il y a encore eu un th\u00e9\u00e2tre de violence et des morts provoqu\u00e9es par l\u2019attaque des milices. Sept morts et une quinzaine de personnes gravement bless\u00e9es. Ceci se passe au moment o\u00f9 nous sommes dans un processus pour lancer le dialogue et la r\u00e9conciliation entre les communaut\u00e9s divis\u00e9es. Mais ils sont encore nombreux ceux qui ont tout perdu, maisons et biens br\u00fbl\u00e9s. Ils n\u2019osent pas encore revenir dans leur milieu par crainte de mettre leur vie en danger. Ils sont un poids qui devient insupportable pour les communaut\u00e9s d\u2019accueil. Maintenant que nous sommes en saison s\u00e8che et qu\u2019ils n\u2019ont rien produit aux champs, qu\u2019ils ont tout perdu, ils sont tr\u00e8s d\u00e9pendants et la vie est de plus en plus menac\u00e9e par faute de moyens.\nSelon les \u00e9tudes faites par la Caritas, le nombre des d\u00e9plac\u00e9s par  ce ph\u00e9nom\u00e8ne de la milice des Kamuina Nsapu dans notre Dioc\u00e8se est estim\u00e9 \u00e0 20 987 personnes, avec un va- et-vient continuel occasionn\u00e9 par les nouvelles violences et les mouvements de populations sur fond d\u2019abus, d\u2019exactions et diverses violations des droits humains.\u00bb <\/em> \nPropos recueillis aupr\u00e8s de l\u2019\u00e9v\u00eaque Mgr Oscar Nkolo Kanowa\n\n<strong>Malnutrition<\/strong> &#8211; Les personnes ayant fuit les violences au paroxysme de la crise, ont d\u00fb abandonner leurs champs et habitations. Et les cons\u00e9quences s\u2019en font ressentir aujourd\u2019hui encore. Un s\u00e9jour de plusieurs mois en brousse les a emp\u00each\u00e9s de semer, cultiver et r\u00e9colter leurs champs en amenuisant la production disponible pour l\u2019ann\u00e9e 2018 et provoquant ainsi un taux de malnutrition s\u00e9v\u00e8re \u00e9lev\u00e9 dans la r\u00e9gion aujourd\u2019hui. Les dioc\u00e8ses de Luiza, Luebo et Mweka ainsi que les villes de Kananga et Mbuji-Mayi sont particuli\u00e8rement touch\u00e9s. On compte pr\u00e8s de 3,2 millions de kasa\u00efens en besoin d\u2019aide alimentaire. Et les premi\u00e8res victimes sont les enfants. UNICEF indiquait en mai 2018, que plus de 770 000 enfants de moins de 5 ans souffrent de malnutrition aig\u00fce dans la r\u00e9gion, dont 400 000 sont en \u00e9tat de grave d\u00e9nutrition. Soit un enfant sur dix. \n\nLes \u00e9v\u00eaques ont alert\u00e9 sur les risques d\u2019aggravation de la situation pour la saison s\u00e8che durant laquelle, m\u00eame en p\u00e9riode \u00ab normale \u00bb, on observe des p\u00e9nuries <span class=\"footnote_referrer\"><a role=\"button\" tabindex=\"0\" onclick=\"footnote_moveToReference_15680_1('footnote_plugin_reference_15680_1_10');\" onkeypress=\"footnote_moveToReference_15680_1('footnote_plugin_reference_15680_1_10');\" ><sup id=\"footnote_plugin_tooltip_15680_1_10\" class=\"footnote_plugin_tooltip_text\">[10]<\/sup><\/a><span id=\"footnote_plugin_tooltip_text_15680_1_10\" class=\"footnote_tooltip\">CENCO, <a href=\"http:\/\/cenco.org\/tag\/les-eveques-tirent-la-sonnette-dalarme\/\">Malnutrition dans le Kasa\u00ef :les \u00e9v\u00eaques tirent la sonnette d\u2019alarme<\/a>, 26 juin 2018.<\/span><\/span><script type=\"text\/javascript\"> jQuery('#footnote_plugin_tooltip_15680_1_10').tooltip({ tip: '#footnote_plugin_tooltip_text_15680_1_10', tipClass: 'footnote_tooltip', effect: 'fade', predelay: 0, fadeInSpeed: 200, delay: 400, fadeOutSpeed: 200, position: 'top center', relative: true, offset: [-7, 0], });<\/script>. Ils ont ainsi lanc\u00e9 un appel \u00e0 la communaut\u00e9 internationale pour qu\u2019elle renforce les moyens humanitaires mis \u00e0 disposition dans la r\u00e9gion. \n\n<strong>Situation sanitaire <\/strong> &#8211; Dans la r\u00e9gion, les besoins sanitaires sont \u00e9normes. En effet, cons\u00e9quences de la crise, les centres de sant\u00e9 sont d\u00e9truits et le personnel m\u00e9dical a fui. De nombreuses communaut\u00e9s n\u2019ont ainsi plus acc\u00e8s aux maigres services dont elles b\u00e9n\u00e9ficiaient auparavant. \n\nLa r\u00e9gion souffre aussi de la pr\u00e9sence de nombreuses maladies ainsi que d\u2019\u00e9pid\u00e9mies dont l\u2019ampleur est exacerb\u00e9e en raison de ce manque criant de structures et d\u2019acc\u00e8s aux soins. \n\nBien qu\u2019elle ait \u00e9t\u00e9 en partie occult\u00e9e par l\u2019\u00e9pid\u00e9mie d\u2019Ebola qui a resurgi dans la zone de Bikoro en \u00c9quateur, et sur laquelle s\u2019est concentr\u00e9e la communaut\u00e9 humanitaire, une grave \u00e9pid\u00e9mie de chol\u00e9ra s\u00e9vit actuellement dans la r\u00e9gion du Kasa\u00ef. Une fois l\u2019alerte donn\u00e9e, il aura fallu cinq semaines aux organisations humanitaires pour intervenir. \n\n<strong>R\u00e9habilitation des infrastructures<\/strong> &#8211; Les milices coutumi\u00e8res ont eu la particularit\u00e9 de vouloir d\u00e9truire, entre autres, les \u00e9difices \u00e9manant de l\u2019\u00c9tat central, laissant ainsi des villages entiers d\u00e9munis de toute structure. Entre ao\u00fbt 2016 et f\u00e9vrier 2017, UNICEF d\u00e9nombre 416 \u00e9coles d\u00e9truites dans la r\u00e9gion du Kasa\u00ef ainsi que 224 centres de sant\u00e9 <span class=\"footnote_referrer\"><a role=\"button\" tabindex=\"0\" onclick=\"footnote_moveToReference_15680_1('footnote_plugin_reference_15680_1_11');\" onkeypress=\"footnote_moveToReference_15680_1('footnote_plugin_reference_15680_1_11');\" ><sup id=\"footnote_plugin_tooltip_15680_1_11\" class=\"footnote_plugin_tooltip_text\">[11]<\/sup><\/a><span id=\"footnote_plugin_tooltip_text_15680_1_11\" class=\"footnote_tooltip\">UNICEF, Kasa\u00ef : les enfants, premi\u00e8res victimes de la crise, Mai 2018.<\/span><\/span><script type=\"text\/javascript\"> jQuery('#footnote_plugin_tooltip_15680_1_11').tooltip({ tip: '#footnote_plugin_tooltip_text_15680_1_11', tipClass: 'footnote_tooltip', effect: 'fade', predelay: 0, fadeInSpeed: 200, delay: 400, fadeOutSpeed: 200, position: 'top center', relative: true, offset: [-7, 0], });<\/script>. \n\nLes cons\u00e9quences sont l\u00e0 encore dramatiques puisque dans une r\u00e9gion tr\u00e8s pauvre, dans un contexte d\u2019\u00e9pid\u00e9mie (chol\u00e9ra) et de crise alimentaire, les dispensaires de sant\u00e9 sont plus que jamais n\u00e9cessaires. Or, en raison du manque de moyens \u00e0 disposition des populations, les infrastructures n\u2019ont, pour la plupart, pas encore \u00e9t\u00e9 r\u00e9habilit\u00e9es. Les enfants quant \u00e0 eux, p\u00e2tissent \u00e9galement de la situation puisqu\u2019en l\u2019absence d\u2019\u00e9cole, ils sont d\u00e9scolaris\u00e9s pour des temps longs. En 2017, un demi-million d\u2019enfants dans la r\u00e9gion n\u2019ont pas pu terminer leur ann\u00e9e scolaire et quelque 60 000 \u00e9l\u00e8ves du primaire n\u2019ont pas pu passer leurs examens de fin de cycle.\n\nLa lenteur voire l\u2019absence de r\u00e9ponse \u00e0 certains de ces besoins de premi\u00e8re n\u00e9cessit\u00e9 amoindrit la r\u00e9silience des populations et contribue \u00e0 envenimer une situation propice au prolongement et \u00e0 l\u2019enlisement du conflit. \n<\/bloc>\n\n<bloc> \u2026 Pour consacrer le d\u00e9veloppement \n\nEn parall\u00e8le de ces besoins primaires urgents, la population se trouve \u00e9galement \u00e0 la crois\u00e9e de nombreux autres d\u00e9fis d\u2019ordre plus structurel auxquels il faudra \u00e9galement r\u00e9pondre pour retrouver la stabilit\u00e9 et consacrer ainsi le d\u00e9veloppement \u00e0 plus long terme de la r\u00e9gion et le retour \u00e0 la paix durable.\n\nLes principales victimes de ce conflit ont \u00e9t\u00e9 les populations civiles. Ces derni\u00e8res ont subi des violences ainsi que de nombreuses violations de leurs droits fondamentaux. Les populations ont \u00e9t\u00e9 confront\u00e9es \u00e0 la peur, au pillage, \u00e0 la fuite, aux mutilations, viols et autres formes de violence sexuelle ainsi qu\u2019\u00e0 des massacres. Elles ont, \u00e0 pr\u00e9sent, besoin de soutien et d\u2019une prise en charge pour r\u00e9pondre, d\u2019une part \u00e0 leurs besoins \u00e9voqu\u00e9s ci-dessus et d\u2019autre part \u00e0 la reconstruction du tissu social qui a \u00e9t\u00e9 gravement mis \u00e0 mal par le conflit. Un appui psychologique des victimes, ainsi qu\u2019un besoin d\u2019accompagnement pour la r\u00e9instauration d\u2019un vivre-ensemble apais\u00e9 est crucial.  \n\n<strong>Initiatives pour la paix<\/strong> &#8211; Pour pouvoir reconstruire le tissu social, plusieurs \u00e9tapes sont n\u00e9cessaires, telles que notamment : la fin des hostilit\u00e9s et le retour \u00e0 la s\u00e9curit\u00e9, le suivi psychologique des jeunes bless\u00e9s et traumatis\u00e9s, la d\u00e9mobilisation des miliciens, la r\u00e9int\u00e9gration des ex-miliciens (y compris des enfants soldats) dans les communaut\u00e9s par un travail de r\u00e9conciliation, et enfin la poursuite des responsables des crimes et violations de droits humains. \n\nMalgr\u00e9 quelques initiatives localis\u00e9es, l\u2019\u00c9tat n\u2019a pas r\u00e9ellement pris la mesure des causes qui ont fait \u00e9merger ce conflit et n\u2019a pas pris en charge la r\u00e9solution de ce dernier. Cela peut en partie expliquer pourquoi les \u00e9pisodes de violence se poursuivent. Le Forum pour la paix organis\u00e9 en septembre 2017 \u00e0 Kananga par les autorit\u00e9s nationales n\u2019a pas r\u00e9ussi \u00e0 atteindre l\u2019objectif ambitieux qui avait \u00e9t\u00e9 donn\u00e9 pour ces quatre jours de travail : permettre aux habitants de se parler et d\u2019\u00e9tablir les responsabilit\u00e9s dans les affrontements tr\u00e8s meurtriers qui ont eu lieu ces derniers mois entre l\u2019arm\u00e9e congolaise et la milice Kamuina Nsapu. \n\nPar ailleurs, et malgr\u00e9 l\u2019importance du nombre de recrues dans les milices, l\u2019\u00c9tat n\u2019a pas mis en place de plan de d\u00e9mobilisation. Cette question est pourtant cruciale. En effet, de nombreux groupes arm\u00e9s se sont constitu\u00e9s tout au long du conflit. Le Congo Research Group en a identifi\u00e9 une vingtaine <span class=\"footnote_referrer\"><a role=\"button\" tabindex=\"0\" onclick=\"footnote_moveToReference_15680_1('footnote_plugin_reference_15680_1_12');\" onkeypress=\"footnote_moveToReference_15680_1('footnote_plugin_reference_15680_1_12');\" ><sup id=\"footnote_plugin_tooltip_15680_1_12\" class=\"footnote_plugin_tooltip_text\">[12]<\/sup><\/a><span id=\"footnote_plugin_tooltip_text_15680_1_12\" class=\"footnote_tooltip\">Rapport du Groupe d\u2019\u00e9tude sur le Congo, <a href=\"http:\/\/congoresearchgroup.org\/nouveau-rapport-du-gec-la-crise-au-kasai\/?lang=fr\">Mettre le feu \u00e0 sa propre maison, La crise au Kasa\u00ef : la manipulation du pouvoir coutumier et l\u2019instrumentalisation du d\u00e9sordre<\/a>, Juillet 2018, page 34.<\/span><\/span><script type=\"text\/javascript\"> jQuery('#footnote_plugin_tooltip_15680_1_12').tooltip({ tip: '#footnote_plugin_tooltip_text_15680_1_12', tipClass: 'footnote_tooltip', effect: 'fade', predelay: 0, fadeInSpeed: 200, delay: 400, fadeOutSpeed: 200, position: 'top center', relative: true, offset: [-7, 0], });<\/script>. Plusieurs d\u2019entre eux sont toujours actifs et continuent de recruter (notamment des enfants). L\u2019absence de strat\u00e9gie face \u00e0 ce conflit augmente le risque d\u2019enlisement des dynamiques de violence dans la r\u00e9gion.  \n\n<strong>Les jeunes<\/strong> &#8211; Les jeunes sont des acteurs cruciaux pour la reconstruction d\u2019une paix durable. Parmi la population civile, les premi\u00e8res victimes du conflit ont \u00e9t\u00e9 les enfants. Ces derniers ont \u00e9t\u00e9 affect\u00e9s de diff\u00e9rentes mani\u00e8res : certains souffrent directement des cons\u00e9quences de la crise humanitaire qui s\u00e9vit dans la r\u00e9gion (notamment en termes d\u2019alimentation), d\u2019autres ont \u00e9t\u00e9 directement impliqu\u00e9s dans les combats par le recrutement dans des milices. \n\n<em>\u00ab [Les enfants] ont \u00e9t\u00e9 \u00e0 la fois les principales victimes et les principaux acteurs de violence \u00bb<\/em> Rapport des Nations Unies, Juin 2018. \n\nDurant les mois d\u2019affrontement, les enfants constituaient 60% des rangs des miliciens \u00e0 travers la r\u00e9gion. Les chiffres sont s\u00fbrement plus \u00e9lev\u00e9s en r\u00e9alit\u00e9. Ils ont \u00e9t\u00e9 t\u00e9moins, et \u00e0 l\u2019origine parfois, d\u2019actes d\u2019une violence inou\u00efe. \n\n\u00ab Certains ont vu leurs parents battus, d\u00e9capit\u00e9s ou leur m\u00e8re viol\u00e9e. Beaucoup d\u2019entre eux ont \u00e9t\u00e9 forc\u00e9s de combattre, plac\u00e9s en premi\u00e8re ligne sans arme ou avec des armes factices, des couteaux ou, parfois, des fusils traditionnels. Ils ont \u00e9t\u00e9 oblig\u00e9s de tuer et de d\u00e9capiter. <span class=\"footnote_referrer\"><a role=\"button\" tabindex=\"0\" onclick=\"footnote_moveToReference_15680_1('footnote_plugin_reference_15680_1_13');\" onkeypress=\"footnote_moveToReference_15680_1('footnote_plugin_reference_15680_1_13');\" ><sup id=\"footnote_plugin_tooltip_15680_1_13\" class=\"footnote_plugin_tooltip_text\">[13]<\/sup><\/a><span id=\"footnote_plugin_tooltip_text_15680_1_13\" class=\"footnote_tooltip\">Conseil des Droits de l\u2019Homme, La situation au Kasa\u00ef, Note du Haut-Commissariat des Nations Unies aux droits de l\u2019Homme, Advace Unedited Version, A\/HRC\/38\/31, 6 juin 2018.<\/span><\/span><script type=\"text\/javascript\"> jQuery('#footnote_plugin_tooltip_15680_1_13').tooltip({ tip: '#footnote_plugin_tooltip_text_15680_1_13', tipClass: 'footnote_tooltip', effect: 'fade', predelay: 0, fadeInSpeed: 200, delay: 400, fadeOutSpeed: 200, position: 'top center', relative: true, offset: [-7, 0], });<\/script>\u00bb \n\nCes enfants soldats ont donc \u00e9t\u00e9 acteurs de violence, mais ils p\u00e2tissent aujourd\u2019hui des lourdes cons\u00e9quences de ces enr\u00f4lements. Les enfants sont choqu\u00e9s et cela s\u2019exprime par des troubles du comportement. Ils ont besoin d\u2019assistance psychologique pour se remettre des traumatismes v\u00e9cus. De plus, ils sont souvent stigmatis\u00e9s et rejet\u00e9s par les communaut\u00e9s ainsi que par leur propre famille \u00e0 leur retour <span class=\"footnote_referrer\"><a role=\"button\" tabindex=\"0\" onclick=\"footnote_moveToReference_15680_1('footnote_plugin_reference_15680_1_14');\" onkeypress=\"footnote_moveToReference_15680_1('footnote_plugin_reference_15680_1_14');\" ><sup id=\"footnote_plugin_tooltip_15680_1_14\" class=\"footnote_plugin_tooltip_text\">[14]<\/sup><\/a><span id=\"footnote_plugin_tooltip_text_15680_1_14\" class=\"footnote_tooltip\">Voa Afrique, <a href=\"https:\/\/www.voaafrique.com\/a\/en-rd-congo-la-difficile-reinsertion-des-anciens-enfants-miliciens\/4345349.html\">La difficile r\u00e9insertion des anciens enfants miliciens en RD Congo<\/a>, 13 avril 2018.<\/span><\/span><script type=\"text\/javascript\"> jQuery('#footnote_plugin_tooltip_15680_1_14').tooltip({ tip: '#footnote_plugin_tooltip_text_15680_1_14', tipClass: 'footnote_tooltip', effect: 'fade', predelay: 0, fadeInSpeed: 200, delay: 400, fadeOutSpeed: 200, position: 'top center', relative: true, offset: [-7, 0], });<\/script>.  \n\nDans la r\u00e9gion, plusieurs initiatives ont \u00e9t\u00e9 mises en place pour accueillir les enfants et les aider, et ce notamment par le Bureau National de l\u2019enfance, l\u2019UNICEF, la MONUSCO ou encore les Commissions Dioc\u00e9saines Justice et Paix. Mais une fois de plus, il n\u2019y a pas de plan structurel pour aider ces enfants. Or, en ignorant la probl\u00e9matique des jeunes au travers du conflit kasa\u00efen, on comprend que c\u2019est tout l\u2019avenir de la r\u00e9gion qui est hypoth\u00e9qu\u00e9, avec d\u2019une part les enfants soldats qui, suite \u00e0 leur enr\u00f4lement, sont marginalis\u00e9s et risquent de se tourner \u00e0 nouveau vers la violence, et d\u2019autre part des enfants priv\u00e9s d\u2019acc\u00e8s \u00e0 l\u2019\u00e9ducation dans l\u2019ensemble de la r\u00e9gion suite \u00e0 la destruction des infrastructures.\n\n<em>\u00ab Les enfants innocents sont toujours les victimes de la violence des parents. \u00bb<\/em> Mgr. Oscar Nkolo Kanowa &#8211; \u00e9v\u00eaque de Mweka. \n\n<strong>Contexte socio-\u00e9conomique <\/strong> &#8211; Si cette dynamique d\u2019enr\u00f4lement aupr\u00e8s des jeunes par les milices a \u00e9t\u00e9 si massive, cela s\u2019explique en partie par le contexte socio-\u00e9conomique dans lequel ces jeunes \u00e9voluent.<em> \u00ab C\u2019est le ch\u00f4mage qui a conduit beaucoup de jeunes \u00e0 embrasser le mouvement insurrectionnel pour adh\u00e9rer au discours du Chef Kamuina Nsapu qui leur promettait des emplois. Cela reste un des facteurs non n\u00e9gligeable d\u2019instabilit\u00e9 et de fragilit\u00e9 \u00bb<\/em> souligne l\u2019Abb\u00e9 Gabriel Nyimemunda de la Commission Dioc\u00e9saine Justice et Paix (CDJP) Kananga. Et Monseigneur Nkolo Kanowa de rajouter :  <em>\u00ab Cette situation est au fond la cons\u00e9quence de l\u2019insupportable  pauvret\u00e9 de notre peuple, du manque de tout, du ch\u00f4mage, de l\u2019impossibilit\u00e9 d\u2019aller \u00e0 l\u2019\u00e9cole par manque d\u2019argent, de l\u2019exp\u00e9rience d\u2019un pr\u00e9sent ferm\u00e9 et d\u2019un futur plus qu\u2019incertain qui ont fait \u00e9clater et r\u00e9volter ces jeunes contre tous et en ont fait des agents et des victimes d\u2019une violence indescriptible.\u00bb<\/em> Ces jeunes sont, pour lui,<em> \u00ab une bombe \u00e0 retardement \u00bb<\/em>. L\u2019\u00e9v\u00eaque insiste sur la n\u00e9cessit\u00e9 de r\u00e9habiliter les infrastructures communautaires : avoir des \u00e9coles de m\u00e9tiers\/de formation, des centres de sant\u00e9, cr\u00e9er des activit\u00e9s, des occupations qui tout en servant la communaut\u00e9, peuvent  permettre \u00e0 ces jeunes de gagner dignement leur vie, avant qu\u2019ils ne soient r\u00e9cup\u00e9r\u00e9s encore par des groupes arm\u00e9s. Des initiatives ont \u00e9t\u00e9 prises dans ce sens, mais ces projets ponctuels ne pourront suffire \u00e0 endiguer un probl\u00e8me structurel de pauvret\u00e9 de la r\u00e9gion. Le gouvernement, souhaitant offrir aux jeunes des opportunit\u00e9s \u00e9conomiques pour les emp\u00eacher de reprendre les armes, a offert \u00e0 certains ex-miliciens des postes aupr\u00e8s du gouverneur de la r\u00e9gion <span class=\"footnote_referrer\"><a role=\"button\" tabindex=\"0\" onclick=\"footnote_moveToReference_15680_1('footnote_plugin_reference_15680_1_15');\" onkeypress=\"footnote_moveToReference_15680_1('footnote_plugin_reference_15680_1_15');\" ><sup id=\"footnote_plugin_tooltip_15680_1_15\" class=\"footnote_plugin_tooltip_text\">[15]<\/sup><\/a><span id=\"footnote_plugin_tooltip_text_15680_1_15\" class=\"footnote_tooltip\">Slate Afrique, <a href=\"http:\/\/www.slateafrique.com\/847457\/violences-au-kasai-en-rdc-dex-miliciens-kamuina-nsapu-promus\">Violences au Kasa\u00ef des ex-miliciens Kamuina Nsapu promus<\/a>,  24 avril 2018.<\/span><\/span><script type=\"text\/javascript\"> jQuery('#footnote_plugin_tooltip_15680_1_15').tooltip({ tip: '#footnote_plugin_tooltip_text_15680_1_15', tipClass: 'footnote_tooltip', effect: 'fade', predelay: 0, fadeInSpeed: 200, delay: 400, fadeOutSpeed: 200, position: 'top center', relative: true, offset: [-7, 0], });<\/script>. Si la volont\u00e9 d\u2019agir peut \u00eatre salu\u00e9e, cette d\u00e9marche interroge quant \u00e0 l\u2019impunit\u00e9 de ces personnes pour les crimes qu\u2019elles ont commis. Cela risque \u00e9galement de susciter des jalousies vis-\u00e0-vis des autres jeunes qui sont \u00e9galement \u00e9conomiquement exsangues mais qui n\u2019ont pas pour autant particip\u00e9 aux violences et qui pourraient lire dans de telles actions une sorte de \u00ab reconnaissance \u00bb. L\u2019Abb\u00e9 Gabriel Nyimemunda souligne ainsi : <em>\u00ab il faudra  r\u00e9fl\u00e9chir au m\u00e9canisme de cr\u00e9ation des emplois, non seulement pour les ex- miliciens, mais aussi pour les victimes de mani\u00e8re plus g\u00e9n\u00e9rale. Car, donner seulement de l\u2019emploi aux ex-miliciens serait une r\u00e9compense au mal. Il faut une approche globale qui int\u00e8gre tout le monde \u00bb<\/em>. Les \u00e9lections du 23 d\u00e9cembre 2018 seront aussi l\u2019occasion pour les kasa\u00efens de revendiquer le respect de leurs droits \u00e9conomiques et sociaux fondamentaux.\n\n<strong>Lutte contre l\u2019impunit\u00e9<\/strong> &#8211; Les personnes qui se sont rendues coupables de violences et de graves violations des droits humains, qu\u2019il s\u2019agisse de miliciens ou de combattants de l\u2019arm\u00e9e r\u00e9guli\u00e8re, ne peuvent rester impunis pour les actes qu\u2019ils ont commis. En juin dernier, les Nations Unies ont publi\u00e9 un rapport suite \u00e0 l\u2019enqu\u00eate conduite par trois experts internationaux sur le terrain <span class=\"footnote_referrer\"><a role=\"button\" tabindex=\"0\" onclick=\"footnote_moveToReference_15680_1('footnote_plugin_reference_15680_1_16');\" onkeypress=\"footnote_moveToReference_15680_1('footnote_plugin_reference_15680_1_16');\" ><sup id=\"footnote_plugin_tooltip_15680_1_16\" class=\"footnote_plugin_tooltip_text\">[16]<\/sup><\/a><span id=\"footnote_plugin_tooltip_text_15680_1_16\" class=\"footnote_tooltip\">Conseil des Droits de l\u2019Homme, La situation au Kasa\u00ef, Note du Haut-Commissariat des Nations Unies aux droits de l\u2019Homme, Advace Unedited Version, A\/HRC\/38\/31, 6 juin 2018.<\/span><\/span><script type=\"text\/javascript\"> jQuery('#footnote_plugin_tooltip_15680_1_16').tooltip({ tip: '#footnote_plugin_tooltip_text_15680_1_16', tipClass: 'footnote_tooltip', effect: 'fade', predelay: 0, fadeInSpeed: 200, delay: 400, fadeOutSpeed: 200, position: 'top center', relative: true, offset: [-7, 0], });<\/script>. <em>Ces derniers se sont dits \u00ab choqu\u00e9s par l\u2019ampleur des violences qui ont fait des milliers de morts et par la situation d\u00e9sastreuse des droits de l\u2019homme qui perdure dans la r\u00e9gion du Kasa\u00ef depuis 2016 \u00bb<\/em>. \t\n\nJusqu\u2019\u00e0 pr\u00e9sent quelques poursuites ont \u00e9t\u00e9 engag\u00e9es mais elles restent largement insuffisantes et peu d\u2019entre elles ont abouti. L\u2019Abb\u00e9 Gabriel Nyimemunda soulignait ainsi : <em>\u00ab Il n\u2019est pas acceptable que les victimes voient aujourd\u2019hui leurs bourreaux libres de tout  mouvement sans que la justice ne les interpelle. \u00bb<\/em>\n\nEn juin 2018, Amnesty International a ainsi interpell\u00e9 le Conseil des Droits de l\u2019Homme des Nations-Unies <span class=\"footnote_referrer\"><a role=\"button\" tabindex=\"0\" onclick=\"footnote_moveToReference_15680_1('footnote_plugin_reference_15680_1_17');\" onkeypress=\"footnote_moveToReference_15680_1('footnote_plugin_reference_15680_1_17');\" ><sup id=\"footnote_plugin_tooltip_15680_1_17\" class=\"footnote_plugin_tooltip_text\">[17]<\/sup><\/a><span id=\"footnote_plugin_tooltip_text_15680_1_17\" class=\"footnote_tooltip\">Amnesty International, Amnesty International written statement to the 38th session of the UN Human Rights Council (18 June \u2013 6 July 2018), 27 june 2018.<\/span><\/span><script type=\"text\/javascript\"> jQuery('#footnote_plugin_tooltip_15680_1_17').tooltip({ tip: '#footnote_plugin_tooltip_text_15680_1_17', tipClass: 'footnote_tooltip', effect: 'fade', predelay: 0, fadeInSpeed: 200, delay: 400, fadeOutSpeed: 200, position: 'top center', relative: true, offset: [-7, 0], });<\/script> pour d\u00e9noncer les violations des droits humains qui se poursuivent dans la r\u00e9gion du Kasa\u00ef. L\u2019organisation a notamment dress\u00e9 une liste de violations graves de droits humains qui n\u2019ont pour l\u2019instant fait l\u2019objet d\u2019aucune enqu\u00eate de la part des autorit\u00e9s nationales laissant ainsi les responsables de ces crimes impunis. Or ces derniers ne peuvent le rester et devraient \u00eatre poursuivis aupr\u00e8s de la Cour P\u00e9nale Internationale si les autorit\u00e9s congolaises n\u2019entreprennent pas de d\u00e9marche devant les juridictions nationales <span class=\"footnote_referrer\"><a role=\"button\" tabindex=\"0\" onclick=\"footnote_moveToReference_15680_1('footnote_plugin_reference_15680_1_18');\" onkeypress=\"footnote_moveToReference_15680_1('footnote_plugin_reference_15680_1_18');\" ><sup id=\"footnote_plugin_tooltip_15680_1_18\" class=\"footnote_plugin_tooltip_text\">[18]<\/sup><\/a><span id=\"footnote_plugin_tooltip_text_15680_1_18\" class=\"footnote_tooltip\">Justice et Paix, <a href=\"https:\/\/www.justicepaix.be\/Violations-des-droits-humains-au-Burundi-et-en-RD-Congo-quel-role-pour-la-Cour\">Violations des droits humains en RD Congo et au Burundi : quel r\u00f4le pour la Cour P\u00e9nale Internationale ?<\/a> Avril 2018.<\/span><\/span><script type=\"text\/javascript\"> jQuery('#footnote_plugin_tooltip_15680_1_18').tooltip({ tip: '#footnote_plugin_tooltip_text_15680_1_18', tipClass: 'footnote_tooltip', effect: 'fade', predelay: 0, fadeInSpeed: 200, delay: 400, fadeOutSpeed: 200, position: 'top center', relative: true, offset: [-7, 0], });<\/script>. La procureure de la CPI, Mme Fatou Bensouda, a d\u2019ailleurs indiqu\u00e9 qu\u2019elle suivait de pr\u00e8s la situation de la r\u00e9gion. Dans son rapport, l\u2019ONU a \u00e9tabli que de graves violations des droits humains avaient eu lieu. En conclusion de son rapport l\u2019ONU a qualifi\u00e9 les actions des Forces Arm\u00e9es de la RD Congo (FARDC), des miliciens Kamuina Nsapu et Bana Mura de crimes contre l\u2019humanit\u00e9 <span class=\"footnote_referrer\"><a role=\"button\" tabindex=\"0\" onclick=\"footnote_moveToReference_15680_1('footnote_plugin_reference_15680_1_19');\" onkeypress=\"footnote_moveToReference_15680_1('footnote_plugin_reference_15680_1_19');\" ><sup id=\"footnote_plugin_tooltip_15680_1_19\" class=\"footnote_plugin_tooltip_text\">[19]<\/sup><\/a><span id=\"footnote_plugin_tooltip_text_15680_1_19\" class=\"footnote_tooltip\">Au paragraphe 1 de l\u2019article 7 du Statut de Rome de la Cour p\u00e9nale internationale, les crimes contre l\u2019humanit\u00e9 sont d\u00e9finis comme des actes commis dans le cadre d\u2019une attaque g\u00e9n\u00e9ralis\u00e9e&nbsp;&#x2026; <span class=\"footnote_tooltip_continue\"  onclick=\"footnote_moveToReference_15680_1('footnote_plugin_reference_15680_1_19');\">Continuer la lecture<\/span><\/span><\/span><script type=\"text\/javascript\"> jQuery('#footnote_plugin_tooltip_15680_1_19').tooltip({ tip: '#footnote_plugin_tooltip_text_15680_1_19', tipClass: 'footnote_tooltip', effect: 'fade', predelay: 0, fadeInSpeed: 200, delay: 400, fadeOutSpeed: 200, position: 'top center', relative: true, offset: [-7, 0], });<\/script> et crimes de guerre<span class=\"footnote_referrer\"><a role=\"button\" tabindex=\"0\" onclick=\"footnote_moveToReference_15680_1('footnote_plugin_reference_15680_1_20');\" onkeypress=\"footnote_moveToReference_15680_1('footnote_plugin_reference_15680_1_20');\" ><sup id=\"footnote_plugin_tooltip_15680_1_20\" class=\"footnote_plugin_tooltip_text\">[20]<\/sup><\/a><span id=\"footnote_plugin_tooltip_text_15680_1_20\" class=\"footnote_tooltip\">Aux alin\u00e9as (c) et (e) du paragraphe 2 de l\u2019article 8 du Statut de Rome, les crimes de guerre en cas de conflit arm\u00e9 ne pr\u00e9sentant pas un caract\u00e8re international sont d\u00e9finis comme des&nbsp;&#x2026; <span class=\"footnote_tooltip_continue\"  onclick=\"footnote_moveToReference_15680_1('footnote_plugin_reference_15680_1_20');\">Continuer la lecture<\/span><\/span><\/span><script type=\"text\/javascript\"> jQuery('#footnote_plugin_tooltip_15680_1_20').tooltip({ tip: '#footnote_plugin_tooltip_text_15680_1_20', tipClass: 'footnote_tooltip', effect: 'fade', predelay: 0, fadeInSpeed: 200, delay: 400, fadeOutSpeed: 200, position: 'top center', relative: true, offset: [-7, 0], });<\/script>. C\u2019est \u00e0 ce titre qu\u2019ils sont passibles de poursuites devant la CPI. La poursuite des responsables de crimes est essentielle dans la mesure o\u00f9 elle fait partie du processus de reconstruction et de r\u00e9habilitation des liens entre les communaut\u00e9s. Elle permet de faire la lumi\u00e8re sur les faits et d\u2019\u00e9tablir les responsabilit\u00e9s, mais surtout, elle permet aux victimes d\u2019\u00eatre reconnues en tant que telles et de d\u00e9marrer un processus de reconstruction. \n\n<strong>Reconstruction du vivre-ensemble et coexistence pacifique<\/strong> &#8211; Si la lutte contre l\u2019impunit\u00e9 fait partie du processus de r\u00e9conciliation, elle n\u2019est qu\u2019un des maillons dans la cha\u00eene de reconstruction du tissu social. Ayant \u00e9t\u00e9 divis\u00e9es par le conflit, les populations ont besoin de r\u00e9apprendre \u00e0 vivre ensemble. Cela passe \u00e9galement par l\u2019acceptation du pass\u00e9 et des actes commis par certains membres de la communaut\u00e9. Les divisions restent profondes pour le moment et les initiatives prises par quelques acteurs sur le terrain restent des exceptions. Elles sont pourtant essentielles et doivent \u00eatre soutenues.\n\nFace \u00e0 cette situation,  l\u2019\u00c9glise catholique reste un acteur-clef pour le changement. En effet, sa pr\u00e9sence au plus pr\u00e8s des communaut\u00e9s et sur l\u2019ensemble de la r\u00e9gion Kasa\u00ef, lui permet de conduire des programmes de r\u00e9habilitation. A titre d\u2019exemple, la CDJP de Kananga met aujourd\u2019hui en \u0153uvre, avec le soutien de la MONUSCO, un projet de \u00ab r\u00e9duction de la violence \u00e0 travers les r\u00e8glements coutumiers et la sensibilisation \u00e0 la non-violence des populations du Kasa\u00ef Central \u00bb. Ce programme a pour vocation de soutenir les initiatives communautaires de gestion de conflits, ainsi que d\u2019appuyer les initiatives de d\u00e9mant\u00e8lement des groupes arm\u00e9s en apportant des r\u00e9ponses aux conflits coutumiers. \n\nL\u2019Abb\u00e9 Gabriel Nyimemunda explique ainsi : <em>\u00ab Ce projet a plusieurs volets : le premier est la mise en place des Conseils consultatifs de r\u00e8glement des conflits coutumiers dans chaque Secteur du Kasa\u00ef Central. Le deuxi\u00e8me volet est de sensibiliser les jeunes ex-miliciens \u00e0 se d\u00e9solidariser des mouvements arm\u00e9s, \u00e0 travers le mapping communautaire. Enfin, dans le troisi\u00e8me volet ce qui est vis\u00e9 c\u2019est d\u2019occuper les jeunes avec un petit emploi temporaire via le financement de petits projets communautaires par Secteur. Dans tout cela, l\u2019objectif majeur est de lutter contre la violence et contre tout ce qui peut l\u2019engendrer. \u00bb<\/em>\n<\/bloc>\n\n<bloc> Comment (r\u00e9)agir face \u00e0 cette situation ? \n\nFace \u00e0 ces constats, on comprend que la r\u00e9gion du Kasa\u00ef est \u00e0 la crois\u00e9e de nombreux d\u00e9fis cruciaux. Les cons\u00e9quences du conflit continuent de peser sur les populations.  A d\u00e9faut d\u2019une r\u00e9action et d\u2019une strat\u00e9gie de r\u00e9ponse par les autorit\u00e9s congolaises, la violence pourrait s\u2019enliser davantage dans la r\u00e9gion et menacer ainsi toute possibilit\u00e9 de r\u00e9instaurer une paix durable et, par ricochet, un avenir meilleur pour les populations. \n\nFace \u00e0 ces injustices et aux difficult\u00e9s que connaissent les kasa\u00efens, les citoyens belges sont en droit de demander \u00e0 leurs repr\u00e9sentants politiques ici en Belgique, de s\u2019impliquer dans la recherche de solution. Et ce au nom de l\u2019universalit\u00e9 du droit \u00e0 vivre en paix et dans la dignit\u00e9. \n\nLa Belgique, peut en effet jouer un r\u00f4le dans ce processus de reconstruction et pacification, et ce de diff\u00e9rentes mani\u00e8res. \nElle peut le faire tout d\u2019abord en renfor\u00e7ant son soutien aux organisations sur place qui \u0153uvrent aupr\u00e8s des populations et victimes, par un appui financier et structurel. \n\nLes organisations humanitaires d\u2019une part, mais \u00e9galement celles de la soci\u00e9t\u00e9 civile qui accompagnent les populations sur le chemin de la r\u00e9conciliation. Ces organisations jouent un r\u00f4le essentiel pour le r\u00e9tablissement de la paix, mais \u00e9galement dans la construction d\u2019une paix durable en sensibilisant notamment les populations \u00e0 leurs droits. \n\nLa reconstruction de la r\u00e9gion devra \u00e9galement passer par le d\u00e9veloppement \u00e9conomique de celle-ci. La mobilisation et l\u2019encadrement de l\u2019exploitation des ressources de la r\u00e9gion (notamment les diamants) devraient \u00eatre prioritaires. Cela permettrait de cr\u00e9er des opportunit\u00e9s pour les jeunes qui seront moins tent\u00e9s de se tourner vers des mouvements rebelles. Les b\u00e9n\u00e9fices issus du secteur ne b\u00e9n\u00e9ficient pourtant pas \u00e0 leur juste mesure aux populations aujourd\u2019hui. Aussi la Belgique devrait s\u2019engager plus fermement pour le succ\u00e8s d\u2019initiatives telles que celle du Processus Kimberley <span class=\"footnote_referrer\"><a role=\"button\" tabindex=\"0\" onclick=\"footnote_moveToReference_15680_1('footnote_plugin_reference_15680_1_21');\" onkeypress=\"footnote_moveToReference_15680_1('footnote_plugin_reference_15680_1_21');\" ><sup id=\"footnote_plugin_tooltip_15680_1_21\" class=\"footnote_plugin_tooltip_text\">[21]<\/sup><\/a><span id=\"footnote_plugin_tooltip_text_15680_1_21\" class=\"footnote_tooltip\">Justice et Paix, <a href=\"https:\/\/www.justicepaix.be\/Diamants-de-sang-Kimberley-un-processus-mal-taille\">Kimberley : un processus mal taill\u00e9<\/a>,  Juillet 2018.<\/span><\/span><script type=\"text\/javascript\"> jQuery('#footnote_plugin_tooltip_15680_1_21').tooltip({ tip: '#footnote_plugin_tooltip_text_15680_1_21', tipClass: 'footnote_tooltip', effect: 'fade', predelay: 0, fadeInSpeed: 200, delay: 400, fadeOutSpeed: 200, position: 'top center', relative: true, offset: [-7, 0], });<\/script>. \n\nA une \u00e9chelle plus globale enfin, les \u00e9lections qui auront lieu le 23 d\u00e9cembre 2018 doivent \u00eatre l\u2019occasion pour la population et les organisations de la soci\u00e9t\u00e9 civile du Kasa\u00ef notamment de revendiquer leur droit \u00e0 un d\u00e9veloppement durable cr\u00e9ateur d\u2019opportunit\u00e9s pour le futur. A cet \u00e9gard,  il convient de rappeler que le conflit du Kasa\u00ef s\u2019est inscrit dans un contexte de crise \u00e9lectorale qui perdure \u00e0 l\u2019\u00e9chelle nationale depuis la fin du 2nd mandat du Pr\u00e9sident Joseph Kabila le 20 d\u00e9cembre 2016. Aussi, certains ont d\u00e9nonc\u00e9 une instrumentalisation du conflit <span class=\"footnote_referrer\"><a role=\"button\" tabindex=\"0\" onclick=\"footnote_moveToReference_15680_1('footnote_plugin_reference_15680_1_22');\" onkeypress=\"footnote_moveToReference_15680_1('footnote_plugin_reference_15680_1_22');\" ><sup id=\"footnote_plugin_tooltip_15680_1_22\" class=\"footnote_plugin_tooltip_text\">[22]<\/sup><\/a><span id=\"footnote_plugin_tooltip_text_15680_1_22\" class=\"footnote_tooltip\">Rapport du Groupe d\u2019\u00e9tude sur le Congo, <a href=\"http:\/\/congoresearchgroup.org\/nouveau-rapport-du-gec-la-crise-au-kasai\/?lang=fr\">Mettre le feu \u00e0 sa propre maison, La crise au Kasa\u00ef : la manipulation du pouvoir coutumier et l\u2019instrumentalisation du d\u00e9sordre<\/a>, Juillet 2018.<\/span><\/span><script type=\"text\/javascript\"> jQuery('#footnote_plugin_tooltip_15680_1_22').tooltip({ tip: '#footnote_plugin_tooltip_text_15680_1_22', tipClass: 'footnote_tooltip', effect: 'fade', predelay: 0, fadeInSpeed: 200, delay: 400, fadeOutSpeed: 200, position: 'top center', relative: true, offset: [-7, 0], });<\/script>. Si la communaut\u00e9 internationale a salu\u00e9 la nomination d\u2019Emmanuel Ramazani Shadary comme dauphin \u00e0 l\u2019actuel Pr\u00e9sident Joseph Kabila, qui accepte de facto de ne pas se repr\u00e9senter, ce choix laisse un go\u00fbt amer quant au message qu\u2019il envoie aux populations du Kasa\u00ef. En effet, Emmanuel Ramazani Shadary, a \u00e9t\u00e9 ministre de l&rsquo;Int\u00e9rieur et de la S\u00e9curit\u00e9 entre 2016 et 2018. A ce titre, il est vis\u00e9 depuis 2017 par des sanctions de l&rsquo;Union Europ\u00e9enne pour sa responsabilit\u00e9 dans des violations des droits Humains, et ce notamment pour les massacres commis au Kasa\u00ef <span class=\"footnote_referrer\"><a role=\"button\" tabindex=\"0\" onclick=\"footnote_moveToReference_15680_1('footnote_plugin_reference_15680_1_23');\" onkeypress=\"footnote_moveToReference_15680_1('footnote_plugin_reference_15680_1_23');\" ><sup id=\"footnote_plugin_tooltip_15680_1_23\" class=\"footnote_plugin_tooltip_text\">[23]<\/sup><\/a><span id=\"footnote_plugin_tooltip_text_15680_1_23\" class=\"footnote_tooltip\">Pour rappel, pr\u00e8s de 80 fosses communes avaient \u00e9t\u00e9 d\u00e9couvertes suite \u00e0 des exactions attribu\u00e9es aux FARDC.<\/span><\/span><script type=\"text\/javascript\"> jQuery('#footnote_plugin_tooltip_15680_1_23').tooltip({ tip: '#footnote_plugin_tooltip_text_15680_1_23', tipClass: 'footnote_tooltip', effect: 'fade', predelay: 0, fadeInSpeed: 200, delay: 400, fadeOutSpeed: 200, position: 'top center', relative: true, offset: [-7, 0], });<\/script>. Cette nomination ne donne pas un bon signal quant aux intentions des autorit\u00e9s de poursuivre les coupables de violence et de violations des droits humains dans la r\u00e9gion \u2013 ainsi que dans l\u2019ensemble du pays. \n\nL\u00e0 encore, la Belgique, avec ses alli\u00e9s europ\u00e9ens, doit pouvoir exiger de ses homologues congolais l\u2019organisation d\u2019\u00e9lections cr\u00e9dibles, inclusives et apais\u00e9es qui permettront au pays de retrouver le chemin de la paix. \n<\/bloc>\n\n<strong>Clara Debeve.<\/strong>\n\n<div id='gallery-1' class='gallery galleryid-15680 gallery-columns-3 gallery-size-thumbnail'><figure class='gallery-item'>\n\t\t\t<div class='gallery-icon landscape'>\n\t\t\t\t<a href='https:\/\/www.justicepaix.be\/wp-content\/uploads\/2018\/09\/png_analyse_clara_kasai.png'><img decoding=\"async\" width=\"150\" height=\"150\" src=\"https:\/\/www.justicepaix.be\/wp-content\/uploads\/2018\/09\/png_analyse_clara_kasai-150x150.png\" class=\"attachment-thumbnail size-thumbnail\" alt=\"analyse_clara_kasai.png\" \/><\/a>\n\t\t\t<\/div><\/figure>\n\t\t<\/div>\n\n<h2 class=\"wp-block-heading\">Documents joints<\/h2>\n\n\n\n<div class=\"wp-block-file\"><a href=\"http:\/\/demop.netbaz.be\/2021\/jp\/wp-content\/uploads\/2018\/09\/pdf_2018_analyse_rd_congo_-_kasai_la_crise_oubliee.pdf\">RD Congo : Kasa\u00ef : la crise oubli\u00e9e R\u00e9pondre \u00e0 l&rsquo;urgence pour consacrer le d\u00e9veloppement<\/a><\/div>\n\n\n<div class=\"speaker-mute footnotes_reference_container\"> <div class=\"footnote_container_prepare\"><p><span role=\"button\" tabindex=\"0\" class=\"footnote_reference_container_label pointer\" onclick=\"footnote_expand_collapse_reference_container_15680_1();\">Notes<\/span><span role=\"button\" tabindex=\"0\" class=\"footnote_reference_container_collapse_button\" style=\"display: none;\" onclick=\"footnote_expand_collapse_reference_container_15680_1();\">[<a id=\"footnote_reference_container_collapse_button_15680_1\">+<\/a>]<\/span><\/p><\/div> <div id=\"footnote_references_container_15680_1\" style=\"\"><table class=\"footnotes_table footnote-reference-container\"><caption class=\"accessibility\">Notes<\/caption> <tbody> \r\n\r\n<tr class=\"footnotes_plugin_reference_row\"> <th scope=\"row\" id=\"footnote_plugin_reference_15680_1_1\" class=\"footnote_plugin_index pointer\" onclick=\"footnote_moveToAnchor_15680_1('footnote_plugin_tooltip_15680_1_1');\"><a role=\"button\" tabindex=\"0\" class=\"footnote_plugin_link\" ><span class=\"footnote_index_arrow\">&#8593;<\/span>1<\/a><\/th> <td class=\"footnote_plugin_text\">La r\u00e9gion est compos\u00e9e de cinq provinces : Kasai, Kasa\u00ef-Central, du Sankuru, de la Lomami et du Kasa\u00ef-oriental.<\/td><\/tr>\r\n\r\n<tr class=\"footnotes_plugin_reference_row\"> <th scope=\"row\" id=\"footnote_plugin_reference_15680_1_2\" class=\"footnote_plugin_index pointer\" onclick=\"footnote_moveToAnchor_15680_1('footnote_plugin_tooltip_15680_1_2');\"><a role=\"button\" tabindex=\"0\" class=\"footnote_plugin_link\" ><span class=\"footnote_index_arrow\">&#8593;<\/span>2<\/a><\/th> <td class=\"footnote_plugin_text\"> Pour plus d\u2019informations sur le d\u00e9roulement du conflit voir notamment: Rapport Justice et Paix \u2013 Caritas International Belgique \u2013 <a href=\"https:\/\/www.justicepaix.be\/Kasai-une-crise-symptomatique-des-maux-congolais\">Kasa\u00ef : une crise symptomatique des maux congolais ? D\u00e9cembre 2017 <\/a>; Rapport du Groupe d\u2019\u00e9tude sur le Congo, <a href=\"http:\/\/congoresearchgroup.org\/nouveau-rapport-du-gec-la-crise-au-kasai\/?lang=fr\">Mettre le feu \u00e0 sa propre maison, La crise au Kasa\u00ef : la manipulation du pouvoir coutumier et l\u2019instrumentalisation du d\u00e9sordre<\/a>, Juillet 2018.<\/td><\/tr>\r\n\r\n<tr class=\"footnotes_plugin_reference_row\"> <th scope=\"row\" id=\"footnote_plugin_reference_15680_1_3\" class=\"footnote_plugin_index pointer\" onclick=\"footnote_moveToAnchor_15680_1('footnote_plugin_tooltip_15680_1_3');\"><a role=\"button\" tabindex=\"0\" class=\"footnote_plugin_link\" ><span class=\"footnote_index_arrow\">&#8593;<\/span>3<\/a><\/th> <td class=\"footnote_plugin_text\">Conseil des Droits de l\u2019Homme, La situation au Kasa\u00ef, Note du Haut-Commissariat des Nations Unies aux droits de l\u2019Homme, Advace Unedited Version, A\/HRC\/38\/31, 6 juin 2018, point 105.<\/td><\/tr>\r\n\r\n<tr class=\"footnotes_plugin_reference_row\"> <th scope=\"row\" id=\"footnote_plugin_reference_15680_1_4\" class=\"footnote_plugin_index pointer\" onclick=\"footnote_moveToAnchor_15680_1('footnote_plugin_tooltip_15680_1_4');\"><a role=\"button\" tabindex=\"0\" class=\"footnote_plugin_link\" ><span class=\"footnote_index_arrow\">&#8593;<\/span>4<\/a><\/th> <td class=\"footnote_plugin_text\">Propos tenus en avril 2018 lors de la Conf\u00e9rence de donateurs organis\u00e9e par les Nations-Unies \u00e0 Gen\u00e8ve.<\/td><\/tr>\r\n\r\n<tr class=\"footnotes_plugin_reference_row\"> <th scope=\"row\" id=\"footnote_plugin_reference_15680_1_5\" class=\"footnote_plugin_index pointer\" onclick=\"footnote_moveToAnchor_15680_1('footnote_plugin_tooltip_15680_1_5');\"><a role=\"button\" tabindex=\"0\" class=\"footnote_plugin_link\" ><span class=\"footnote_index_arrow\">&#8593;<\/span>5<\/a><\/th> <td class=\"footnote_plugin_text\">Bureau des Nations-Unies pour la coordination des affaires humanitaires.<\/td><\/tr>\r\n\r\n<tr class=\"footnotes_plugin_reference_row\"> <th scope=\"row\" id=\"footnote_plugin_reference_15680_1_6\" class=\"footnote_plugin_index pointer\" onclick=\"footnote_moveToAnchor_15680_1('footnote_plugin_tooltip_15680_1_6');\"><a role=\"button\" tabindex=\"0\" class=\"footnote_plugin_link\" ><span class=\"footnote_index_arrow\">&#8593;<\/span>6<\/a><\/th> <td class=\"footnote_plugin_text\">Rapport sur la situation de Caritas International \u2013 SITREP, Vuln\u00e9rables de la crise Kasa\u00ef, Avril 2018.<\/td><\/tr>\r\n\r\n<tr class=\"footnotes_plugin_reference_row\"> <th scope=\"row\" id=\"footnote_plugin_reference_15680_1_7\" class=\"footnote_plugin_index pointer\" onclick=\"footnote_moveToAnchor_15680_1('footnote_plugin_tooltip_15680_1_7');\"><a role=\"button\" tabindex=\"0\" class=\"footnote_plugin_link\" ><span class=\"footnote_index_arrow\">&#8593;<\/span>7<\/a><\/th> <td class=\"footnote_plugin_text\"> OCHA, <a href=\"https:\/\/reliefweb.int\/sites\/reliefweb.int\/files\/resources\/sitrep_l3_rdcongo_no3_vfinale.pdf\">Urgence humanitaire de niveau 3 en RD Congo<\/a>, 22 juin 2018.<\/td><\/tr>\r\n\r\n<tr class=\"footnotes_plugin_reference_row\"> <th scope=\"row\" id=\"footnote_plugin_reference_15680_1_8\" class=\"footnote_plugin_index pointer\" onclick=\"footnote_moveToAnchor_15680_1('footnote_plugin_tooltip_15680_1_8');\"><a role=\"button\" tabindex=\"0\" class=\"footnote_plugin_link\" ><span class=\"footnote_index_arrow\">&#8593;<\/span>8<\/a><\/th> <td class=\"footnote_plugin_text\">Rapport du Groupe d\u2019\u00e9tude sur le Congo, <a href=\"http:\/\/congoresearchgroup.org\/nouveau-rapport-du-gec-la-crise-au-kasai\/?lang=fr\">Mettre le feu \u00e0 sa propre maison, La crise au Kasa\u00ef : la manipulation du pouvoir coutumier et l\u2019instrumentalisation du d\u00e9sordre<\/a>, Juillet 2018.<\/td><\/tr>\r\n\r\n<tr class=\"footnotes_plugin_reference_row\"> <th scope=\"row\" id=\"footnote_plugin_reference_15680_1_9\" class=\"footnote_plugin_index pointer\" onclick=\"footnote_moveToAnchor_15680_1('footnote_plugin_tooltip_15680_1_9');\"><a role=\"button\" tabindex=\"0\" class=\"footnote_plugin_link\" ><span class=\"footnote_index_arrow\">&#8593;<\/span>9<\/a><\/th> <td class=\"footnote_plugin_text\">UNHCR, Congolese situation. Responding to the needs of displaced congolese and refugees. Supplementary appeal January \u2013 December 2018.<\/td><\/tr>\r\n\r\n<tr class=\"footnotes_plugin_reference_row\"> <th scope=\"row\" id=\"footnote_plugin_reference_15680_1_10\" class=\"footnote_plugin_index pointer\" onclick=\"footnote_moveToAnchor_15680_1('footnote_plugin_tooltip_15680_1_10');\"><a role=\"button\" tabindex=\"0\" class=\"footnote_plugin_link\" ><span class=\"footnote_index_arrow\">&#8593;<\/span>10<\/a><\/th> <td class=\"footnote_plugin_text\">CENCO, <a href=\"http:\/\/cenco.org\/tag\/les-eveques-tirent-la-sonnette-dalarme\/\">Malnutrition dans le Kasa\u00ef :les \u00e9v\u00eaques tirent la sonnette d\u2019alarme<\/a>, 26 juin 2018.<\/td><\/tr>\r\n\r\n<tr class=\"footnotes_plugin_reference_row\"> <th scope=\"row\" id=\"footnote_plugin_reference_15680_1_11\" class=\"footnote_plugin_index pointer\" onclick=\"footnote_moveToAnchor_15680_1('footnote_plugin_tooltip_15680_1_11');\"><a role=\"button\" tabindex=\"0\" class=\"footnote_plugin_link\" ><span class=\"footnote_index_arrow\">&#8593;<\/span>11<\/a><\/th> <td class=\"footnote_plugin_text\">UNICEF, Kasa\u00ef : les enfants, premi\u00e8res victimes de la crise, Mai 2018.<\/td><\/tr>\r\n\r\n<tr class=\"footnotes_plugin_reference_row\"> <th scope=\"row\" id=\"footnote_plugin_reference_15680_1_12\" class=\"footnote_plugin_index pointer\" onclick=\"footnote_moveToAnchor_15680_1('footnote_plugin_tooltip_15680_1_12');\"><a role=\"button\" tabindex=\"0\" class=\"footnote_plugin_link\" ><span class=\"footnote_index_arrow\">&#8593;<\/span>12<\/a><\/th> <td class=\"footnote_plugin_text\">Rapport du Groupe d\u2019\u00e9tude sur le Congo, <a href=\"http:\/\/congoresearchgroup.org\/nouveau-rapport-du-gec-la-crise-au-kasai\/?lang=fr\">Mettre le feu \u00e0 sa propre maison, La crise au Kasa\u00ef : la manipulation du pouvoir coutumier et l\u2019instrumentalisation du d\u00e9sordre<\/a>, Juillet 2018, page 34.<\/td><\/tr>\r\n\r\n<tr class=\"footnotes_plugin_reference_row\"> <th scope=\"row\" id=\"footnote_plugin_reference_15680_1_13\" class=\"footnote_plugin_index pointer\" onclick=\"footnote_moveToAnchor_15680_1('footnote_plugin_tooltip_15680_1_13');\"><a role=\"button\" tabindex=\"0\" class=\"footnote_plugin_link\" ><span class=\"footnote_index_arrow\">&#8593;<\/span>13<\/a><\/th> <td class=\"footnote_plugin_text\">Conseil des Droits de l\u2019Homme, La situation au Kasa\u00ef, Note du Haut-Commissariat des Nations Unies aux droits de l\u2019Homme, Advace Unedited Version, A\/HRC\/38\/31, 6 juin 2018.<\/td><\/tr>\r\n\r\n<tr class=\"footnotes_plugin_reference_row\"> <th scope=\"row\" id=\"footnote_plugin_reference_15680_1_14\" class=\"footnote_plugin_index pointer\" onclick=\"footnote_moveToAnchor_15680_1('footnote_plugin_tooltip_15680_1_14');\"><a role=\"button\" tabindex=\"0\" class=\"footnote_plugin_link\" ><span class=\"footnote_index_arrow\">&#8593;<\/span>14<\/a><\/th> <td class=\"footnote_plugin_text\">Voa Afrique, <a href=\"https:\/\/www.voaafrique.com\/a\/en-rd-congo-la-difficile-reinsertion-des-anciens-enfants-miliciens\/4345349.html\">La difficile r\u00e9insertion des anciens enfants miliciens en RD Congo<\/a>, 13 avril 2018.<\/td><\/tr>\r\n\r\n<tr class=\"footnotes_plugin_reference_row\"> <th scope=\"row\" id=\"footnote_plugin_reference_15680_1_15\" class=\"footnote_plugin_index pointer\" onclick=\"footnote_moveToAnchor_15680_1('footnote_plugin_tooltip_15680_1_15');\"><a role=\"button\" tabindex=\"0\" class=\"footnote_plugin_link\" ><span class=\"footnote_index_arrow\">&#8593;<\/span>15<\/a><\/th> <td class=\"footnote_plugin_text\">Slate Afrique, <a href=\"http:\/\/www.slateafrique.com\/847457\/violences-au-kasai-en-rdc-dex-miliciens-kamuina-nsapu-promus\">Violences au Kasa\u00ef des ex-miliciens Kamuina Nsapu promus<\/a>,  24 avril 2018.<\/td><\/tr>\r\n\r\n<tr class=\"footnotes_plugin_reference_row\"> <th scope=\"row\" id=\"footnote_plugin_reference_15680_1_16\" class=\"footnote_plugin_index pointer\" onclick=\"footnote_moveToAnchor_15680_1('footnote_plugin_tooltip_15680_1_16');\"><a role=\"button\" tabindex=\"0\" class=\"footnote_plugin_link\" ><span class=\"footnote_index_arrow\">&#8593;<\/span>16<\/a><\/th> <td class=\"footnote_plugin_text\">Conseil des Droits de l\u2019Homme, La situation au Kasa\u00ef, Note du Haut-Commissariat des Nations Unies aux droits de l\u2019Homme, Advace Unedited Version, A\/HRC\/38\/31, 6 juin 2018.<\/td><\/tr>\r\n\r\n<tr class=\"footnotes_plugin_reference_row\"> <th scope=\"row\" id=\"footnote_plugin_reference_15680_1_17\" class=\"footnote_plugin_index pointer\" onclick=\"footnote_moveToAnchor_15680_1('footnote_plugin_tooltip_15680_1_17');\"><a role=\"button\" tabindex=\"0\" class=\"footnote_plugin_link\" ><span class=\"footnote_index_arrow\">&#8593;<\/span>17<\/a><\/th> <td class=\"footnote_plugin_text\">Amnesty International, Amnesty International written statement to the 38th session of the UN Human Rights Council (18 June \u2013 6 July 2018), 27 june 2018.<\/td><\/tr>\r\n\r\n<tr class=\"footnotes_plugin_reference_row\"> <th scope=\"row\" id=\"footnote_plugin_reference_15680_1_18\" class=\"footnote_plugin_index pointer\" onclick=\"footnote_moveToAnchor_15680_1('footnote_plugin_tooltip_15680_1_18');\"><a role=\"button\" tabindex=\"0\" class=\"footnote_plugin_link\" ><span class=\"footnote_index_arrow\">&#8593;<\/span>18<\/a><\/th> <td class=\"footnote_plugin_text\">Justice et Paix, <a href=\"https:\/\/www.justicepaix.be\/Violations-des-droits-humains-au-Burundi-et-en-RD-Congo-quel-role-pour-la-Cour\">Violations des droits humains en RD Congo et au Burundi : quel r\u00f4le pour la Cour P\u00e9nale Internationale ?<\/a> Avril 2018.<\/td><\/tr>\r\n\r\n<tr class=\"footnotes_plugin_reference_row\"> <th scope=\"row\" id=\"footnote_plugin_reference_15680_1_19\" class=\"footnote_plugin_index pointer\" onclick=\"footnote_moveToAnchor_15680_1('footnote_plugin_tooltip_15680_1_19');\"><a role=\"button\" tabindex=\"0\" class=\"footnote_plugin_link\" ><span class=\"footnote_index_arrow\">&#8593;<\/span>19<\/a><\/th> <td class=\"footnote_plugin_text\">Au paragraphe 1 de l\u2019article 7 du Statut de Rome de la Cour p\u00e9nale internationale, les crimes contre l\u2019humanit\u00e9 sont d\u00e9finis comme des actes commis dans le cadre d\u2019une attaque g\u00e9n\u00e9ralis\u00e9e ou syst\u00e9matique lanc\u00e9e contre toute population civile et en connaissance de cette attaque.<\/td><\/tr>\r\n\r\n<tr class=\"footnotes_plugin_reference_row\"> <th scope=\"row\" id=\"footnote_plugin_reference_15680_1_20\" class=\"footnote_plugin_index pointer\" onclick=\"footnote_moveToAnchor_15680_1('footnote_plugin_tooltip_15680_1_20');\"><a role=\"button\" tabindex=\"0\" class=\"footnote_plugin_link\" ><span class=\"footnote_index_arrow\">&#8593;<\/span>20<\/a><\/th> <td class=\"footnote_plugin_text\"> Aux alin\u00e9as (c) et (e) du paragraphe 2 de l\u2019article 8 du Statut de Rome, les crimes de guerre en cas de conflit arm\u00e9 ne pr\u00e9sentant pas un caract\u00e8re international sont d\u00e9finis comme des violations graves de l\u2019article 3 commun aux quatre Conventions de Gen\u00e8ve de 1949 \u00e0 l\u2019encontre de personnes ne participant pas directement aux hostilit\u00e9s, ainsi que des autres violations graves des lois et coutumes applicables aux conflits arm\u00e9s.<\/td><\/tr>\r\n\r\n<tr class=\"footnotes_plugin_reference_row\"> <th scope=\"row\" id=\"footnote_plugin_reference_15680_1_21\" class=\"footnote_plugin_index pointer\" onclick=\"footnote_moveToAnchor_15680_1('footnote_plugin_tooltip_15680_1_21');\"><a role=\"button\" tabindex=\"0\" class=\"footnote_plugin_link\" ><span class=\"footnote_index_arrow\">&#8593;<\/span>21<\/a><\/th> <td class=\"footnote_plugin_text\">Justice et Paix, <a href=\"https:\/\/www.justicepaix.be\/Diamants-de-sang-Kimberley-un-processus-mal-taille\">Kimberley : un processus mal taill\u00e9<\/a>,  Juillet 2018.<\/td><\/tr>\r\n\r\n<tr class=\"footnotes_plugin_reference_row\"> <th scope=\"row\" id=\"footnote_plugin_reference_15680_1_22\" class=\"footnote_plugin_index pointer\" onclick=\"footnote_moveToAnchor_15680_1('footnote_plugin_tooltip_15680_1_22');\"><a role=\"button\" tabindex=\"0\" class=\"footnote_plugin_link\" ><span class=\"footnote_index_arrow\">&#8593;<\/span>22<\/a><\/th> <td class=\"footnote_plugin_text\">Rapport du Groupe d\u2019\u00e9tude sur le Congo, <a href=\"http:\/\/congoresearchgroup.org\/nouveau-rapport-du-gec-la-crise-au-kasai\/?lang=fr\">Mettre le feu \u00e0 sa propre maison, La crise au Kasa\u00ef : la manipulation du pouvoir coutumier et l\u2019instrumentalisation du d\u00e9sordre<\/a>, Juillet 2018.<\/td><\/tr>\r\n\r\n<tr class=\"footnotes_plugin_reference_row\"> <th scope=\"row\" id=\"footnote_plugin_reference_15680_1_23\" class=\"footnote_plugin_index pointer\" onclick=\"footnote_moveToAnchor_15680_1('footnote_plugin_tooltip_15680_1_23');\"><a role=\"button\" tabindex=\"0\" class=\"footnote_plugin_link\" ><span class=\"footnote_index_arrow\">&#8593;<\/span>23<\/a><\/th> <td class=\"footnote_plugin_text\">Pour rappel, pr\u00e8s de 80 fosses communes avaient \u00e9t\u00e9 d\u00e9couvertes suite \u00e0 des exactions attribu\u00e9es aux FARDC.<\/td><\/tr>\r\n\r\n <\/tbody> <\/table> <\/div><\/div><script type=\"text\/javascript\"> function footnote_expand_reference_container_15680_1() { jQuery('#footnote_references_container_15680_1').show(); jQuery('#footnote_reference_container_collapse_button_15680_1').text('\u2212'); } function footnote_collapse_reference_container_15680_1() { jQuery('#footnote_references_container_15680_1').hide(); jQuery('#footnote_reference_container_collapse_button_15680_1').text('+'); } function footnote_expand_collapse_reference_container_15680_1() { if (jQuery('#footnote_references_container_15680_1').is(':hidden')) { footnote_expand_reference_container_15680_1(); } else { footnote_collapse_reference_container_15680_1(); } } function footnote_moveToReference_15680_1(p_str_TargetID) { footnote_expand_reference_container_15680_1(); var l_obj_Target = jQuery('#' + p_str_TargetID); if (l_obj_Target.length) { jQuery( 'html, body' ).delay( 0 ); jQuery('html, body').animate({ scrollTop: l_obj_Target.offset().top - window.innerHeight * 0.2 }, 380); } } function footnote_moveToAnchor_15680_1(p_str_TargetID) { footnote_expand_reference_container_15680_1(); var l_obj_Target = jQuery('#' + p_str_TargetID); if (l_obj_Target.length) { jQuery( 'html, body' ).delay( 0 ); jQuery('html, body').animate({ scrollTop: l_obj_Target.offset().top - window.innerHeight * 0.2 }, 380); } }<\/script>","protected":false},"excerpt":{"rendered":"<p>Au cours de l\u2019\u00e9t\u00e9 2016, le Grand Kasa\u00ef devient le th\u00e9\u00e2tre d\u2019un conflit d\u2019une violence sans pr\u00e9c\u00e9dent dans la r\u00e9gion. Si les origines et \u00e9volutions du conflit ont depuis lors pu \u00eatre identifi\u00e9es, document\u00e9es et analys\u00e9es, les cons\u00e9quences continuent de peser sur la population dans une indiff\u00e9rence g\u00e9n\u00e9ralis\u00e9e. C\u2019est pourquoi Justice et Paix Belgique, en [&hellip;]<\/p>\n","protected":false},"author":57,"featured_media":15679,"comment_status":"closed","ping_status":"open","sticky":false,"template":"","format":"standard","meta":{"_acf_changed":false,"_seopress_robots_primary_cat":"","_seopress_titles_title":"","_seopress_titles_desc":"","_seopress_robots_index":"","footnotes":""},"categories":[2722],"tags":[2795,2825,2792],"class_list":["post-15680","post","type-post","status-publish","format-standard","has-post-thumbnail","hentry","category-articles-nos-publications","tag-article","tag-prevention-des-conflits","tag-rd-congo"],"acf":[],"_links":{"self":[{"href":"https:\/\/www.justicepaix.be\/en\/wp-json\/wp\/v2\/posts\/15680","targetHints":{"allow":["GET"]}}],"collection":[{"href":"https:\/\/www.justicepaix.be\/en\/wp-json\/wp\/v2\/posts"}],"about":[{"href":"https:\/\/www.justicepaix.be\/en\/wp-json\/wp\/v2\/types\/post"}],"author":[{"embeddable":true,"href":"https:\/\/www.justicepaix.be\/en\/wp-json\/wp\/v2\/users\/57"}],"replies":[{"embeddable":true,"href":"https:\/\/www.justicepaix.be\/en\/wp-json\/wp\/v2\/comments?post=15680"}],"version-history":[{"count":0,"href":"https:\/\/www.justicepaix.be\/en\/wp-json\/wp\/v2\/posts\/15680\/revisions"}],"wp:featuredmedia":[{"embeddable":true,"href":"https:\/\/www.justicepaix.be\/en\/wp-json\/wp\/v2\/media\/15679"}],"wp:attachment":[{"href":"https:\/\/www.justicepaix.be\/en\/wp-json\/wp\/v2\/media?parent=15680"}],"wp:term":[{"taxonomy":"category","embeddable":true,"href":"https:\/\/www.justicepaix.be\/en\/wp-json\/wp\/v2\/categories?post=15680"},{"taxonomy":"post_tag","embeddable":true,"href":"https:\/\/www.justicepaix.be\/en\/wp-json\/wp\/v2\/tags?post=15680"}],"curies":[{"name":"wp","href":"https:\/\/api.w.org\/{rel}","templated":true}]}}