{"id":15642,"date":"2018-09-19T17:32:27","date_gmt":"2018-09-19T17:32:27","guid":{"rendered":"https:\/\/demop.netbaz.be\/2021\/jp\/2018\/09\/19\/cine-debat-le-souffle-vole-discipliner-les-multinationales\/"},"modified":"2021-04-14T11:54:11","modified_gmt":"2021-04-14T11:54:11","slug":"cinema-debate-the-breath-flies-disciplining-the-multinationals","status":"publish","type":"post","link":"https:\/\/www.justicepaix.be\/en\/cine-debat-le-souffle-vole-discipliner-les-multinationales\/","title":{"rendered":"Cin\u00e9-Debate: \u201cThe stolen breath\u201d \u2013 Disciplining multinationals"},"content":{"rendered":"<p class=\"post_excerpt\">Lives devastated, in Belgium but also in India, by asbestos and greed.<br \/>\nThe film \u201cStolen Breath\u201d by Daniel Lambo shows a cruel reality and asks a big question about our ability to regulate globalization.\n<\/p>\n<p><!--more--><br \/>\n<img fetchpriority=\"high\" decoding=\"async\" class=\"aligncenter size-full wp-image-15641\" src=\"http:\/\/demop.netbaz.be\/2021\/jp\/wp-content\/uploads\/2018\/09\/jpg_41983079_1891269151178793_3845814201893257216_o-3.jpg\" alt=\"41983079_1891269151178793_3845814201893257216_o-3.jpg\" align=\"center\" width=\"2048\" height=\"1152\" srcset=\"https:\/\/www.justicepaix.be\/wp-content\/uploads\/2018\/09\/jpg_41983079_1891269151178793_3845814201893257216_o-3.jpg 2048w, https:\/\/www.justicepaix.be\/wp-content\/uploads\/2018\/09\/jpg_41983079_1891269151178793_3845814201893257216_o-3-300x169.jpg 300w, https:\/\/www.justicepaix.be\/wp-content\/uploads\/2018\/09\/jpg_41983079_1891269151178793_3845814201893257216_o-3-1024x576.jpg 1024w, https:\/\/www.justicepaix.be\/wp-content\/uploads\/2018\/09\/jpg_41983079_1891269151178793_3845814201893257216_o-3-768x432.jpg 768w, https:\/\/www.justicepaix.be\/wp-content\/uploads\/2018\/09\/jpg_41983079_1891269151178793_3845814201893257216_o-3-1536x864.jpg 1536w\" sizes=\"(max-width: 2048px) 100vw, 2048px\" \/><\/p>\n<p>A coalition of organizations invites you to a film debate to better understand the extent of the problem and together provide effective solutions.<\/p>\n<h2>Synopsis<\/h2>\n<p>After the death of his father and many others in his village in Flanders, director Daniel Lambo begins a thrilling quest to uncover the truth about the dangerous asbestos industry. His research takes him to the largest open-air asbestos dump in India and reveals a compassionless industry that still endangers the lives of workers and citizens across the planet. Unfortunately, several obstacles today make the search for justice difficult, if not impossible, for those affected. + info \u27a1\ufe0f <a href=\"http:\/\/www.breathless.film\/\">http:\/\/www.breathless.film\/<\/a><\/p>\n<p>This film raises several points that we think are interesting to question: the need to put an end to the impunity of transnational companies and to put human rights ahead of profits. It is this immense task that is addressed by the treaty in preparation at the UN for 3 years, the 4th negotiation session of which opens in Geneva on October 15, 2018.<br \/>\nAfter viewing the film, we therefore suggest that you stay a moment to share your thoughts and questions.<\/p>\n<p>After the film a meeting will take place with:<\/p>\n<ul>\n<li> Daniel Lambo, director of the film.<\/li>\n<li> Quentin Noirfalisse, Journalist in M\u00e9dor and co-producer of the film.<\/li>\n<li> Agathe Smyth, Advocacy Officer, Justice and Peace and representative of the coalition of NGOs active on the Binding Treaty.<\/li>\n<\/ul>\n<p>This evening is organized by a coalition of organizations: <a href=\"https:\/\/www.cncd.be\/\">CNCD-11.11.11<\/a>, <a href=\"https:\/\/www.fian.be\/\">FIAN Belgium<\/a>, <a href=\"https:\/\/www.entraide.be\/\">Mutual Aid and Fraternity<\/a>, <a href=\"http:\/\/www.solmond.be\/\">Global Solidarity<\/a> And <a href=\"http:\/\/www.cadtm.org\/Belgique?lang=fr\">CADTM Belgium<\/a> as part of their week of action for a Treaty that will put an end to human rights abuses in collaboration with the Grignoux.<br \/>\n<div id='gallery-1' class='gallery galleryid-15642 gallery-columns-3 gallery-size-thumbnail'><figure class='gallery-item'>\n\t\t\t<div class='gallery-icon landscape'>\n\t\t\t\t<a href='https:\/\/www.justicepaix.be\/wp-content\/uploads\/2018\/09\/jpg_41983079_1891269151178793_3845814201893257216_o-3.jpg'><img decoding=\"async\" width=\"150\" height=\"150\" src=\"https:\/\/www.justicepaix.be\/wp-content\/uploads\/2018\/09\/jpg_41983079_1891269151178793_3845814201893257216_o-3-150x150.jpg\" class=\"attachment-thumbnail size-thumbnail\" alt=\"41983079_1891269151178793_3845814201893257216_o-3.jpg\" \/><\/a>\n\t\t\t<\/div><\/figure><figure class='gallery-item'>\n\t\t\t<div class='gallery-icon landscape'>\n\t\t\t\t<a href='https:\/\/www.justicepaix.be\/wp-content\/uploads\/2018\/09\/jpg_41983079_1891269151178793_3845814201893257216_o-4.jpg'><img decoding=\"async\" width=\"150\" height=\"150\" src=\"https:\/\/www.justicepaix.be\/wp-content\/uploads\/2018\/09\/jpg_41983079_1891269151178793_3845814201893257216_o-4-150x150.jpg\" class=\"attachment-thumbnail size-thumbnail\" alt=\"41983079_1891269151178793_3845814201893257216_o-4.jpg\" \/><\/a>\n\t\t\t<\/div><\/figure>\n\t\t<\/div>\n<\/p>","protected":false},"excerpt":{"rendered":"<p>Des vies d\u00e9vast\u00e9es, en Belgique mais aussi en Inde, par l\u2019amiante et l\u2019app\u00e2t du gain. Le film \u00ab\u00a0Le souffle vol\u00e9\u00a0\u00bb de Daniel Lambo montre une r\u00e9alit\u00e9 cruelle et pose une grande question sur notre capacit\u00e9 \u00e0 r\u00e9guler la mondialisation.<\/p>","protected":false},"author":62,"featured_media":15641,"comment_status":"closed","ping_status":"open","sticky":false,"template":"","format":"standard","meta":{"_acf_changed":false,"_seopress_robots_primary_cat":"","_seopress_titles_title":"","_seopress_titles_desc":"","_seopress_robots_index":"","footnotes":""},"categories":[2696],"tags":[],"class_list":["post-15642","post","type-post","status-publish","format-standard","has-post-thumbnail","hentry","category-actualites"],"acf":[],"_links":{"self":[{"href":"https:\/\/www.justicepaix.be\/en\/wp-json\/wp\/v2\/posts\/15642","targetHints":{"allow":["GET"]}}],"collection":[{"href":"https:\/\/www.justicepaix.be\/en\/wp-json\/wp\/v2\/posts"}],"about":[{"href":"https:\/\/www.justicepaix.be\/en\/wp-json\/wp\/v2\/types\/post"}],"author":[{"embeddable":true,"href":"https:\/\/www.justicepaix.be\/en\/wp-json\/wp\/v2\/users\/62"}],"replies":[{"embeddable":true,"href":"https:\/\/www.justicepaix.be\/en\/wp-json\/wp\/v2\/comments?post=15642"}],"version-history":[{"count":0,"href":"https:\/\/www.justicepaix.be\/en\/wp-json\/wp\/v2\/posts\/15642\/revisions"}],"wp:featuredmedia":[{"embeddable":true,"href":"https:\/\/www.justicepaix.be\/en\/wp-json\/wp\/v2\/media\/15641"}],"wp:attachment":[{"href":"https:\/\/www.justicepaix.be\/en\/wp-json\/wp\/v2\/media?parent=15642"}],"wp:term":[{"taxonomy":"category","embeddable":true,"href":"https:\/\/www.justicepaix.be\/en\/wp-json\/wp\/v2\/categories?post=15642"},{"taxonomy":"post_tag","embeddable":true,"href":"https:\/\/www.justicepaix.be\/en\/wp-json\/wp\/v2\/tags?post=15642"}],"curies":[{"name":"wp","href":"https:\/\/api.w.org\/{rel}","templated":true}]}}