{"id":15638,"date":"2018-09-19T17:12:09","date_gmt":"2018-09-19T17:12:09","guid":{"rendered":"https:\/\/demop.netbaz.be\/2021\/jp\/2018\/09\/19\/cine-debat-le-souffle-vole-ademloos\/"},"modified":"2021-04-14T11:54:11","modified_gmt":"2021-04-14T11:54:11","slug":"cine-debate-the-breath-flies-ademloos","status":"publish","type":"post","link":"https:\/\/www.justicepaix.be\/en\/cine-debat-le-souffle-vole-ademloos\/","title":{"rendered":"Film Debate: \u201cThe Stolen Breath\u201d \u2013 \u201cAdemloos\u201d"},"content":{"rendered":"<p class=\"post_excerpt\">Lives devastated, in Belgium but also in India, by asbestos and greed.<br \/>\nThe film \u201cStolen Breath\u201d by Daniel Lambo shows a cruel reality and asks a big question about our ability to regulate globalization. <\/p>\n<p><!--more--><br \/>\n<img fetchpriority=\"high\" decoding=\"async\" class=\"aligncenter size-full wp-image-15637\" src=\"http:\/\/demop.netbaz.be\/2021\/jp\/wp-content\/uploads\/2018\/09\/jpg_41983079_1891269151178793_3845814201893257216_o.jpg\" alt=\"41983079_1891269151178793_3845814201893257216_o.jpg\" align=\"center\" width=\"2048\" height=\"1152\" srcset=\"https:\/\/www.justicepaix.be\/wp-content\/uploads\/2018\/09\/jpg_41983079_1891269151178793_3845814201893257216_o.jpg 2048w, https:\/\/www.justicepaix.be\/wp-content\/uploads\/2018\/09\/jpg_41983079_1891269151178793_3845814201893257216_o-300x169.jpg 300w, https:\/\/www.justicepaix.be\/wp-content\/uploads\/2018\/09\/jpg_41983079_1891269151178793_3845814201893257216_o-1024x576.jpg 1024w, https:\/\/www.justicepaix.be\/wp-content\/uploads\/2018\/09\/jpg_41983079_1891269151178793_3845814201893257216_o-768x432.jpg 768w, https:\/\/www.justicepaix.be\/wp-content\/uploads\/2018\/09\/jpg_41983079_1891269151178793_3845814201893257216_o-1536x864.jpg 1536w\" sizes=\"(max-width: 2048px) 100vw, 2048px\" \/><\/p>\n<p>A coalition of organizations invites you to a film debate to better understand the extent of the problem and together provide effective solutions.<\/p>\n<h2>Synopsis<\/h2>\n<p>After the death of his father and many others in his village in Flanders, director Daniel Lambo begins a thrilling quest to uncover the truth about the dangerous asbestos industry. His research takes him to the largest open-air asbestos dump in India and reveals a compassionless industry that still endangers the lives of workers and citizens across the planet. Unfortunately, several obstacles today make the search for justice difficult, if not impossible, for those affected. + info \u27a1\ufe0f <a href=\"http:\/\/www.breathless.film\/\">http:\/\/www.breathless.film\/<\/a><\/p>\n<p>This film raises several points that we think are interesting to question: the need to put an end to the impunity of transnational companies and to put human rights ahead of profits. It is this immense task that is addressed by the treaty in preparation at the UN for 3 years, the 4th negotiation session of which opens in Geneva on October 15, 2018.<br \/>\nAfter viewing the film, we therefore suggest that you stay a moment to share your thoughts and questions.<\/p>\n<p>After the film a meeting will take place with:<\/p>\n<ul>\n<li> Daniel Lambo, director of the film<\/li>\n<li> Denise Auclair, coordinator at CIDSE \u2013 International Cooperation for Development and Solidarity<\/li>\n<li> Jan Fermon, lawyer at the Brussels Bar for the asbestos trial<\/li>\n<\/ul>\n<h2>In practice<\/h2>\n<ul>\n<li> Or ? Palace Cinema \/\/ 85, Boulevard Anspach, 1000 Brussels.<\/li>\n<li> When ? October 8, 2018 at 7 p.m.<\/li>\n<li> What ? Screening of the film \u201cLe Souffle Vol\u00e9\u201d + debate in the presence of the director.<\/li>\n<li> Entrance price: \u20ac7 pre-registration: <a href=\"https:\/\/bit.ly\/2NNePXH\">https:\/\/bit.ly\/2NNePXH<\/a> \/\/ \u20ac8.75 if not registered (payment on site)<\/li>\n<\/ul>\n<p>This evening is organized by a coalition of organizations: <a href=\"https:\/\/www.cncd.be\/\">CNCD-11.11.11, 11 11 11<\/a>, <a href=\"https:\/\/www.fian.be\/\">Fian Belgium<\/a>, Justice and Peace, <a href=\"https:\/\/www.entraide.be\/\">Mutual Aid and Fraternity<\/a>, <a href=\"http:\/\/www.solmond.be\/\">Global Solidarity<\/a>, <a href=\"https:\/\/www.wereldsolidariteit.be\/\">Wereldsolidariteit Vzw<\/a> And <a href=\"https:\/\/www.broederlijkdelen.be\/nl\">Broederlijk Delen<\/a> as part of their week of action for a treaty that disciplines multinationals<br \/>\n<div id='gallery-1' class='gallery galleryid-15638 gallery-columns-3 gallery-size-thumbnail'><figure class='gallery-item'>\n\t\t\t<div class='gallery-icon landscape'>\n\t\t\t\t<a href='https:\/\/www.justicepaix.be\/wp-content\/uploads\/2018\/09\/jpg_41983079_1891269151178793_3845814201893257216_o.jpg'><img decoding=\"async\" width=\"150\" height=\"150\" src=\"https:\/\/www.justicepaix.be\/wp-content\/uploads\/2018\/09\/jpg_41983079_1891269151178793_3845814201893257216_o-150x150.jpg\" class=\"attachment-thumbnail size-thumbnail\" alt=\"41983079_1891269151178793_3845814201893257216_o.jpg\" \/><\/a>\n\t\t\t<\/div><\/figure><figure class='gallery-item'>\n\t\t\t<div class='gallery-icon landscape'>\n\t\t\t\t<a href='https:\/\/www.justicepaix.be\/wp-content\/uploads\/2018\/09\/jpg_41983079_1891269151178793_3845814201893257216_o-2.jpg'><img decoding=\"async\" width=\"150\" height=\"150\" src=\"https:\/\/www.justicepaix.be\/wp-content\/uploads\/2018\/09\/jpg_41983079_1891269151178793_3845814201893257216_o-2-150x150.jpg\" class=\"attachment-thumbnail size-thumbnail\" alt=\"41983079_1891269151178793_3845814201893257216_o-2.jpg\" \/><\/a>\n\t\t\t<\/div><\/figure>\n\t\t<\/div>\n<\/p>","protected":false},"excerpt":{"rendered":"<p>Des vies d\u00e9vast\u00e9es, en Belgique mais aussi en Inde, par l\u2019amiante et l\u2019app\u00e2t du gain. Le film \u00ab\u00a0Le souffle vol\u00e9\u00a0\u00bb de Daniel Lambo montre une r\u00e9alit\u00e9 cruelle et pose une grande question sur notre capacit\u00e9 \u00e0 r\u00e9guler la mondialisation.<\/p>","protected":false},"author":62,"featured_media":15637,"comment_status":"closed","ping_status":"open","sticky":false,"template":"","format":"standard","meta":{"_acf_changed":false,"_seopress_robots_primary_cat":"","_seopress_titles_title":"","_seopress_titles_desc":"","_seopress_robots_index":"","footnotes":""},"categories":[2696],"tags":[],"class_list":["post-15638","post","type-post","status-publish","format-standard","has-post-thumbnail","hentry","category-actualites"],"acf":[],"_links":{"self":[{"href":"https:\/\/www.justicepaix.be\/en\/wp-json\/wp\/v2\/posts\/15638","targetHints":{"allow":["GET"]}}],"collection":[{"href":"https:\/\/www.justicepaix.be\/en\/wp-json\/wp\/v2\/posts"}],"about":[{"href":"https:\/\/www.justicepaix.be\/en\/wp-json\/wp\/v2\/types\/post"}],"author":[{"embeddable":true,"href":"https:\/\/www.justicepaix.be\/en\/wp-json\/wp\/v2\/users\/62"}],"replies":[{"embeddable":true,"href":"https:\/\/www.justicepaix.be\/en\/wp-json\/wp\/v2\/comments?post=15638"}],"version-history":[{"count":0,"href":"https:\/\/www.justicepaix.be\/en\/wp-json\/wp\/v2\/posts\/15638\/revisions"}],"wp:featuredmedia":[{"embeddable":true,"href":"https:\/\/www.justicepaix.be\/en\/wp-json\/wp\/v2\/media\/15637"}],"wp:attachment":[{"href":"https:\/\/www.justicepaix.be\/en\/wp-json\/wp\/v2\/media?parent=15638"}],"wp:term":[{"taxonomy":"category","embeddable":true,"href":"https:\/\/www.justicepaix.be\/en\/wp-json\/wp\/v2\/categories?post=15638"},{"taxonomy":"post_tag","embeddable":true,"href":"https:\/\/www.justicepaix.be\/en\/wp-json\/wp\/v2\/tags?post=15638"}],"curies":[{"name":"wp","href":"https:\/\/api.w.org\/{rel}","templated":true}]}}