{"id":15616,"date":"2018-09-06T15:45:15","date_gmt":"2018-09-06T15:45:15","guid":{"rendered":"https:\/\/demop.netbaz.be\/2021\/jp\/2018\/09\/06\/nouveau-traite-international-l-onu-sera-t-elle-enfin-en-mesure-de-nous-proteger-1494\/"},"modified":"2021-04-14T11:54:07","modified_gmt":"2021-04-14T11:54:07","slug":"nouveau-traite-international-l-onu-sera-t-elle-enfin-en-mesure-de-nous-proteger-1494","status":"publish","type":"post","link":"https:\/\/www.justicepaix.be\/en\/nouveau-traite-international-l-onu-sera-t-elle-enfin-en-mesure-de-nous-proteger-1494\/","title":{"rendered":"New international treaty: Will the UN finally be able to protect us from multinationals?"},"content":{"rendered":"<p class=\"post_excerpt\">Qui n\u2019a pas entendu parler d\u2019au moins un scandale li\u00e9 \u00e0 une entreprise ? Travail pr\u00e9caire et dangereux, travail des enfants, d\u00e9placement et empoisonnement de populations, \u00e9vasion fiscale, financement de groupes arm\u00e9s&#8230; La liste des violations des droits humains commises directement ou indirectement par les multinationales est longue et inqui\u00e9tante. Tout comme la file des victimes qui r\u00e9clament justice&#8230;<\/p>\n\n\n<!--more-->\n<img fetchpriority=\"high\" decoding=\"async\" class=\"aligncenter size-full wp-image-15614\" src=\"http:\/\/demop.netbaz.be\/2021\/jp\/wp-content\/uploads\/2018\/09\/png_article_justice_et_paix.png\" alt=\"article_justice_et_paix.png\" align=\"center\" width=\"875\" height=\"441\" srcset=\"https:\/\/www.justicepaix.be\/wp-content\/uploads\/2018\/09\/png_article_justice_et_paix.png 875w, https:\/\/www.justicepaix.be\/wp-content\/uploads\/2018\/09\/png_article_justice_et_paix-300x151.png 300w, https:\/\/www.justicepaix.be\/wp-content\/uploads\/2018\/09\/png_article_justice_et_paix-768x387.png 768w\" sizes=\"(max-width: 875px) 100vw, 875px\" \/>\n\n<a href=\"http:\/\/demop.netbaz.be\/2021\/jp\/wp-content\/uploads\/2018\/09\/pdf_nouveau_traite_international_sep.oct_.pdf\">Lire l&rsquo;article dans Val\u00e9riane.<\/a><div id='gallery-1' class='gallery galleryid-15616 gallery-columns-3 gallery-size-thumbnail'><figure class='gallery-item'>\n\t\t\t<div class='gallery-icon landscape'>\n\t\t\t\t<a href='https:\/\/www.justicepaix.be\/wp-content\/uploads\/2018\/09\/png_article_justice_et_paix.png'><img decoding=\"async\" width=\"150\" height=\"150\" src=\"https:\/\/www.justicepaix.be\/wp-content\/uploads\/2018\/09\/png_article_justice_et_paix-150x150.png\" class=\"attachment-thumbnail size-thumbnail\" alt=\"article_justice_et_paix.png\" \/><\/a>\n\t\t\t<\/div><\/figure><figure class='gallery-item'>\n\t\t\t<div class='gallery-icon landscape'>\n\t\t\t\t<a href='https:\/\/www.justicepaix.be\/wp-content\/uploads\/2018\/09\/png_article_justice_et_paix-2.png'><img decoding=\"async\" width=\"150\" height=\"150\" src=\"https:\/\/www.justicepaix.be\/wp-content\/uploads\/2018\/09\/png_article_justice_et_paix-2-150x150.png\" class=\"attachment-thumbnail size-thumbnail\" alt=\"article_justice_et_paix-2.png\" \/><\/a>\n\t\t\t<\/div><\/figure>\n\t\t<\/div>\n\n<h2 class=\"wp-block-heading\">Attachments<\/h2>\n\n\n\n<div class=\"wp-block-file\"><a href=\"http:\/\/demop.netbaz.be\/2021\/jp\/wp-content\/uploads\/2018\/09\/pdf_nouveau_traite_international_sep.oct_.pdf\">nouveau_traite_international_sep.oct.pdf<\/a><\/div>","protected":false},"excerpt":{"rendered":"<p>Qui n\u2019a pas entendu parler d\u2019au moins un scandale li\u00e9 \u00e0 une entreprise ? Travail pr\u00e9caire et dangereux, travail des enfants, d\u00e9placement et empoisonnement de populations, \u00e9vasion fiscale, financement de groupes arm\u00e9s&#8230; La liste des violations des droits humains commises directement ou indirectement par les multinationales est longue et inqui\u00e9tante. Tout comme la file des [&hellip;]<\/p>\n","protected":false},"author":62,"featured_media":15614,"comment_status":"closed","ping_status":"open","sticky":false,"template":"","format":"standard","meta":{"_acf_changed":false,"_seopress_robots_primary_cat":"","_seopress_titles_title":"","_seopress_titles_desc":"","_seopress_robots_index":"","footnotes":""},"categories":[2686],"tags":[],"class_list":["post-15616","post","type-post","status-publish","format-standard","has-post-thumbnail","hentry","category-pre-2015"],"acf":[],"_links":{"self":[{"href":"https:\/\/www.justicepaix.be\/en\/wp-json\/wp\/v2\/posts\/15616","targetHints":{"allow":["GET"]}}],"collection":[{"href":"https:\/\/www.justicepaix.be\/en\/wp-json\/wp\/v2\/posts"}],"about":[{"href":"https:\/\/www.justicepaix.be\/en\/wp-json\/wp\/v2\/types\/post"}],"author":[{"embeddable":true,"href":"https:\/\/www.justicepaix.be\/en\/wp-json\/wp\/v2\/users\/62"}],"replies":[{"embeddable":true,"href":"https:\/\/www.justicepaix.be\/en\/wp-json\/wp\/v2\/comments?post=15616"}],"version-history":[{"count":0,"href":"https:\/\/www.justicepaix.be\/en\/wp-json\/wp\/v2\/posts\/15616\/revisions"}],"wp:featuredmedia":[{"embeddable":true,"href":"https:\/\/www.justicepaix.be\/en\/wp-json\/wp\/v2\/media\/15614"}],"wp:attachment":[{"href":"https:\/\/www.justicepaix.be\/en\/wp-json\/wp\/v2\/media?parent=15616"}],"wp:term":[{"taxonomy":"category","embeddable":true,"href":"https:\/\/www.justicepaix.be\/en\/wp-json\/wp\/v2\/categories?post=15616"},{"taxonomy":"post_tag","embeddable":true,"href":"https:\/\/www.justicepaix.be\/en\/wp-json\/wp\/v2\/tags?post=15616"}],"curies":[{"name":"wp","href":"https:\/\/api.w.org\/{rel}","templated":true}]}}