{"id":15609,"date":"2018-08-17T15:48:38","date_gmt":"2018-08-17T15:48:38","guid":{"rendered":"https:\/\/demop.netbaz.be\/2021\/jp\/2018\/08\/17\/poussee-par-les-ong-l-europe-met-le-perou-au-pied-du-mur\/"},"modified":"2021-04-14T11:54:06","modified_gmt":"2021-04-14T11:54:06","slug":"poussee-par-les-ong-l-europe-met-le-perou-au-pied-du-mur","status":"publish","type":"post","link":"https:\/\/www.justicepaix.be\/en\/poussee-par-les-ong-l-europe-met-le-perou-au-pied-du-mur\/","title":{"rendered":"Pushed by NGOs, Europe puts Peru against the wall"},"content":{"rendered":"<p class=\"post_excerpt\">La Commission europ\u00e9enne donne quelques mois au P\u00e9rou pour corriger le total non-respect par Lima de ses engagements sur le front social et environnemental, pris au titre d\u2019un accord commercial avec l\u2019UE. L\u2019intervention de l\u2019ex\u00e9cutif europ\u00e9en r\u00e9sulte d\u2019une plainte d\u00e9pos\u00e9e par 41 ONG et syndicats, p\u00e9ruviens et europ\u00e9ens, \u00e0 l\u2019initiative de Justice &#038; Paix.<\/p>\n\n\n<!--more-->\n<img fetchpriority=\"high\" decoding=\"async\" class=\"aligncenter size-full wp-image-15608\" src=\"http:\/\/demop.netbaz.be\/2021\/jp\/wp-content\/uploads\/2018\/08\/jpg_b9716633507z.1_20180816194047_000_gqvbs6v3o.1-0.jpg\" alt=\"b9716633507z.1_20180816194047_000_gqvbs6v3o.1-0.jpg\" align=\"center\" width=\"1190\" height=\"669\" srcset=\"https:\/\/www.justicepaix.be\/wp-content\/uploads\/2018\/08\/jpg_b9716633507z.1_20180816194047_000_gqvbs6v3o.1-0.jpg 1190w, https:\/\/www.justicepaix.be\/wp-content\/uploads\/2018\/08\/jpg_b9716633507z.1_20180816194047_000_gqvbs6v3o.1-0-300x169.jpg 300w, https:\/\/www.justicepaix.be\/wp-content\/uploads\/2018\/08\/jpg_b9716633507z.1_20180816194047_000_gqvbs6v3o.1-0-1024x576.jpg 1024w, https:\/\/www.justicepaix.be\/wp-content\/uploads\/2018\/08\/jpg_b9716633507z.1_20180816194047_000_gqvbs6v3o.1-0-768x432.jpg 768w\" sizes=\"(max-width: 1190px) 100vw, 1190px\" \/>\n\n<a href=\"http:\/\/plus.lesoir.be\/173413\/article\/2018-08-16\/poussee-par-les-ong-leurope-met-le-perou-au-pied-du-mur#_ga=2.233234270.1378222763.1534499467-1215271982.1534499466\">Read the article in Le Soir<\/a>\n<div id='gallery-1' class='gallery galleryid-15609 gallery-columns-3 gallery-size-thumbnail'><figure class='gallery-item'>\n\t\t\t<div class='gallery-icon landscape'>\n\t\t\t\t<a href='https:\/\/www.justicepaix.be\/wp-content\/uploads\/2018\/08\/jpg_b9716633507z.1_20180816194047_000_gqvbs6v3o.1-0.jpg'><img decoding=\"async\" width=\"150\" height=\"150\" src=\"https:\/\/www.justicepaix.be\/wp-content\/uploads\/2018\/08\/jpg_b9716633507z.1_20180816194047_000_gqvbs6v3o.1-0-150x150.jpg\" class=\"attachment-thumbnail size-thumbnail\" alt=\"b9716633507z.1_20180816194047_000_gqvbs6v3o.1-0.jpg\" \/><\/a>\n\t\t\t<\/div><\/figure><figure class='gallery-item'>\n\t\t\t<div class='gallery-icon landscape'>\n\t\t\t\t<a href='https:\/\/www.justicepaix.be\/wp-content\/uploads\/2018\/08\/jpg_b9716633507z.1_20180816194047_000_gqvbs6v3o.1-0-2.jpg'><img decoding=\"async\" width=\"150\" height=\"150\" src=\"https:\/\/www.justicepaix.be\/wp-content\/uploads\/2018\/08\/jpg_b9716633507z.1_20180816194047_000_gqvbs6v3o.1-0-2-150x150.jpg\" class=\"attachment-thumbnail size-thumbnail\" alt=\"b9716633507z.1_20180816194047_000_gqvbs6v3o.1-0-2.jpg\" \/><\/a>\n\t\t\t<\/div><\/figure>\n\t\t<\/div>\n\n<h2 class=\"wp-block-heading\">Attachments<\/h2>\n\n\n\n<div class=\"wp-block-file\"><a href=\"http:\/\/demop.netbaz.be\/2021\/jp\/wp-content\/uploads\/2018\/08\/pdf_2018-08-16_le_soir_-_poussee_par_les_ong_l_europe_met_le_perou_au_pied_du_mur-2.pdf\">poussee_par_les_ong_l_europe_met_le_perou_au_pied_du_mur<\/a><\/div>","protected":false},"excerpt":{"rendered":"<p>La Commission europ\u00e9enne donne quelques mois au P\u00e9rou pour corriger le total non-respect par Lima de ses engagements sur le front social et environnemental, pris au titre d\u2019un accord commercial avec l\u2019UE. L\u2019intervention de l\u2019ex\u00e9cutif europ\u00e9en r\u00e9sulte d\u2019une plainte d\u00e9pos\u00e9e par 41 ONG et syndicats, p\u00e9ruviens et europ\u00e9ens, \u00e0 l\u2019initiative de Justice &#038; Paix.<\/p>","protected":false},"author":62,"featured_media":15608,"comment_status":"closed","ping_status":"open","sticky":false,"template":"","format":"standard","meta":{"_acf_changed":false,"_seopress_robots_primary_cat":"","_seopress_titles_title":"","_seopress_titles_desc":"","_seopress_robots_index":"","footnotes":""},"categories":[2686],"tags":[],"class_list":["post-15609","post","type-post","status-publish","format-standard","has-post-thumbnail","hentry","category-pre-2015"],"acf":[],"_links":{"self":[{"href":"https:\/\/www.justicepaix.be\/en\/wp-json\/wp\/v2\/posts\/15609","targetHints":{"allow":["GET"]}}],"collection":[{"href":"https:\/\/www.justicepaix.be\/en\/wp-json\/wp\/v2\/posts"}],"about":[{"href":"https:\/\/www.justicepaix.be\/en\/wp-json\/wp\/v2\/types\/post"}],"author":[{"embeddable":true,"href":"https:\/\/www.justicepaix.be\/en\/wp-json\/wp\/v2\/users\/62"}],"replies":[{"embeddable":true,"href":"https:\/\/www.justicepaix.be\/en\/wp-json\/wp\/v2\/comments?post=15609"}],"version-history":[{"count":0,"href":"https:\/\/www.justicepaix.be\/en\/wp-json\/wp\/v2\/posts\/15609\/revisions"}],"wp:featuredmedia":[{"embeddable":true,"href":"https:\/\/www.justicepaix.be\/en\/wp-json\/wp\/v2\/media\/15608"}],"wp:attachment":[{"href":"https:\/\/www.justicepaix.be\/en\/wp-json\/wp\/v2\/media?parent=15609"}],"wp:term":[{"taxonomy":"category","embeddable":true,"href":"https:\/\/www.justicepaix.be\/en\/wp-json\/wp\/v2\/categories?post=15609"},{"taxonomy":"post_tag","embeddable":true,"href":"https:\/\/www.justicepaix.be\/en\/wp-json\/wp\/v2\/tags?post=15609"}],"curies":[{"name":"wp","href":"https:\/\/api.w.org\/{rel}","templated":true}]}}