{"id":15559,"date":"2018-07-18T14:37:55","date_gmt":"2018-07-18T14:37:55","guid":{"rendered":"https:\/\/demop.netbaz.be\/2021\/jp\/2018\/07\/18\/etat-de-grace-contre-etat-de-droit\/"},"modified":"2021-04-14T11:53:50","modified_gmt":"2021-04-14T11:53:50","slug":"etat-de-grace-contre-etat-de-droit","status":"publish","type":"post","link":"https:\/\/www.justicepaix.be\/en\/etat-de-grace-contre-etat-de-droit\/","title":{"rendered":"State of grace versus rule of law"},"content":{"rendered":"<p class=\"post_excerpt\">Le 24 d\u00e9cembre 2017, le Pr\u00e9sident p\u00e9ruvien Pedro Pablo Kuczynski a accord\u00e9 la gr\u00e2ce humanitaire \u00e0 l\u2019ex-pr\u00e9sident Alberto Fujimori condamn\u00e9 \u00e0 25 ans de prison pour crimes contre l\u2019humanit\u00e9. Cette d\u00e9cision, prise sur fond de crise politique, a provoqu\u00e9 une vague de protestations \u00e0 travers le monde et repr\u00e9sente une nouvelle atteinte \u00e0 l\u2019\u00c9tat de Droit, trop souvent malmen\u00e9 au P\u00e9rou. Un article de G\u00e9raldine Duquenne paru dans le journal Dimanche.<\/p>\n\n\n<!--more-->\n<img fetchpriority=\"high\" decoding=\"async\" class=\"aligncenter size-full wp-image-15557\" src=\"http:\/\/demop.netbaz.be\/2021\/jp\/wp-content\/uploads\/2018\/07\/jpg_2018_image_analyse_etat_de_grace_contre_etat_de_droit-2.jpg\" alt=\"2018_image_analyse_etat_de_grace_contre_etat_de_droit-2.jpg\" align=\"center\" width=\"672\" height=\"372\" srcset=\"https:\/\/www.justicepaix.be\/wp-content\/uploads\/2018\/07\/jpg_2018_image_analyse_etat_de_grace_contre_etat_de_droit-2.jpg 672w, https:\/\/www.justicepaix.be\/wp-content\/uploads\/2018\/07\/jpg_2018_image_analyse_etat_de_grace_contre_etat_de_droit-2-300x166.jpg 300w\" sizes=\"(max-width: 672px) 100vw, 672px\" \/>\n\n<a href=\"http:\/\/demop.netbaz.be\/2021\/jp\/wp-content\/uploads\/2018\/07\/pdf_dimanche_-_etat_de_grace_contre_etat_de_droit.pdf\">Lire l\u2019article dans le journal Dimanche<\/a><div id='gallery-1' class='gallery galleryid-15559 gallery-columns-3 gallery-size-thumbnail'><figure class='gallery-item'>\n\t\t\t<div class='gallery-icon landscape'>\n\t\t\t\t<a href='https:\/\/www.justicepaix.be\/wp-content\/uploads\/2018\/07\/jpg_2018_image_analyse_etat_de_grace_contre_etat_de_droit-2.jpg'><img decoding=\"async\" width=\"150\" height=\"150\" src=\"https:\/\/www.justicepaix.be\/wp-content\/uploads\/2018\/07\/jpg_2018_image_analyse_etat_de_grace_contre_etat_de_droit-2-150x150.jpg\" class=\"attachment-thumbnail size-thumbnail\" alt=\"2018_image_analyse_etat_de_grace_contre_etat_de_droit-2.jpg\" \/><\/a>\n\t\t\t<\/div><\/figure><figure class='gallery-item'>\n\t\t\t<div class='gallery-icon landscape'>\n\t\t\t\t<a href='https:\/\/www.justicepaix.be\/wp-content\/uploads\/2018\/07\/jpg_2018_image_analyse_etat_de_grace_contre_etat_de_droit-3.jpg'><img decoding=\"async\" width=\"150\" height=\"150\" src=\"https:\/\/www.justicepaix.be\/wp-content\/uploads\/2018\/07\/jpg_2018_image_analyse_etat_de_grace_contre_etat_de_droit-3-150x150.jpg\" class=\"attachment-thumbnail size-thumbnail\" alt=\"2018_image_analyse_etat_de_grace_contre_etat_de_droit-3.jpg\" \/><\/a>\n\t\t\t<\/div><\/figure>\n\t\t<\/div>\n\n<h2 class=\"wp-block-heading\">Attachments<\/h2>\n\n\n\n<div class=\"wp-block-file\"><a href=\"http:\/\/demop.netbaz.be\/2021\/jp\/wp-content\/uploads\/2018\/07\/pdf_dimanche_-_etat_de_grace_contre_etat_de_droit.pdf\">dimanche_-_etat_de_grace_contre_etat_de_droit.pdf<\/a><\/div>","protected":false},"excerpt":{"rendered":"<p>Le 24 d\u00e9cembre 2017, le Pr\u00e9sident p\u00e9ruvien Pedro Pablo Kuczynski a accord\u00e9 la gr\u00e2ce humanitaire \u00e0 l\u2019ex-pr\u00e9sident Alberto Fujimori condamn\u00e9 \u00e0 25 ans de prison pour crimes contre l\u2019humanit\u00e9. Cette d\u00e9cision, prise sur fond de crise politique, a provoqu\u00e9 une vague de protestations \u00e0 travers le monde et repr\u00e9sente une nouvelle atteinte \u00e0 l\u2019\u00c9tat de [&hellip;]<\/p>\n","protected":false},"author":62,"featured_media":15557,"comment_status":"closed","ping_status":"open","sticky":false,"template":"","format":"standard","meta":{"_acf_changed":false,"_seopress_robots_primary_cat":"","_seopress_titles_title":"","_seopress_titles_desc":"","_seopress_robots_index":"","footnotes":""},"categories":[2686],"tags":[],"class_list":["post-15559","post","type-post","status-publish","format-standard","has-post-thumbnail","hentry","category-pre-2015"],"acf":[],"_links":{"self":[{"href":"https:\/\/www.justicepaix.be\/en\/wp-json\/wp\/v2\/posts\/15559","targetHints":{"allow":["GET"]}}],"collection":[{"href":"https:\/\/www.justicepaix.be\/en\/wp-json\/wp\/v2\/posts"}],"about":[{"href":"https:\/\/www.justicepaix.be\/en\/wp-json\/wp\/v2\/types\/post"}],"author":[{"embeddable":true,"href":"https:\/\/www.justicepaix.be\/en\/wp-json\/wp\/v2\/users\/62"}],"replies":[{"embeddable":true,"href":"https:\/\/www.justicepaix.be\/en\/wp-json\/wp\/v2\/comments?post=15559"}],"version-history":[{"count":0,"href":"https:\/\/www.justicepaix.be\/en\/wp-json\/wp\/v2\/posts\/15559\/revisions"}],"wp:featuredmedia":[{"embeddable":true,"href":"https:\/\/www.justicepaix.be\/en\/wp-json\/wp\/v2\/media\/15557"}],"wp:attachment":[{"href":"https:\/\/www.justicepaix.be\/en\/wp-json\/wp\/v2\/media?parent=15559"}],"wp:term":[{"taxonomy":"category","embeddable":true,"href":"https:\/\/www.justicepaix.be\/en\/wp-json\/wp\/v2\/categories?post=15559"},{"taxonomy":"post_tag","embeddable":true,"href":"https:\/\/www.justicepaix.be\/en\/wp-json\/wp\/v2\/tags?post=15559"}],"curies":[{"name":"wp","href":"https:\/\/api.w.org\/{rel}","templated":true}]}}