{"id":15554,"date":"2018-07-18T14:11:15","date_gmt":"2018-07-18T14:11:15","guid":{"rendered":"https:\/\/demop.netbaz.be\/2021\/jp\/2018\/07\/18\/sdg-pas-de-developpement-durable-sans-paix\/"},"modified":"2021-04-14T11:53:50","modified_gmt":"2021-04-14T11:53:50","slug":"sdg-no-sustainable-development-without-peace","status":"publish","type":"post","link":"https:\/\/www.justicepaix.be\/en\/sdg-pas-de-developpement-durable-sans-paix\/","title":{"rendered":"SDG: No sustainable development without peace"},"content":{"rendered":"<p class=\"post_excerpt\">The advent of a peaceful world where everyone can be happy, live with dignity and achieve their potential and the ultimate goal of the United Nations. However, many regions of the globe still face deadly conflicts. And even in countries where security is the norm, some still face outbreaks of violence.<\/p>\n<p><!--more--><br \/>\n<img fetchpriority=\"high\" decoding=\"async\" class=\"aligncenter size-full wp-image-15553\" src=\"http:\/\/demop.netbaz.be\/2021\/jp\/wp-content\/uploads\/2018\/07\/jpg_belgaimage-97934491.jpg\" alt=\"belgaimage-97934491.jpg\" align=\"center\" width=\"800\" height=\"534\" srcset=\"https:\/\/www.justicepaix.be\/wp-content\/uploads\/2018\/07\/jpg_belgaimage-97934491.jpg 800w, https:\/\/www.justicepaix.be\/wp-content\/uploads\/2018\/07\/jpg_belgaimage-97934491-300x200.jpg 300w, https:\/\/www.justicepaix.be\/wp-content\/uploads\/2018\/07\/jpg_belgaimage-97934491-768x513.jpg 768w\" sizes=\"(max-width: 800px) 100vw, 800px\" \/><\/p>\n<p><a href=\"https:\/\/fr.metrotime.be\/2018\/06\/19\/actualite\/sdg-pas-developpement-durable-sans-paix\/\">Read the article in metro<\/a><div id='gallery-1' class='gallery galleryid-15554 gallery-columns-3 gallery-size-thumbnail'><figure class='gallery-item'>\n\t\t\t<div class='gallery-icon landscape'>\n\t\t\t\t<a href='https:\/\/www.justicepaix.be\/wp-content\/uploads\/2018\/07\/jpg_belgaimage-97934491.jpg'><img decoding=\"async\" width=\"150\" height=\"150\" src=\"https:\/\/www.justicepaix.be\/wp-content\/uploads\/2018\/07\/jpg_belgaimage-97934491-150x150.jpg\" class=\"attachment-thumbnail size-thumbnail\" alt=\"belgaimage-97934491.jpg\" \/><\/a>\n\t\t\t<\/div><\/figure><figure class='gallery-item'>\n\t\t\t<div class='gallery-icon landscape'>\n\t\t\t\t<a href='https:\/\/www.justicepaix.be\/wp-content\/uploads\/2018\/07\/jpg_belgaimage-97934491-3.jpg'><img decoding=\"async\" width=\"150\" height=\"150\" src=\"https:\/\/www.justicepaix.be\/wp-content\/uploads\/2018\/07\/jpg_belgaimage-97934491-3-150x150.jpg\" class=\"attachment-thumbnail size-thumbnail\" alt=\"belgaimage-97934491-3.jpg\" \/><\/a>\n\t\t\t<\/div><\/figure>\n\t\t<\/div>\n<\/p>","protected":false},"excerpt":{"rendered":"<p>L\u2019av\u00e8nement d\u2019un monde en paix o\u00f9 chacun peut \u00eatre heureux, vivre dignement et se r\u00e9aliser et le but ultime des Nations unies. Pourtant, de nombreuses r\u00e9gions du globe font encore face \u00e0 des conflits meurtriers. Et m\u00eame dans les pays o\u00f9 la s\u00e9curit\u00e9 est la norme, certains doivent encore faire face \u00e0 des flamb\u00e9es de [&hellip;]<\/p>\n","protected":false},"author":62,"featured_media":15553,"comment_status":"closed","ping_status":"open","sticky":false,"template":"","format":"standard","meta":{"_acf_changed":false,"_seopress_robots_primary_cat":"","_seopress_titles_title":"","_seopress_titles_desc":"","_seopress_robots_index":"","footnotes":""},"categories":[2686],"tags":[],"class_list":["post-15554","post","type-post","status-publish","format-standard","has-post-thumbnail","hentry","category-pre-2015"],"acf":[],"_links":{"self":[{"href":"https:\/\/www.justicepaix.be\/en\/wp-json\/wp\/v2\/posts\/15554","targetHints":{"allow":["GET"]}}],"collection":[{"href":"https:\/\/www.justicepaix.be\/en\/wp-json\/wp\/v2\/posts"}],"about":[{"href":"https:\/\/www.justicepaix.be\/en\/wp-json\/wp\/v2\/types\/post"}],"author":[{"embeddable":true,"href":"https:\/\/www.justicepaix.be\/en\/wp-json\/wp\/v2\/users\/62"}],"replies":[{"embeddable":true,"href":"https:\/\/www.justicepaix.be\/en\/wp-json\/wp\/v2\/comments?post=15554"}],"version-history":[{"count":0,"href":"https:\/\/www.justicepaix.be\/en\/wp-json\/wp\/v2\/posts\/15554\/revisions"}],"wp:featuredmedia":[{"embeddable":true,"href":"https:\/\/www.justicepaix.be\/en\/wp-json\/wp\/v2\/media\/15553"}],"wp:attachment":[{"href":"https:\/\/www.justicepaix.be\/en\/wp-json\/wp\/v2\/media?parent=15554"}],"wp:term":[{"taxonomy":"category","embeddable":true,"href":"https:\/\/www.justicepaix.be\/en\/wp-json\/wp\/v2\/categories?post=15554"},{"taxonomy":"post_tag","embeddable":true,"href":"https:\/\/www.justicepaix.be\/en\/wp-json\/wp\/v2\/tags?post=15554"}],"curies":[{"name":"wp","href":"https:\/\/api.w.org\/{rel}","templated":true}]}}