{"id":15491,"date":"2018-07-02T17:56:17","date_gmt":"2018-07-02T17:56:17","guid":{"rendered":"https:\/\/demop.netbaz.be\/2021\/jp\/2018\/07\/02\/formation-migrations-et-conflits-de-la-rd-congo-a-la-belgique\/"},"modified":"2021-04-14T11:53:22","modified_gmt":"2021-04-14T11:53:22","slug":"formation-migrations-et-conflits-de-la-rd-congo-a-la-belgique","status":"publish","type":"post","link":"https:\/\/www.justicepaix.be\/en\/formation-migrations-et-conflits-de-la-rd-congo-a-la-belgique\/","title":{"rendered":"Training \u2013 Migrations and conflicts: from DR Congo to Belgium"},"content":{"rendered":"<p class=\"post_excerpt\">Why do we migrate? Where do these people go when they leave their village, their home? What are their routes? These questions will be the starting point for training from Caritas International and Justice and Peace aimed at grasping the complexity of the migratory phenomenon to better visualize and understand a reality which is part of History and challenges us on a daily basis.<\/p>\n<p><!--more--><br \/>\n<img fetchpriority=\"high\" decoding=\"async\" class=\"aligncenter size-full wp-image-15490\" src=\"http:\/\/demop.netbaz.be\/2021\/jp\/wp-content\/uploads\/2018\/07\/jpg_2011_11_27_cjp_formation_comprendre_les_conflits_13-2.jpg\" alt=\"2011_11_27_cjp_formation_comprendre_les_conflits_13-2.jpg\" align=\"center\" width=\"2048\" height=\"1536\" srcset=\"https:\/\/www.justicepaix.be\/wp-content\/uploads\/2018\/07\/jpg_2011_11_27_cjp_formation_comprendre_les_conflits_13-2.jpg 2048w, https:\/\/www.justicepaix.be\/wp-content\/uploads\/2018\/07\/jpg_2011_11_27_cjp_formation_comprendre_les_conflits_13-2-300x225.jpg 300w, https:\/\/www.justicepaix.be\/wp-content\/uploads\/2018\/07\/jpg_2011_11_27_cjp_formation_comprendre_les_conflits_13-2-1024x768.jpg 1024w, https:\/\/www.justicepaix.be\/wp-content\/uploads\/2018\/07\/jpg_2011_11_27_cjp_formation_comprendre_les_conflits_13-2-768x576.jpg 768w, https:\/\/www.justicepaix.be\/wp-content\/uploads\/2018\/07\/jpg_2011_11_27_cjp_formation_comprendre_les_conflits_13-2-1536x1152.jpg 1536w\" sizes=\"(max-width: 2048px) 100vw, 2048px\" \/><\/p>\n<p>Using maps, testimonies and current events, this training addresses the migration phenomenon in its entirety and complexity. Then, she delves deeper into a specific case: the journey of a refugee from the DR Congo, a country prey to armed conflicts for decades, to Belgium as a welcoming land for refugees.<\/p>\n<p>By alternating between presentations and participatory workshops, this training will provide informed content, varied educational tools as well as relevant reading grids to address the issue of migration.<\/p>\n<p><bloc>Program of the training<\/p>\n<p>The training is organized into 3 modules:<\/p>\n<p><strong>Module 1:<\/strong> Global look at migrations (maps, figures, migration routes, etc.).<\/p>\n<p><strong>Module 2:<\/strong> Analyzes of the multiple causes of migration and the deterioration of local living environments.<\/p>\n<p><strong>Module 3:<\/strong> Case study: the journey of a refugee from DR Congo to Belgium. Focus on the exploitation of natural resources as a cause of migration and the situation regarding the reception of refugees and asylum seekers in Belgium.<\/p>\n<p>A <strong>conclusion<\/strong> will address political and civic avenues to respond to migration issues. It will also enable collective reflection and suggest educational avenues to inform and raise awareness among young people about this issue.<\/p>\n<p><\/bloc><\/p>\n<p><bloc> For who ?<\/p>\n<p>This training is intended <strong>to the teaching staff<\/strong> And <strong>to those in charge of entertainment<\/strong> who wish to develop the issue of migration with students or young people, but also <strong>to citizens<\/strong> eager for serious information on this subject.<br \/>\n<\/bloc><\/p>\n<p><bloc>Useful information<\/p>\n<p><strong>Date :<\/strong> Jeudi 15 novembre 2018, de 9h \u00e0 16h30.<br \/>\n<strong>Place :<\/strong> Justice and Peace Commission \u2013 Chauss\u00e9e Saint-Pierre, 208 \u2013 1040 Brussels.<br \/>\n<strong>Price :<\/strong> \u20ac12 (information on payment terms at the time of registration).<br \/>\n<strong>Contacts:<\/strong><\/p>\n<ul>\n<li> Pour Caritas International, Ga\u00eblle David : <a href=\"\/en\/g.david@caritasint.be\/\">g.david@caritasint.be<\/a> ou 02\/229 36 21.<\/li>\n<li> Pour Justice et Paix, Agathe Smyth : <a href=\"\/en\/agathe.smyth@justicepaix.be\/\">agathe.smyth@justicepaix.be<\/a> or 02\/896 95 16.<\/li>\n<\/ul>\n<p>With the support of Belgian Development Cooperation \u2013 DGD<br \/>\n<img decoding=\"async\" class=\"alignleft size-full wp-image-15459\" src=\"http:\/\/demop.netbaz.be\/2021\/jp\/wp-content\/uploads\/2018\/05\/png_logo-dgd.png\" alt=\"logo-dgd.png\" align=\"left\" width=\"150\" height=\"150\" \/><\/p>\n<p><\/bloc><\/p>\n<p><bloc>Registrations<\/p>\n<p><strong>COMPLETE<\/strong> &#8211; Il n\u2019est plus possible de s\u2019inscrire \u00e0 cette formation. Si vous voulez vous inscrire sur la liste d\u2019attente, veuillez envoyer un mail \u00e0 Annabel Maisin : <a href=\"\/en\/annabel.maisin@justicepaix.be\/\">annabel.maisin@justicepaix.be<\/a>. If other participants withdraw, we will contact the people on the waiting list in the order of registration. Thank you for your interest and understanding!<\/p>\n<p><\/bloc><\/p>\n<div id='gallery-1' class='gallery galleryid-15491 gallery-columns-3 gallery-size-thumbnail'><figure class='gallery-item'>\n\t\t\t<div class='gallery-icon landscape'>\n\t\t\t\t<a href='https:\/\/www.justicepaix.be\/wp-content\/uploads\/2018\/05\/png_logo-dgd.png'><img decoding=\"async\" width=\"150\" height=\"150\" src=\"https:\/\/www.justicepaix.be\/wp-content\/uploads\/2018\/05\/png_logo-dgd-150x150.png\" class=\"attachment-thumbnail size-thumbnail\" alt=\"logo-dgd.png\" \/><\/a>\n\t\t\t<\/div><\/figure><figure class='gallery-item'>\n\t\t\t<div class='gallery-icon landscape'>\n\t\t\t\t<a href='https:\/\/www.justicepaix.be\/wp-content\/uploads\/2018\/07\/jpg_2011_11_27_cjp_formation_comprendre_les_conflits_13-2.jpg'><img loading=\"lazy\" decoding=\"async\" width=\"150\" height=\"150\" src=\"https:\/\/www.justicepaix.be\/wp-content\/uploads\/2018\/07\/jpg_2011_11_27_cjp_formation_comprendre_les_conflits_13-2-150x150.jpg\" class=\"attachment-thumbnail size-thumbnail\" alt=\"2011_11_27_cjp_formation_comprendre_les_conflits_13-2.jpg\" \/><\/a>\n\t\t\t<\/div><\/figure><figure class='gallery-item'>\n\t\t\t<div class='gallery-icon landscape'>\n\t\t\t\t<a href='https:\/\/www.justicepaix.be\/wp-content\/uploads\/2018\/10\/jpg_2011_11_27_cjp_formation_comprendre_les_conflits_13-2-c9b26.jpg'><img loading=\"lazy\" decoding=\"async\" width=\"150\" height=\"150\" src=\"https:\/\/www.justicepaix.be\/wp-content\/uploads\/2018\/10\/jpg_2011_11_27_cjp_formation_comprendre_les_conflits_13-2-c9b26-150x150.jpg\" class=\"attachment-thumbnail size-thumbnail\" alt=\"2011_11_27_cjp_formation_comprendre_les_conflits_13-2-c9b26.jpg\" \/><\/a>\n\t\t\t<\/div><\/figure>\n\t\t<\/div>","protected":false},"excerpt":{"rendered":"<p>Pourquoi migre-t-on ? O\u00f9 vont ces personnes qui quittent leur village, leur maison ? Quelles sont leurs routes ? Ces questions seront le point de d\u00e9part d\u2019une formation de Caritas International et Justice et Paix visant \u00e0 se saisir de la complexit\u00e9 du ph\u00e9nom\u00e8ne migratoire pour mieux visualiser et comprendre une r\u00e9alit\u00e9 qui fait partie [&hellip;]<\/p>\n","protected":false},"author":62,"featured_media":15490,"comment_status":"closed","ping_status":"open","sticky":false,"template":"","format":"standard","meta":{"_acf_changed":false,"_seopress_robots_primary_cat":"","_seopress_titles_title":"","_seopress_titles_desc":"","_seopress_robots_index":"","footnotes":""},"categories":[2696],"tags":[],"class_list":["post-15491","post","type-post","status-publish","format-standard","has-post-thumbnail","hentry","category-actualites"],"acf":[],"_links":{"self":[{"href":"https:\/\/www.justicepaix.be\/en\/wp-json\/wp\/v2\/posts\/15491","targetHints":{"allow":["GET"]}}],"collection":[{"href":"https:\/\/www.justicepaix.be\/en\/wp-json\/wp\/v2\/posts"}],"about":[{"href":"https:\/\/www.justicepaix.be\/en\/wp-json\/wp\/v2\/types\/post"}],"author":[{"embeddable":true,"href":"https:\/\/www.justicepaix.be\/en\/wp-json\/wp\/v2\/users\/62"}],"replies":[{"embeddable":true,"href":"https:\/\/www.justicepaix.be\/en\/wp-json\/wp\/v2\/comments?post=15491"}],"version-history":[{"count":0,"href":"https:\/\/www.justicepaix.be\/en\/wp-json\/wp\/v2\/posts\/15491\/revisions"}],"wp:featuredmedia":[{"embeddable":true,"href":"https:\/\/www.justicepaix.be\/en\/wp-json\/wp\/v2\/media\/15490"}],"wp:attachment":[{"href":"https:\/\/www.justicepaix.be\/en\/wp-json\/wp\/v2\/media?parent=15491"}],"wp:term":[{"taxonomy":"category","embeddable":true,"href":"https:\/\/www.justicepaix.be\/en\/wp-json\/wp\/v2\/categories?post=15491"},{"taxonomy":"post_tag","embeddable":true,"href":"https:\/\/www.justicepaix.be\/en\/wp-json\/wp\/v2\/tags?post=15491"}],"curies":[{"name":"wp","href":"https:\/\/api.w.org\/{rel}","templated":true}]}}