{"id":15479,"date":"2018-06-26T16:32:46","date_gmt":"2018-06-26T16:32:46","guid":{"rendered":"https:\/\/demop.netbaz.be\/2021\/jp\/2018\/06\/26\/conference-l-age-des-low-tech\/"},"modified":"2021-04-14T11:53:20","modified_gmt":"2021-04-14T11:53:20","slug":"conference-the-age-of-low-tech","status":"publish","type":"post","link":"https:\/\/www.justicepaix.be\/en\/conference-l-age-des-low-tech\/","title":{"rendered":"Conference: The age of low tech"},"content":{"rendered":"<p class=\"post_excerpt\">\u201cWe must admit: the environmental problems we face cannot be solved simply by a series of technological innovations and industrial deployments of alternative solutions. (\u2026) Ultimately, we will have to go through sobriety and develop adapted technologies that are much more economical in terms of energy and resources. (\u2026) It\u2019s the whole idea of low tech, \u201clow technologies\u201d, as opposed to high tech. It is above all an approach, oriented towards the real economy of resources, neither obscurantist nor opposed to innovation or \u201cprogress\u201d, but seeking the most appropriate technologies.\u201d<\/p>\n<p><!--more--><br \/>\n<img fetchpriority=\"high\" decoding=\"async\" class=\"aligncenter size-full wp-image-15478\" src=\"http:\/\/demop.netbaz.be\/2021\/jp\/wp-content\/uploads\/2018\/06\/png_affiche_pays_0.4_4.png\" alt=\"poster_country_0.4_4.png\" align=\"center\" width=\"4266\" height=\"3200\" srcset=\"https:\/\/www.justicepaix.be\/wp-content\/uploads\/2018\/06\/png_affiche_pays_0.4_4.png 4266w, https:\/\/www.justicepaix.be\/wp-content\/uploads\/2018\/06\/png_affiche_pays_0.4_4-300x225.png 300w, https:\/\/www.justicepaix.be\/wp-content\/uploads\/2018\/06\/png_affiche_pays_0.4_4-1024x768.png 1024w, https:\/\/www.justicepaix.be\/wp-content\/uploads\/2018\/06\/png_affiche_pays_0.4_4-768x576.png 768w, https:\/\/www.justicepaix.be\/wp-content\/uploads\/2018\/06\/png_affiche_pays_0.4_4-1536x1152.png 1536w, https:\/\/www.justicepaix.be\/wp-content\/uploads\/2018\/06\/png_affiche_pays_0.4_4-2048x1536.png 2048w\" sizes=\"(max-width: 4266px) 100vw, 4266px\" \/><\/p>\n<p><strong>Low-tech, towards a technically sustainable civilization.<\/strong> Philippe Bihouix, author of the book The Age of Low Tech and founding member of the Momentum Institute (the Anthropocene and its outcomes), will take us to discover low tech and the opportunities that result from it, on the occasion of a conference organized by Louvain Agro Alumni and Louvain Engineers, Justice &amp; Peace and Louvain Cooperation on October 9.<\/p>\n<p>A drink will be offered at the end of the conference, organized jointly by the Cercle Agro and the CI. <\/p>\n<ul>\n<li> Registrations: <a href=\"https:\/\/docs.google.com\/forms\/d\/e\/1FAIpQLScuyaUR9Bqtlyyp7xRWoyB1tCQM4K-btrdGcdVuGqS91BHMqw\/viewform\">here<\/a>.<\/li>\n<\/ul>\n<ul>\n<li> PAF:<br \/>\n\u2013 Free for students and members of Justice &amp; Peace, Louvain Cooperation, Agro Louvain Alumni or AILouvain.<br \/>\n\u2013 15\u20ac for non-members and other interested parties (more information on the forms). <\/li>\n<\/ul>\n<ul>\n<li> Facebook event? <a href=\"https:\/\/www.facebook.com\/events\/158719044985950\/\">There<\/a>.<\/li>\n<\/ul>\n<div id='gallery-1' class='gallery galleryid-15479 gallery-columns-3 gallery-size-thumbnail'><figure class='gallery-item'>\n\t\t\t<div class='gallery-icon landscape'>\n\t\t\t\t<a href='https:\/\/www.justicepaix.be\/wp-content\/uploads\/2018\/06\/png_affiche_pays_0.4_4.png'><img decoding=\"async\" width=\"150\" height=\"150\" src=\"https:\/\/www.justicepaix.be\/wp-content\/uploads\/2018\/06\/png_affiche_pays_0.4_4-150x150.png\" class=\"attachment-thumbnail size-thumbnail\" alt=\"poster_country_0.4_4.png\" \/><\/a>\n\t\t\t<\/div><\/figure><figure class='gallery-item'>\n\t\t\t<div class='gallery-icon landscape'>\n\t\t\t\t<a href='https:\/\/www.justicepaix.be\/wp-content\/uploads\/2018\/07\/png_low_tech.png'><img decoding=\"async\" width=\"150\" height=\"110\" src=\"https:\/\/www.justicepaix.be\/wp-content\/uploads\/2018\/07\/png_low_tech-150x110.png\" class=\"attachment-thumbnail size-thumbnail\" alt=\"low_tech.png\" \/><\/a>\n\t\t\t<\/div><\/figure><figure class='gallery-item'>\n\t\t\t<div class='gallery-icon landscape'>\n\t\t\t\t<a href='https:\/\/www.justicepaix.be\/wp-content\/uploads\/2018\/07\/png_sliht.png'><img loading=\"lazy\" decoding=\"async\" width=\"150\" height=\"150\" src=\"https:\/\/www.justicepaix.be\/wp-content\/uploads\/2018\/07\/png_sliht-150x150.png\" class=\"attachment-thumbnail size-thumbnail\" alt=\"sliht.png\" \/><\/a>\n\t\t\t<\/div><\/figure>\n\t\t<\/div>","protected":false},"excerpt":{"rendered":"<p>\u00ab\u00a0Il faut l\u2019admettre : les probl\u00e8mes environnementaux auxquels nous faisons face ne pourront pas \u00eatre r\u00e9solus simplement par une s\u00e9rie d\u2019innovations technologiques et de d\u00e9ploiements industriels de solutions alternatives. (\u2026) A terme, nous devrons en passer par la sobri\u00e9t\u00e9 et d\u00e9velopper des technologies adapt\u00e9es beaucoup plus sobres en \u00e9nergie et ressources. (\u2026) C\u2019est toute l\u2019id\u00e9e [&hellip;]<\/p>\n","protected":false},"author":62,"featured_media":15478,"comment_status":"closed","ping_status":"open","sticky":false,"template":"","format":"standard","meta":{"_acf_changed":false,"_seopress_robots_primary_cat":"","_seopress_titles_title":"","_seopress_titles_desc":"","_seopress_robots_index":"","footnotes":""},"categories":[2689],"tags":[],"class_list":["post-15479","post","type-post","status-publish","format-standard","has-post-thumbnail","hentry","category-activites"],"acf":[],"_links":{"self":[{"href":"https:\/\/www.justicepaix.be\/en\/wp-json\/wp\/v2\/posts\/15479","targetHints":{"allow":["GET"]}}],"collection":[{"href":"https:\/\/www.justicepaix.be\/en\/wp-json\/wp\/v2\/posts"}],"about":[{"href":"https:\/\/www.justicepaix.be\/en\/wp-json\/wp\/v2\/types\/post"}],"author":[{"embeddable":true,"href":"https:\/\/www.justicepaix.be\/en\/wp-json\/wp\/v2\/users\/62"}],"replies":[{"embeddable":true,"href":"https:\/\/www.justicepaix.be\/en\/wp-json\/wp\/v2\/comments?post=15479"}],"version-history":[{"count":0,"href":"https:\/\/www.justicepaix.be\/en\/wp-json\/wp\/v2\/posts\/15479\/revisions"}],"wp:featuredmedia":[{"embeddable":true,"href":"https:\/\/www.justicepaix.be\/en\/wp-json\/wp\/v2\/media\/15478"}],"wp:attachment":[{"href":"https:\/\/www.justicepaix.be\/en\/wp-json\/wp\/v2\/media?parent=15479"}],"wp:term":[{"taxonomy":"category","embeddable":true,"href":"https:\/\/www.justicepaix.be\/en\/wp-json\/wp\/v2\/categories?post=15479"},{"taxonomy":"post_tag","embeddable":true,"href":"https:\/\/www.justicepaix.be\/en\/wp-json\/wp\/v2\/tags?post=15479"}],"curies":[{"name":"wp","href":"https:\/\/api.w.org\/{rel}","templated":true}]}}