{"id":15439,"date":"2018-05-15T14:19:10","date_gmt":"2018-05-15T14:19:10","guid":{"rendered":"https:\/\/demop.netbaz.be\/2021\/jp\/2018\/05\/15\/nouveau-traite-international-l-onu-sera-t-elle-enfin-en-mesure-de-nous-proteger\/"},"modified":"2021-04-14T11:52:44","modified_gmt":"2021-04-14T11:52:44","slug":"new-international-treaty-will-the-un-finally-be-able-to-protect-us","status":"publish","type":"post","link":"https:\/\/www.justicepaix.be\/en\/nouveau-traite-international-l-onu-sera-t-elle-enfin-en-mesure-de-nous-proteger\/","title":{"rendered":"New international treaty: will the UN finally be able to protect us from multinationals?"},"content":{"rendered":"\n\n\n\n<p class=\"post_excerpt\">Qui n\u2019a pas entendu parler d\u2019au moins un scandale li\u00e9 \u00e0 une entreprise ? Travail pr\u00e9caire et dangereux, travail des enfants, d\u00e9placement et empoisonnement de populations, \u00e9vasion fiscale, financement de groupes arm\u00e9s&#8230; La liste des violations des droits humains commises directement ou indirectement par les multinationales est longue et inqui\u00e9tante. Tout comme la file des victimes qui r\u00e9clament justice. Les citoyens font les frais des entreprises, devenues de plus en plus puissantes et de moins en moins contr\u00f4lables, y compris par les \u00c9tats. Face \u00e0 cette impunit\u00e9 r\u00e9sultant de nombreux obstacles juridiques, le trait\u00e9 actuellement n\u00e9goci\u00e9 \u00e0 l\u2019Organisation des Nations Unies (ONU) sur la responsabilit\u00e9 des entreprises sera-t-il enfin la solution ?\n<\/p>\n\n\n<!--more-->\n<bloc> La toute-puissance des multinationales\n\n\nDepuis la globalisation de l\u2019\u00e9conomie, et tout particuli\u00e8rement depuis la fin des ann\u00e9es 80, les entreprises gagnent de nouveaux march\u00e9s, fusionnent et \u00e9tendent leur influence. En 2016, selon l\u2019ONG britannique <a href=\"http:\/\/www.globaljustice.org.uk\/news\/2016\/sep\/12\/10-biggest-corporations-make-more-money-most-countries-world-combined\">Global Justice Now<\/a>, 69 des 100 plus grandes entit\u00e9s \u00e9conomiques mondiales \u00e9taient des entreprises plut\u00f4t que des pays. Encore plus d\u00e9routant : les 10 plus grandes multinationales p\u00e8sent actuellement davantage financi\u00e8rement que 180 \u00c9tats. Un ph\u00e9nom\u00e8ne de concentration qui s\u2019acc\u00e9l\u00e8re et \u00e9chappe au contr\u00f4le des \u00c9tats. Nous assistons ainsi \u00e0 l\u2019\u00e9mergence de nouvelles formes de pouvoir qui fa\u00e7onnent les relations internationales actuelles.\n\n\nMais qui est responsable ? Les \u00c9tats, qui cherchent \u00e0 retenir les entreprises sur leur territoire ou attirer de nouveaux investisseurs, ont cr\u00e9\u00e9 des r\u00e9gimes fiscaux, n\u00e9goci\u00e9 des accords commerciaux et accord\u00e9 des programmes d\u2019aide extr\u00eamement favorables aux entreprises. Ils ont ainsi, en partie, permis cette mont\u00e9e en puissance entra\u00eenant une d\u00e9r\u00e9gulation. Souvent \u00e0 leurs d\u00e9pens <span class=\"footnote_referrer\"><a role=\"button\" tabindex=\"0\" onclick=\"footnote_moveToReference_15439_1('footnote_plugin_reference_15439_1_1');\" onkeypress=\"footnote_moveToReference_15439_1('footnote_plugin_reference_15439_1_1');\" ><sup id=\"footnote_plugin_tooltip_15439_1_1\" class=\"footnote_plugin_tooltip_text\">[1]<\/sup><\/a><span id=\"footnote_plugin_tooltip_text_15439_1_1\" class=\"footnote_tooltip\">Les nouveaux trait\u00e9s de libre-\u00e9change prot\u00e8gent de plus en plus les investisseurs, leur permettant d\u00e9sormais de poursuivre un \u00c9tat devant une cour d\u2019arbitrage. Pour se faire une id\u00e9e : il y a&nbsp;&#x2026; <span class=\"footnote_tooltip_continue\"  onclick=\"footnote_moveToReference_15439_1('footnote_plugin_reference_15439_1_1');\">Continuer la lecture<\/span><\/span><\/span><script type=\"text\/javascript\"> jQuery('#footnote_plugin_tooltip_15439_1_1').tooltip({ tip: '#footnote_plugin_tooltip_text_15439_1_1', tipClass: 'footnote_tooltip', effect: 'fade', predelay: 0, fadeInSpeed: 200, delay: 400, fadeOutSpeed: 200, position: 'top center', relative: true, offset: [-7, 0], });<\/script>. R\u00e9sultat : notre syst\u00e8me \u00e9conomique profite \u00e0 un nombre de plus en plus restreint <span class=\"footnote_referrer\"><a role=\"button\" tabindex=\"0\" onclick=\"footnote_moveToReference_15439_1('footnote_plugin_reference_15439_1_2');\" onkeypress=\"footnote_moveToReference_15439_1('footnote_plugin_reference_15439_1_2');\" ><sup id=\"footnote_plugin_tooltip_15439_1_2\" class=\"footnote_plugin_tooltip_text\">[2]<\/sup><\/a><span id=\"footnote_plugin_tooltip_text_15439_1_2\" class=\"footnote_tooltip\">Selon le dernier rapport d\u2019Oxfam sur les in\u00e9galit\u00e9s, en 2017 82 % des richesses cr\u00e9\u00e9es ont b\u00e9n\u00e9fici\u00e9 aux 1 % les plus riches de la population mondiale, alors que les 3,7 milliards de&nbsp;&#x2026; <span class=\"footnote_tooltip_continue\"  onclick=\"footnote_moveToReference_15439_1('footnote_plugin_reference_15439_1_2');\">Continuer la lecture<\/span><\/span><\/span><script type=\"text\/javascript\"> jQuery('#footnote_plugin_tooltip_15439_1_2').tooltip({ tip: '#footnote_plugin_tooltip_text_15439_1_2', tipClass: 'footnote_tooltip', effect: 'fade', predelay: 0, fadeInSpeed: 200, delay: 400, fadeOutSpeed: 200, position: 'top center', relative: true, offset: [-7, 0], });<\/script> et g\u00e9n\u00e8re toujours plus de victimes, consid\u00e9r\u00e9es comme les \u00ab grands perdants de la mondialisation \u00bb.\n\n\n<strong>Entreprises multinationales ou transnationales ? Quelle est la diff\u00e9rence ?<\/strong>\n\n\nLes deux termes renvoient \u00e0 des entit\u00e9s \u00e9conomiques op\u00e9rant dans plusieurs pays \u00e0 travers des filiales de production ou de contr\u00f4le. Leurs structures juridiques et commerciales qui transcendent les \u00c9tats sont souvent tr\u00e8s complexes. Il est donc parfois difficile de d\u00e9terminer qui est responsable de quoi et o\u00f9. Flou juridique dont se jouent certaines entreprises.\n\n\nLe terme multinational a \u00e9t\u00e9 jusqu\u2019\u00e0 pr\u00e9sent plus commun\u00e9ment utilis\u00e9. En revanche, l\u2019ONU utilise le terme transnational, pr\u00e9f\u00e9r\u00e9 des \u00c9tats du Sud et renvoyant mieux \u00e0 la r\u00e9alit\u00e9 de ces grandes entreprises. Dans cette analyse les deux termes sont utilis\u00e9s de mani\u00e8re interchangeable.\n<\/bloc>\n\n\n<bloc> Une impunit\u00e9 g\u00e9n\u00e9ralis\u00e9e\n\n\nCette course aux profits se fait au d\u00e9triment des droits fondamentaux de millions de personnes pour qui l\u2019acc\u00e8s \u00e0 la justice demeure tr\u00e8s probl\u00e9matique. Les raisons sont multiples, parmi lesquelles on peut citer : les difficult\u00e9s \u00e0 identifier la juridiction comp\u00e9tente dans le cas d\u2019une entreprise transnationale, l\u2019absence de reconnaissance de responsabilit\u00e9 p\u00e9nale des entreprises par certains \u00c9tats, le co\u00fbt colossal des proc\u00e8s, les intimidations voire les meurtres des demandeurs <span class=\"footnote_referrer\"><a role=\"button\" tabindex=\"0\" onclick=\"footnote_moveToReference_15439_1('footnote_plugin_reference_15439_1_3');\" onkeypress=\"footnote_moveToReference_15439_1('footnote_plugin_reference_15439_1_3');\" ><sup id=\"footnote_plugin_tooltip_15439_1_3\" class=\"footnote_plugin_tooltip_text\">[3]<\/sup><\/a><span id=\"footnote_plugin_tooltip_text_15439_1_3\" class=\"footnote_tooltip\">Le Groupe de travail entreprises et droits humains de l\u2019ONU constate en effet une augmentation significative des meurtres, attaques, menaces et harc\u00e8lements contre les d\u00e9fenseurs des droits&nbsp;&#x2026; <span class=\"footnote_tooltip_continue\"  onclick=\"footnote_moveToReference_15439_1('footnote_plugin_reference_15439_1_3');\">Continuer la lecture<\/span><\/span><\/span><script type=\"text\/javascript\"> jQuery('#footnote_plugin_tooltip_15439_1_3').tooltip({ tip: '#footnote_plugin_tooltip_text_15439_1_3', tipClass: 'footnote_tooltip', effect: 'fade', predelay: 0, fadeInSpeed: 200, delay: 400, fadeOutSpeed: 200, position: 'top center', relative: true, offset: [-7, 0], });<\/script>. Dans le cas du Rana Plaza par exemple, toutes les tentatives judiciaires des milliers de victimes de l\u2019effondrement de l\u2019usine de textile sont rest\u00e9es sans suite.\n\n\nOutre ces obstacles, la lenteur des proc\u00e8s pousse certaines victimes \u00e0 abandonner en cours de proc\u00e9dure ou devoir patienter toute leur vie sans obtenir de jugement. Et dans les rares cas o\u00f9 les entreprises sont condamn\u00e9es \u00e0 payer des amendes, celles-ci sont g\u00e9n\u00e9ralement marginales compar\u00e9es aux vastes ressources dont dispose l&rsquo;entreprise. Elles n\u2019ont donc aucun effet r\u00e9pressif ou dissuasif.\n\n\nEnfin, certaines entreprises \u00e9chappent aussi \u00e0 la justice en payant aux victimes du contentieux une compensation, prix de leur silence <span class=\"footnote_referrer\"><a role=\"button\" tabindex=\"0\" onclick=\"footnote_moveToReference_15439_1('footnote_plugin_reference_15439_1_4');\" onkeypress=\"footnote_moveToReference_15439_1('footnote_plugin_reference_15439_1_4');\" ><sup id=\"footnote_plugin_tooltip_15439_1_4\" class=\"footnote_plugin_tooltip_text\">[4]<\/sup><\/a><span id=\"footnote_plugin_tooltip_text_15439_1_4\" class=\"footnote_tooltip\">Pour une \u00e9tude de cas plus d\u00e9taill\u00e9e, voir Blackburn D. (2017), Removing Barriers to Justice &#8211; How a treaty on business and human rights could improve access to remedy for victims, ICTUR.<\/span><\/span><script type=\"text\/javascript\"> jQuery('#footnote_plugin_tooltip_15439_1_4').tooltip({ tip: '#footnote_plugin_tooltip_text_15439_1_4', tipClass: 'footnote_tooltip', effect: 'fade', predelay: 0, fadeInSpeed: 200, delay: 400, fadeOutSpeed: 200, position: 'top center', relative: true, offset: [-7, 0], });<\/script>. Un bon nombre d\u2019entreprises ne reconnaissent ainsi jamais leur culpabilit\u00e9. Cela aboutit donc \u00e0 une double injustice : lors de l\u2019atteinte aux droits humains en tant que telle, puis dans l\u2019absence de r\u00e9paration r\u00e9elle et morale. \n<\/bloc>\n\n\n<bloc> Des r\u00e8gles limit\u00e9es\n\n\nFace \u00e0 ces d\u00e9fis juridiques et politiques, les grandes instances internationales se sont pench\u00e9es sur ce probl\u00e8me vers la fin du XX\u00e8me si\u00e8cle. L&rsquo;Organisation de coop\u00e9ration et de d\u00e9veloppement \u00e9conomiques (<a href=\"http:\/\/www.oecd.org\/fr\/apropos\/\">OCDE<\/a>) a ainsi adopt\u00e9 en 1976 les Principes directeurs \u00e0 l&rsquo;intention des entreprises multinationales. L\u2019OCDE s\u2019est \u00e9galement attaqu\u00e9e \u00e0 un secteur particulier en adoptant en 2010 un Guide sur le devoir de diligence pour des cha\u00eenes d\u2019approvisionnement responsables en minerais provenant de zones de conflit ou \u00e0 haut risque. Ce guide a depuis \u00e9t\u00e9 approuv\u00e9 par 42 pays membres et non-membres de l\u2019OCDE.\n\n\nLe Conseil des droits de l\u2019Homme de l\u2019ONU a de son c\u00f4t\u00e9 adopt\u00e9 en 2011, les Principes directeurs sur les droits de l\u2019Homme et les entreprises qui s\u2019appliquent \u00e0 tous les \u00c9tats et \u00e0 toutes les entreprises commerciales, transnationales ou autres, ind\u00e9pendamment de leurs taille, secteur et lieu d\u2019implantation. Ceux-ci visent, th\u00e9oriquement, \u00e0 am\u00e9liorer les normes et les pratiques concernant les entreprises et les droits humains.\n\n\nBien que repr\u00e9sentant une avanc\u00e9e importante et une bonne base de consensus, ces principes ne sont pas obligatoires et ne sont accompagn\u00e9s d\u2019aucun m\u00e9canisme de surveillance <span class=\"footnote_referrer\"><a role=\"button\" tabindex=\"0\" onclick=\"footnote_moveToReference_15439_1('footnote_plugin_reference_15439_1_5');\" onkeypress=\"footnote_moveToReference_15439_1('footnote_plugin_reference_15439_1_5');\" ><sup id=\"footnote_plugin_tooltip_15439_1_5\" class=\"footnote_plugin_tooltip_text\">[5]<\/sup><\/a><span id=\"footnote_plugin_tooltip_text_15439_1_5\" class=\"footnote_tooltip\">Ces r\u00e8gles de \u00ab soft law \u00bb (\u00ab droit mou \u00bb en fran\u00e7ais) portent bien leur nom.<\/span><\/span><script type=\"text\/javascript\"> jQuery('#footnote_plugin_tooltip_15439_1_5').tooltip({ tip: '#footnote_plugin_tooltip_text_15439_1_5', tipClass: 'footnote_tooltip', effect: 'fade', predelay: 0, fadeInSpeed: 200, delay: 400, fadeOutSpeed: 200, position: 'top center', relative: true, offset: [-7, 0], });<\/script>. Leur mise en \u0153uvre est donc laiss\u00e9e \u00e0 la compl\u00e8te discr\u00e9tion des entreprises. Malheureusement, l\u2019exp\u00e9rience montre qu\u2019on ne peut se fier seulement \u00e0 la bonne volont\u00e9 des \u00c9tats et des entreprises qui appellent \u00e0 une r\u00e9gulation par l\u2019\u00e9thique plut\u00f4t que par le droit.\n\n\nAu contraire, sept ans apr\u00e8s l\u2019adoption des Principes directeurs, seulement 18 pays les ont transpos\u00e9s dans leur l\u00e9gislation nationale (par exemple sous forme de <a href=\"https:\/\/www.justicepaix.be\/Le-Plan-d-Action-National-belge-Entreprises-et-Droits-de-l-Homme-la-societe\">Plan d\u2019Action National<\/a>) et tr\u00e8s peu d\u2019entreprises mettent r\u00e9ellement en \u0153uvre leurs obligations <span class=\"footnote_referrer\"><a role=\"button\" tabindex=\"0\" onclick=\"footnote_moveToReference_15439_1('footnote_plugin_reference_15439_1_6');\" onkeypress=\"footnote_moveToReference_15439_1('footnote_plugin_reference_15439_1_6');\" ><sup id=\"footnote_plugin_tooltip_15439_1_6\" class=\"footnote_plugin_tooltip_text\">[6]<\/sup><\/a><span id=\"footnote_plugin_tooltip_text_15439_1_6\" class=\"footnote_tooltip\">Le rapport sur l\u2019activit\u00e9 mini\u00e8re responsable de 2018 montre par exemple que sur 30 entreprises mini\u00e8res analys\u00e9es, seule la moiti\u00e9 s\u2019est formellement engag\u00e9e \u00e0 s\u2019aligner sur les&nbsp;&#x2026; <span class=\"footnote_tooltip_continue\"  onclick=\"footnote_moveToReference_15439_1('footnote_plugin_reference_15439_1_6');\">Continuer la lecture<\/span><\/span><\/span><script type=\"text\/javascript\"> jQuery('#footnote_plugin_tooltip_15439_1_6').tooltip({ tip: '#footnote_plugin_tooltip_text_15439_1_6', tipClass: 'footnote_tooltip', effect: 'fade', predelay: 0, fadeInSpeed: 200, delay: 400, fadeOutSpeed: 200, position: 'top center', relative: true, offset: [-7, 0], });<\/script>. Les violations des droits humains persistent donc en toute impunit\u00e9.\n\n\nEn 2017, apr\u00e8s de longues ann\u00e9es de plaidoyer et de d\u00e9bats parlementaires, la France est le premier pays au monde \u00e0 avoir adopt\u00e9 une loi qui oblige concr\u00e8tement les multinationales \u00e0 respecter les droits humains et de l\u2019environnement, y compris dans le cadre des activit\u00e9s de leurs filiales, sous-traitants et fournisseurs. \nBien qu\u2019il soit encore trop t\u00f4t pour \u00e9valuer ses impacts, cette loi reste un exemple \u00e0 suivre pour les autres pays europ\u00e9ens ; dont la Belgique qui brille toujours par un manque d\u2019ambition manifeste sur la th\u00e9matique. \n<\/bloc>\n\n\n<bloc> La solution pour que ces principes deviennent r\u00e9alit\u00e9\n\n\nApr\u00e8s un premier \u00e9chec de tentative de r\u00e9gularisation, le Conseil des droits de l\u2019Homme de l\u2019ONU a r\u00e9pondu aux appels insistants de <a href=\"https:\/\/www.justicepaix.be\/Business-and-Human-Rights\">la soci\u00e9t\u00e9 civile<\/a> en cr\u00e9ant en 2014 un groupe intergouvernemental de travail. Ce dernier est <a href=\"http:\/\/ap.ohchr.org\/Documents\/F\/HRC\/d_res_dec\/A_HRC_26_L22_rev1.pdf\">mandat\u00e9<\/a> pour \u00e9laborer un instrument international juridiquement contraignant destin\u00e9 \u00e0 r\u00e9glementer les activit\u00e9s des soci\u00e9t\u00e9s transnationales et autres entreprises.\nBien qu\u2019ambitieux et n\u00e9cessitant plusieurs ann\u00e9es de n\u00e9gociations avant d\u2019aboutir, l\u2019adoption d\u2019un tel trait\u00e9 est tout \u00e0 fait r\u00e9aliste. En effet, malgr\u00e9 l\u2019obstruction initiale d\u2019un certain nombre de pays et de l\u2019Union europ\u00e9enne, les conclusions de la session de n\u00e9gociation d\u2019octobre 2017 le confirment : il y aura bien un trait\u00e9 obligatoire sur les entreprises ! C\u2019est maintenant aux \u00c9tats membres de faire leurs premi\u00e8res propositions et d\u2019avancer \u00e0 la table des n\u00e9gociations.\n\n\n<strong>Pour <a href=\"https:\/\/www.justicepaix.be\/Business-et-droits-humains-une-realite-inconciliable\">Justice et Paix<\/a>, le trait\u00e9 de l\u2019ONU doit imp\u00e9rativement<\/strong> :\n\n\n\n<ul><li> Reconna\u00eetre <strong>la primaut\u00e9 des droits humains<\/strong> sur le droit commercial et d\u2019investissement par une responsabilit\u00e9 de <strong>toutes les entreprises<\/strong> (pas seulement les transnationales) ;<\/li><li> S\u2019appliquer \u00e0 <strong>tous les secteurs<\/strong> (minerais, textile, agroalimentaire\u2026) et \u00e0 <strong>tous les droits<\/strong> reconnus, y compris les normes internationales du travail de l\u2019OIT ;<\/li><li> D\u00e9tailler toutes les \u00e9tapes du devoir de diligence en mettant un <strong>accent particulier sur les mesures pr\u00e9ventives<\/strong> ;<\/li><li> Inclure des <strong>obligations extraterritoriales<\/strong> afin d\u2019\u00e9viter qu\u2019une entreprise profite de son caract\u00e8re \u00ab multinational \u00bb pour \u00e9chapper \u00e0 la justice ;<\/li><li> Reconna\u00eetre la <strong>responsabilit\u00e9 p\u00e9nale des entreprises<\/strong> dans les codes p\u00e9naux nationaux ;<\/li><li> <strong>Prot\u00e9ger les lanceurs d\u2019alerte et d\u00e9fenseurs des droits humains<\/strong> ;<\/li><li> <strong>Renverser la charge de la preuve sur les entreprises<\/strong> : actuellement, c\u2019est \u00e0 la victime de prouver l\u2019existence d\u2019un dommage, la faute \u00e0 l\u2019origine de celui-ci et le lien de causalit\u00e9 entre les deux. Au vu de la diff\u00e9rence manifeste de ressources, il serait plus \u00e9quitable que ce soit la partie la plus forte, donc l\u2019entreprise, qui porte la charge de la preuve ;<\/li><li> <strong>Faciliter l\u2019acc\u00e8s \u00e0 la justice en diminuant les co\u00fbts des proc\u00e9dures <\/strong> et cr\u00e9er un fonds financ\u00e9 par les \u00c9tats signataires pour aider les victimes les plus pauvres \u00e0 introduire une demande en r\u00e9paration.<\/li><\/ul>\n\n\nQuel que soit le nombre de propositions retenues dans la version finale, ce trait\u00e9 ne doit en aucun cas freiner l\u2019adoption ou l\u2019am\u00e9lioration de l\u00e9gislations nationales et europ\u00e9ennes. Au contraire, celles-ci sont compl\u00e9mentaires et doivent permettre de d\u00e9finir des r\u00e8gles du jeu \u00e9quitables, plus adapt\u00e9es \u00e0 l\u2019heure de la mondialisation.\n<\/bloc>\n\n\n<bloc> Les citoyens belges, directement acteurs\n\n\nNous n\u2019en sommes pas toujours conscients mais nous contribuons d\u2019une certaine mani\u00e8re \u00e0 perp\u00e9tuer ce cercle vicieux. A l\u2019autre bout de la cha\u00eene de production et parfois \u00e0 l\u2019autre bout du monde, nous achetons des produits sans toujours conna\u00eetre leur provenance ni leurs conditions de fabrication. \n\n\nL\u2019exemple des nouvelles technologies est \u00e9loquent : toujours plus friands d\u2019objets high-tech, nous en oublions souvent leur impact direct sur les personnes qui interviennent dans le processus de production. Ces objets tr\u00e8s rapidement obsol\u00e8tes <span class=\"footnote_referrer\"><a role=\"button\" tabindex=\"0\" onclick=\"footnote_moveToReference_15439_1('footnote_plugin_reference_15439_1_7');\" onkeypress=\"footnote_moveToReference_15439_1('footnote_plugin_reference_15439_1_7');\" ><sup id=\"footnote_plugin_tooltip_15439_1_7\" class=\"footnote_plugin_tooltip_text\">[7]<\/sup><\/a><span id=\"footnote_plugin_tooltip_text_15439_1_7\" class=\"footnote_tooltip\">Chaque ann\u00e9e, plus de 100 millions de GSM sont abandonn\u00e9s en Europe apr\u00e8s avoir \u00e9t\u00e9 utilis\u00e9s seulement quelques mois.<\/span><\/span><script type=\"text\/javascript\"> jQuery('#footnote_plugin_tooltip_15439_1_7').tooltip({ tip: '#footnote_plugin_tooltip_text_15439_1_7', tipClass: 'footnote_tooltip', effect: 'fade', predelay: 0, fadeInSpeed: 200, delay: 400, fadeOutSpeed: 200, position: 'top center', relative: true, offset: [-7, 0], });<\/script>, ont des cons\u00e9quences douloureuses, autant sur le plan humain qu\u2019environnemental. Nos GSM par exemple contiennent pas moins de 60 minerais. De l\u2019extraction dans les mines artisanales de la R\u00e9publique D\u00e9mocratique du Congo o\u00f9 travaillent des enfants et s\u00e9vissent des groupes arm\u00e9s, aux usines de production malaisiennes o\u00f9 travaillent des migrants dans des conditions parfois proches du <a href=\"http:\/\/www.liberation.fr\/planete\/2015\/03\/11\/dans-les-usines-de-malaisie-nous-sommes-traites-comme-des-animaux_1218841\">servage<\/a>, jusqu\u2019\u00e0 nos poches : tout au long de la cha\u00eene d\u2019approvisionnement de nombreuses personnes n\u2019ont d\u2019autre choix que d\u2019accepter des salaires ind\u00e9cents, des conditions de travail pr\u00e9caires et dangereuses pour tenter de survivre.\n\n\nNous ne pouvons donc plus fermer les yeux sur les enjeux humains li\u00e9s \u00e0 notre consommation. Au contraire, en tant que citoyens et consommateurs responsable, nous pouvons avoir un impact positif en consommant moins, mieux et surtout, en demandant plus de garanties et de transparence de la part des entreprises transnationales. L\u2019industrie doit s\u2019adapter face \u00e0 une demande plus conscientis\u00e9e, plus exigeante des consommateurs. Si nous le d\u00e9cidons, notre mode de consommation pourrait donc devenir un acte politique et pousser les entreprises \u00e0 changer radicalement leur mode op\u00e9ratoire.\n\n\n<strong>Que puis-je faire en tant que citoyen ? <\/strong> \n\n\n\n<ul><li> Me renseigner sur la marque, la provenance et les conditions de production de ce que j\u2019ach\u00e8te. Eventuellement boycotter certaines marques connues pour la violation de droits humains. Par exemple, le site de l\u2019ONG achACT (http:\/\/www.achact.be\/) et l\u2019application \u00ab Fair Fashion \u00bb contiennent des informations int\u00e9ressantes sur les entreprises d\u2019habillement ;<\/li><li> <a href=\"http:\/\/www.treatymovement.com\/declaration\/\">Signer la p\u00e9tition de l\u2019Alliance pour un Trait\u00e9 de l\u2019ONU<\/a>;<\/li><li> Exercer une pression sur les responsables politiques, en envoyant un email ou une lettre au Ministre des affaires \u00e9trang\u00e8res. Justice et Paix peut \u00e0 cet effet fournir des mod\u00e8les ; <\/li><li> Faire du bruit, en parler autour de moi, en famille et avec mes amis, partager les informations sur les r\u00e9seaux sociaux.<\/li><\/ul>\n\n\n<a href=\"http:\/\/www.treatymovement.com\/pour-se-mobiliser-encore-plus\/\">Pour plus d\u2019id\u00e9es<\/a>\n<\/bloc>\n\n\n<bloc> Conclusion \n\n\nLe processus est d\u00e9sormais lanc\u00e9, et c\u2019est un pas dans la bonne direction. Maintenant, chacun \u00e0 son niveau, responsables politiques, membres de la soci\u00e9t\u00e9 civile et citoyens doivent rester vigilants et \u00eatre conscients du lobby tr\u00e8s puissant des entreprises qui vont tenter de se soustraire \u00e0 leurs obligations. Nous devons donc maintenir l\u2019attention nationale et internationale pour que ce projet de trait\u00e9 se concr\u00e9tise rapidement avec un minimum de r\u00e8gles contraignantes et efficaces. Ce trait\u00e9 permettrait aux \u00ab grands perdants de la mondialisation \u00bb, rendus encore plus vuln\u00e9rables, d\u2019\u00eatre enfin prot\u00e9g\u00e9s et d\u2019avoir acc\u00e8s \u00e0 la justice ainsi qu\u2019\u00e0 la r\u00e9paration qu\u2019ils m\u00e9ritent. Le sort de milliers de personnes d\u00e9pend aujourd\u2019hui de ces n\u00e9gociations.\n<\/bloc>\n\n\n<strong>Agathe Smyth<\/strong>\n\n\n<div id='gallery-1' class='gallery galleryid-15439 gallery-columns-3 gallery-size-thumbnail'><figure class='gallery-item'>\n\t\t\t<div class='gallery-icon landscape'>\n\t\t\t\t<a href='https:\/\/www.justicepaix.be\/wp-content\/uploads\/2018\/05\/jpg_support_un_treaty.jpg'><img decoding=\"async\" width=\"150\" height=\"150\" src=\"https:\/\/www.justicepaix.be\/wp-content\/uploads\/2018\/05\/jpg_support_un_treaty-150x150.jpg\" class=\"attachment-thumbnail size-thumbnail\" alt=\"support_un_treaty.jpg\" srcset=\"https:\/\/www.justicepaix.be\/wp-content\/uploads\/2018\/05\/jpg_support_un_treaty-150x150.jpg 150w, https:\/\/www.justicepaix.be\/wp-content\/uploads\/2018\/05\/jpg_support_un_treaty-300x300.jpg 300w, https:\/\/www.justicepaix.be\/wp-content\/uploads\/2018\/05\/jpg_support_un_treaty.jpg 750w\" sizes=\"(max-width: 150px) 100vw, 150px\" \/><\/a>\n\t\t\t<\/div><\/figure><figure class='gallery-item'>\n\t\t\t<div class='gallery-icon landscape'>\n\t\t\t\t<a href='https:\/\/www.justicepaix.be\/wp-content\/uploads\/2018\/05\/jpg_support_un_treaty-2.jpg'><img decoding=\"async\" width=\"150\" height=\"150\" src=\"https:\/\/www.justicepaix.be\/wp-content\/uploads\/2018\/05\/jpg_support_un_treaty-2-150x150.jpg\" class=\"attachment-thumbnail size-thumbnail\" alt=\"support_un_treaty-2.jpg\" srcset=\"https:\/\/www.justicepaix.be\/wp-content\/uploads\/2018\/05\/jpg_support_un_treaty-2-150x150.jpg 150w, https:\/\/www.justicepaix.be\/wp-content\/uploads\/2018\/05\/jpg_support_un_treaty-2-300x300.jpg 300w, https:\/\/www.justicepaix.be\/wp-content\/uploads\/2018\/05\/jpg_support_un_treaty-2.jpg 750w\" sizes=\"(max-width: 150px) 100vw, 150px\" \/><\/a>\n\t\t\t<\/div><\/figure>\n\t\t<\/div>\n\n<h2 class=\"wp-block-heading\">Documents joints<\/h2>\n\n\n\n<div class=\"wp-block-file\"><a href=\"http:\/\/demop.netbaz.be\/2021\/jp\/wp-content\/uploads\/2018\/05\/pdf_2018_analyse_nouveau_traite_international.pdf\">Nouveau trait\u00e9 international<\/a><\/div>\n\n\n<div class=\"speaker-mute footnotes_reference_container\"> <div class=\"footnote_container_prepare\"><p><span role=\"button\" tabindex=\"0\" class=\"footnote_reference_container_label pointer\" onclick=\"footnote_expand_collapse_reference_container_15439_1();\">Notes<\/span><span role=\"button\" tabindex=\"0\" class=\"footnote_reference_container_collapse_button\" style=\"display: none;\" onclick=\"footnote_expand_collapse_reference_container_15439_1();\">[<a id=\"footnote_reference_container_collapse_button_15439_1\">+<\/a>]<\/span><\/p><\/div> <div id=\"footnote_references_container_15439_1\" style=\"\"><table class=\"footnotes_table footnote-reference-container\"><caption class=\"accessibility\">Notes<\/caption> <tbody> \r\n\r\n<tr class=\"footnotes_plugin_reference_row\"> <th scope=\"row\" id=\"footnote_plugin_reference_15439_1_1\" class=\"footnote_plugin_index pointer\" onclick=\"footnote_moveToAnchor_15439_1('footnote_plugin_tooltip_15439_1_1');\"><a role=\"button\" tabindex=\"0\" class=\"footnote_plugin_link\" ><span class=\"footnote_index_arrow\">&#8593;<\/span>1<\/a><\/th> <td class=\"footnote_plugin_text\">Les nouveaux trait\u00e9s de libre-\u00e9change prot\u00e8gent de plus en plus les investisseurs, leur permettant d\u00e9sormais de poursuivre un \u00c9tat devant une cour d\u2019arbitrage. Pour se faire une id\u00e9e : il y a actuellement plus de 700 cas d\u2019arbitrage en cours et chacun co\u00fbte en moyenne 8 millions de dollars en frais judiciaires. Voir \u00e0 ce sujet David E. et Lef\u00e8vre G. (2015), Juger les multinationales, Mardaga-GRIP.<\/td><\/tr>\r\n\r\n<tr class=\"footnotes_plugin_reference_row\"> <th scope=\"row\" id=\"footnote_plugin_reference_15439_1_2\" class=\"footnote_plugin_index pointer\" onclick=\"footnote_moveToAnchor_15439_1('footnote_plugin_tooltip_15439_1_2');\"><a role=\"button\" tabindex=\"0\" class=\"footnote_plugin_link\" ><span class=\"footnote_index_arrow\">&#8593;<\/span>2<\/a><\/th> <td class=\"footnote_plugin_text\">Selon le dernier rapport d\u2019Oxfam sur les in\u00e9galit\u00e9s, en 2017 82 % des richesses cr\u00e9\u00e9es ont b\u00e9n\u00e9fici\u00e9 aux 1 % les plus riches de la population mondiale, alors que les 3,7 milliards de personnes qui constituent la moiti\u00e9 la plus pauvre de l\u2019humanit\u00e9 n\u2019ont rien re\u00e7u.<\/td><\/tr>\r\n\r\n<tr class=\"footnotes_plugin_reference_row\"> <th scope=\"row\" id=\"footnote_plugin_reference_15439_1_3\" class=\"footnote_plugin_index pointer\" onclick=\"footnote_moveToAnchor_15439_1('footnote_plugin_tooltip_15439_1_3');\"><a role=\"button\" tabindex=\"0\" class=\"footnote_plugin_link\" ><span class=\"footnote_index_arrow\">&#8593;<\/span>3<\/a><\/th> <td class=\"footnote_plugin_text\">Le Groupe de travail entreprises et droits humains de l\u2019ONU constate en effet une augmentation significative des meurtres, attaques, menaces et harc\u00e8lements contre les d\u00e9fenseurs des droits humains qui s&rsquo;expriment contre les entreprises.<\/td><\/tr>\r\n\r\n<tr class=\"footnotes_plugin_reference_row\"> <th scope=\"row\" id=\"footnote_plugin_reference_15439_1_4\" class=\"footnote_plugin_index pointer\" onclick=\"footnote_moveToAnchor_15439_1('footnote_plugin_tooltip_15439_1_4');\"><a role=\"button\" tabindex=\"0\" class=\"footnote_plugin_link\" ><span class=\"footnote_index_arrow\">&#8593;<\/span>4<\/a><\/th> <td class=\"footnote_plugin_text\">Pour une \u00e9tude de cas plus d\u00e9taill\u00e9e, voir Blackburn D. (2017), Removing Barriers to Justice &#8211; How a treaty on business and human rights could improve access to remedy for victims, ICTUR.<\/td><\/tr>\r\n\r\n<tr class=\"footnotes_plugin_reference_row\"> <th scope=\"row\" id=\"footnote_plugin_reference_15439_1_5\" class=\"footnote_plugin_index pointer\" onclick=\"footnote_moveToAnchor_15439_1('footnote_plugin_tooltip_15439_1_5');\"><a role=\"button\" tabindex=\"0\" class=\"footnote_plugin_link\" ><span class=\"footnote_index_arrow\">&#8593;<\/span>5<\/a><\/th> <td class=\"footnote_plugin_text\">Ces r\u00e8gles de \u00ab soft law \u00bb (\u00ab droit mou \u00bb en fran\u00e7ais) portent bien leur nom.<\/td><\/tr>\r\n\r\n<tr class=\"footnotes_plugin_reference_row\"> <th scope=\"row\" id=\"footnote_plugin_reference_15439_1_6\" class=\"footnote_plugin_index pointer\" onclick=\"footnote_moveToAnchor_15439_1('footnote_plugin_tooltip_15439_1_6');\"><a role=\"button\" tabindex=\"0\" class=\"footnote_plugin_link\" ><span class=\"footnote_index_arrow\">&#8593;<\/span>6<\/a><\/th> <td class=\"footnote_plugin_text\"><a href=\"https:\/\/responsibleminingindex.org\/fr\">Le rapport sur l\u2019activit\u00e9 mini\u00e8re responsable<\/a> de 2018 montre par exemple que sur 30 entreprises mini\u00e8res analys\u00e9es, seule la moiti\u00e9 s\u2019est formellement engag\u00e9e \u00e0 s\u2019aligner sur les Principes directeurs de l\u2019ONU. Et seulement 30 % ont r\u00e9ellement mis en place des syst\u00e8mes pour \u00e9valuer les risques et pr\u00e9venir les effets n\u00e9gatifs sur les droits humains.<\/td><\/tr>\r\n\r\n<tr class=\"footnotes_plugin_reference_row\"> <th scope=\"row\" id=\"footnote_plugin_reference_15439_1_7\" class=\"footnote_plugin_index pointer\" onclick=\"footnote_moveToAnchor_15439_1('footnote_plugin_tooltip_15439_1_7');\"><a role=\"button\" tabindex=\"0\" class=\"footnote_plugin_link\" ><span class=\"footnote_index_arrow\">&#8593;<\/span>7<\/a><\/th> <td class=\"footnote_plugin_text\">Chaque ann\u00e9e, plus de 100 millions de GSM sont abandonn\u00e9s en Europe apr\u00e8s avoir \u00e9t\u00e9 utilis\u00e9s seulement quelques mois.<\/td><\/tr>\r\n\r\n <\/tbody> <\/table> <\/div><\/div><script type=\"text\/javascript\"> function footnote_expand_reference_container_15439_1() { jQuery('#footnote_references_container_15439_1').show(); jQuery('#footnote_reference_container_collapse_button_15439_1').text('\u2212'); } function footnote_collapse_reference_container_15439_1() { jQuery('#footnote_references_container_15439_1').hide(); jQuery('#footnote_reference_container_collapse_button_15439_1').text('+'); } function footnote_expand_collapse_reference_container_15439_1() { if (jQuery('#footnote_references_container_15439_1').is(':hidden')) { footnote_expand_reference_container_15439_1(); } else { footnote_collapse_reference_container_15439_1(); } } function footnote_moveToReference_15439_1(p_str_TargetID) { footnote_expand_reference_container_15439_1(); var l_obj_Target = jQuery('#' + p_str_TargetID); if (l_obj_Target.length) { jQuery( 'html, body' ).delay( 0 ); jQuery('html, body').animate({ scrollTop: l_obj_Target.offset().top - window.innerHeight * 0.2 }, 380); } } function footnote_moveToAnchor_15439_1(p_str_TargetID) { footnote_expand_reference_container_15439_1(); var l_obj_Target = jQuery('#' + p_str_TargetID); if (l_obj_Target.length) { jQuery( 'html, body' ).delay( 0 ); jQuery('html, body').animate({ scrollTop: l_obj_Target.offset().top - window.innerHeight * 0.2 }, 380); } }<\/script>","protected":false},"excerpt":{"rendered":"<p>Qui n\u2019a pas entendu parler d\u2019au moins un scandale li\u00e9 \u00e0 une entreprise ? Travail pr\u00e9caire et dangereux, travail des enfants, d\u00e9placement et empoisonnement de populations, \u00e9vasion fiscale, financement de groupes arm\u00e9s&#8230; La liste des violations des droits humains commises directement ou indirectement par les multinationales est longue et inqui\u00e9tante. Tout comme la file des [&hellip;]<\/p>\n","protected":false},"author":57,"featured_media":15441,"comment_status":"closed","ping_status":"open","sticky":false,"template":"","format":"standard","meta":{"_acf_changed":false,"_seopress_robots_primary_cat":"","_seopress_titles_title":"","_seopress_titles_desc":"","_seopress_robots_index":"","footnotes":""},"categories":[2722],"tags":[2795,2824,2839,2822,2815,2832,2793],"class_list":["post-15439","post","type-post","status-publish","format-standard","has-post-thumbnail","hentry","category-articles-nos-publications","tag-article","tag-droits-humains","tag-justice-sociale","tag-mondialisation","tag-plaidoyer","tag-responsabilite-du-consommateur","tag-societe-civile"],"acf":[],"_links":{"self":[{"href":"https:\/\/www.justicepaix.be\/en\/wp-json\/wp\/v2\/posts\/15439","targetHints":{"allow":["GET"]}}],"collection":[{"href":"https:\/\/www.justicepaix.be\/en\/wp-json\/wp\/v2\/posts"}],"about":[{"href":"https:\/\/www.justicepaix.be\/en\/wp-json\/wp\/v2\/types\/post"}],"author":[{"embeddable":true,"href":"https:\/\/www.justicepaix.be\/en\/wp-json\/wp\/v2\/users\/57"}],"replies":[{"embeddable":true,"href":"https:\/\/www.justicepaix.be\/en\/wp-json\/wp\/v2\/comments?post=15439"}],"version-history":[{"count":0,"href":"https:\/\/www.justicepaix.be\/en\/wp-json\/wp\/v2\/posts\/15439\/revisions"}],"wp:featuredmedia":[{"embeddable":true,"href":"https:\/\/www.justicepaix.be\/en\/wp-json\/wp\/v2\/media\/15441"}],"wp:attachment":[{"href":"https:\/\/www.justicepaix.be\/en\/wp-json\/wp\/v2\/media?parent=15439"}],"wp:term":[{"taxonomy":"category","embeddable":true,"href":"https:\/\/www.justicepaix.be\/en\/wp-json\/wp\/v2\/categories?post=15439"},{"taxonomy":"post_tag","embeddable":true,"href":"https:\/\/www.justicepaix.be\/en\/wp-json\/wp\/v2\/tags?post=15439"}],"curies":[{"name":"wp","href":"https:\/\/api.w.org\/{rel}","templated":true}]}}