{"id":15437,"date":"2018-04-19T14:24:21","date_gmt":"2018-04-19T14:24:21","guid":{"rendered":"https:\/\/demop.netbaz.be\/2021\/jp\/2018\/04\/19\/cap-vers-une-societe-numerique-durable-un-defi-majeur-pour-notre-temps\/"},"modified":"2021-04-14T11:52:44","modified_gmt":"2021-04-14T11:52:44","slug":"cap-vers-une-societe-numerique-durable-un-defi-majeur-pour-notre-temps","status":"publish","type":"post","link":"https:\/\/www.justicepaix.be\/en\/cap-vers-une-societe-numerique-durable-un-defi-majeur-pour-notre-temps\/","title":{"rendered":"CAP towards a sustainable digital society: a major challenge for our times"},"content":{"rendered":"<p>Nous aurons le plaisir d&rsquo;\u00e9couter lors de cette conf\u00e9rence-d\u00e9bat :<br \/>\n&#8211; <strong>Guillaume Pitron<\/strong>, journaliste et auteur du livre \u00ab\u00a0la guerre des m\u00e9taux rares\u00a0\u00bb<br \/>\n&#8211; <strong>Yves de Rong\u00e9<\/strong>, professeur \u00e0 l&rsquo;UCL (LSM) et co-responsable de la Chaire en \u00e9conomie r\u00e9g\u00e9n\u00e9ratrice<br \/>\n&#8211; <strong>Jean-Pierre Raskin<\/strong>, prof. \u00e0 l&rsquo;UCL (EPL) et co-fondateur du r\u00e9seau europ\u00e9en sur l\u2019\u00e9lectronique durable (ENCOS)<br \/>\n&#8211; <strong>Mathieu Rama<\/strong>, responsable politique au RREUSE,<br \/>\nainsi que le photographe <strong>Stefano Stranges<\/strong>.<\/p>\n<p><img fetchpriority=\"high\" decoding=\"async\" class=\"aligncenter size-full wp-image-15436\" src=\"http:\/\/demop.netbaz.be\/2021\/jp\/wp-content\/uploads\/2018\/04\/jpg_affiche-uclculture-electro-2018-e2_002_.jpg\" alt=\"affiche-uclculture-electro-2018-e2_002_.jpg\" align=\"center\" width=\"6765\" height=\"9437\" srcset=\"https:\/\/www.justicepaix.be\/wp-content\/uploads\/2018\/04\/jpg_affiche-uclculture-electro-2018-e2_002_.jpg 6765w, https:\/\/www.justicepaix.be\/wp-content\/uploads\/2018\/04\/jpg_affiche-uclculture-electro-2018-e2_002_-215x300.jpg 215w, https:\/\/www.justicepaix.be\/wp-content\/uploads\/2018\/04\/jpg_affiche-uclculture-electro-2018-e2_002_-734x1024.jpg 734w, https:\/\/www.justicepaix.be\/wp-content\/uploads\/2018\/04\/jpg_affiche-uclculture-electro-2018-e2_002_-768x1071.jpg 768w\" sizes=\"(max-width: 6765px) 100vw, 6765px\" \/><div id='gallery-1' class='gallery galleryid-15437 gallery-columns-3 gallery-size-thumbnail'><figure class='gallery-item'>\n\t\t\t<div class='gallery-icon portrait'>\n\t\t\t\t<a href='https:\/\/www.justicepaix.be\/wp-content\/uploads\/2018\/04\/jpg_affiche-uclculture-electro-2018-e2_002_.jpg'><img decoding=\"async\" width=\"108\" height=\"150\" src=\"https:\/\/www.justicepaix.be\/wp-content\/uploads\/2018\/04\/jpg_affiche-uclculture-electro-2018-e2_002_.jpg\" class=\"attachment-thumbnail size-thumbnail\" alt=\"affiche-uclculture-electro-2018-e2_002_.jpg\" srcset=\"https:\/\/www.justicepaix.be\/wp-content\/uploads\/2018\/04\/jpg_affiche-uclculture-electro-2018-e2_002_.jpg 6765w, https:\/\/www.justicepaix.be\/wp-content\/uploads\/2018\/04\/jpg_affiche-uclculture-electro-2018-e2_002_-215x300.jpg 215w, https:\/\/www.justicepaix.be\/wp-content\/uploads\/2018\/04\/jpg_affiche-uclculture-electro-2018-e2_002_-734x1024.jpg 734w, https:\/\/www.justicepaix.be\/wp-content\/uploads\/2018\/04\/jpg_affiche-uclculture-electro-2018-e2_002_-768x1071.jpg 768w\" sizes=\"(max-width: 108px) 100vw, 108px\" \/><\/a>\n\t\t\t<\/div><\/figure>\n\t\t<\/div>\n<\/p>","protected":false},"excerpt":{"rendered":"<p>Nous aurons le plaisir d&rsquo;\u00e9couter lors de cette conf\u00e9rence-d\u00e9bat : &#8211; Guillaume Pitron, journaliste et auteur du livre \u00ab\u00a0la guerre des m\u00e9taux rares\u00a0\u00bb &#8211; Yves de Rong\u00e9, professeur \u00e0 l&rsquo;UCL (LSM) et co-responsable de la Chaire en \u00e9conomie r\u00e9g\u00e9n\u00e9ratrice &#8211; Jean-Pierre Raskin, prof. \u00e0 l&rsquo;UCL (EPL) et co-fondateur du r\u00e9seau europ\u00e9en sur l\u2019\u00e9lectronique durable (ENCOS) [&hellip;]<\/p>\n","protected":false},"author":62,"featured_media":15436,"comment_status":"closed","ping_status":"open","sticky":false,"template":"","format":"standard","meta":{"_acf_changed":false,"_seopress_robots_primary_cat":"","_seopress_titles_title":"","_seopress_titles_desc":"","_seopress_robots_index":"","footnotes":""},"categories":[2689],"tags":[],"class_list":["post-15437","post","type-post","status-publish","format-standard","has-post-thumbnail","hentry","category-activites"],"acf":[],"_links":{"self":[{"href":"https:\/\/www.justicepaix.be\/en\/wp-json\/wp\/v2\/posts\/15437","targetHints":{"allow":["GET"]}}],"collection":[{"href":"https:\/\/www.justicepaix.be\/en\/wp-json\/wp\/v2\/posts"}],"about":[{"href":"https:\/\/www.justicepaix.be\/en\/wp-json\/wp\/v2\/types\/post"}],"author":[{"embeddable":true,"href":"https:\/\/www.justicepaix.be\/en\/wp-json\/wp\/v2\/users\/62"}],"replies":[{"embeddable":true,"href":"https:\/\/www.justicepaix.be\/en\/wp-json\/wp\/v2\/comments?post=15437"}],"version-history":[{"count":0,"href":"https:\/\/www.justicepaix.be\/en\/wp-json\/wp\/v2\/posts\/15437\/revisions"}],"wp:featuredmedia":[{"embeddable":true,"href":"https:\/\/www.justicepaix.be\/en\/wp-json\/wp\/v2\/media\/15436"}],"wp:attachment":[{"href":"https:\/\/www.justicepaix.be\/en\/wp-json\/wp\/v2\/media?parent=15437"}],"wp:term":[{"taxonomy":"category","embeddable":true,"href":"https:\/\/www.justicepaix.be\/en\/wp-json\/wp\/v2\/categories?post=15437"},{"taxonomy":"post_tag","embeddable":true,"href":"https:\/\/www.justicepaix.be\/en\/wp-json\/wp\/v2\/tags?post=15437"}],"curies":[{"name":"wp","href":"https:\/\/api.w.org\/{rel}","templated":true}]}}