{"id":15309,"date":"2018-01-15T10:12:56","date_gmt":"2018-01-15T10:12:56","guid":{"rendered":"https:\/\/demop.netbaz.be\/2021\/jp\/2018\/01\/15\/produisez-consommez-produisez-stop\/"},"modified":"2021-04-14T11:51:51","modified_gmt":"2021-04-14T11:51:51","slug":"produce-consume-produce-stop","status":"publish","type":"post","link":"https:\/\/www.justicepaix.be\/en\/produisez-consommez-produisez-stop\/","title":{"rendered":"Produce, consume, produce\u2026 Stop!"},"content":{"rendered":"<p class=\"post_excerpt\">From 2018, 180 degree political turnaround: before buying differently, let&#039;s buy less. An opinion by our colleagues G\u00e9raldine Duquenne and Val\u00e9ry Witsel, published in La Libre.<\/p>\n\n\n<!--more-->\n<img fetchpriority=\"high\" decoding=\"async\" class=\"aligncenter size-full wp-image-15308\" src=\"http:\/\/demop.netbaz.be\/2021\/jp\/wp-content\/uploads\/2018\/01\/jpg_la_libre_12_janvier_2018.jpg\" alt=\"la_libre_12_january_2018.jpg\" align=\"center\" width=\"940\" height=\"470\" srcset=\"https:\/\/www.justicepaix.be\/wp-content\/uploads\/2018\/01\/jpg_la_libre_12_janvier_2018.jpg 940w, https:\/\/www.justicepaix.be\/wp-content\/uploads\/2018\/01\/jpg_la_libre_12_janvier_2018-300x150.jpg 300w, https:\/\/www.justicepaix.be\/wp-content\/uploads\/2018\/01\/jpg_la_libre_12_janvier_2018-768x384.jpg 768w\" sizes=\"(max-width: 940px) 100vw, 940px\" \/>\n\n<a href=\"http:\/\/www.lalibre.be\/debats\/opinions\/produisez-consommez-produisez-stop-opinion-5a5791c5cd7083db8b82901c\">Read the article<\/a><div id='gallery-1' class='gallery galleryid-15309 gallery-columns-3 gallery-size-thumbnail'><figure class='gallery-item'>\n\t\t\t<div class='gallery-icon landscape'>\n\t\t\t\t<a href='https:\/\/www.justicepaix.be\/wp-content\/uploads\/2018\/01\/jpg_la_libre_12_janvier_2018.jpg'><img decoding=\"async\" width=\"150\" height=\"150\" src=\"https:\/\/www.justicepaix.be\/wp-content\/uploads\/2018\/01\/jpg_la_libre_12_janvier_2018-150x150.jpg\" class=\"attachment-thumbnail size-thumbnail\" alt=\"la_libre_12_january_2018.jpg\" \/><\/a>\n\t\t\t<\/div><\/figure><figure class='gallery-item'>\n\t\t\t<div class='gallery-icon landscape'>\n\t\t\t\t<a href='https:\/\/www.justicepaix.be\/wp-content\/uploads\/2018\/01\/jpg_la_libre_12_janvier_2018-2.jpg'><img decoding=\"async\" width=\"150\" height=\"150\" src=\"https:\/\/www.justicepaix.be\/wp-content\/uploads\/2018\/01\/jpg_la_libre_12_janvier_2018-2-150x150.jpg\" class=\"attachment-thumbnail size-thumbnail\" alt=\"la_libre_12_january_2018-2.jpg\" \/><\/a>\n\t\t\t<\/div><\/figure><figure class='gallery-item'>\n\t\t\t<div class='gallery-icon landscape'>\n\t\t\t\t<a href='https:\/\/www.justicepaix.be\/wp-content\/uploads\/2018\/01\/jpg_la_libre_12_janvier_2018-3.jpg'><img loading=\"lazy\" decoding=\"async\" width=\"150\" height=\"150\" src=\"https:\/\/www.justicepaix.be\/wp-content\/uploads\/2018\/01\/jpg_la_libre_12_janvier_2018-3-150x150.jpg\" class=\"attachment-thumbnail size-thumbnail\" alt=\"la_libre_12_january_2018-3.jpg\" \/><\/a>\n\t\t\t<\/div><\/figure><figure class='gallery-item'>\n\t\t\t<div class='gallery-icon landscape'>\n\t\t\t\t<a href='https:\/\/www.justicepaix.be\/wp-content\/uploads\/2018\/01\/jpg_la_libre_12_janvier_2018-4.jpg'><img loading=\"lazy\" decoding=\"async\" width=\"150\" height=\"150\" src=\"https:\/\/www.justicepaix.be\/wp-content\/uploads\/2018\/01\/jpg_la_libre_12_janvier_2018-4-150x150.jpg\" class=\"attachment-thumbnail size-thumbnail\" alt=\"la_libre_12_january_2018-4.jpg\" \/><\/a>\n\t\t\t<\/div><\/figure>\n\t\t<\/div>\n\n<h2 class=\"wp-block-heading\">Attachments<\/h2>\n\n\n\n<div class=\"wp-block-file\"><a href=\"http:\/\/demop.netbaz.be\/2021\/jp\/wp-content\/uploads\/2018\/01\/pdf_2018-01-12___la_libre__produisez_consommez_produisez_stop_.pdf\">2018-01-12___la_libre__produce_consumez_produce_stop_.pdf<\/a><\/div>","protected":false},"excerpt":{"rendered":"<p>D\u00e8s 2018, virage politique \u00e0 180 degr\u00e9s : avant d\u2019acheter autrement, achetons moins. Une opinion de nos coll\u00e8gues G\u00e9raldine Duquenne et Val\u00e9ry Witsel, parue dans La Libre.<\/p>","protected":false},"author":62,"featured_media":15308,"comment_status":"closed","ping_status":"open","sticky":false,"template":"","format":"standard","meta":{"_acf_changed":false,"_seopress_robots_primary_cat":"","_seopress_titles_title":"","_seopress_titles_desc":"","_seopress_robots_index":"","footnotes":""},"categories":[2686],"tags":[],"class_list":["post-15309","post","type-post","status-publish","format-standard","has-post-thumbnail","hentry","category-pre-2015"],"acf":[],"_links":{"self":[{"href":"https:\/\/www.justicepaix.be\/en\/wp-json\/wp\/v2\/posts\/15309","targetHints":{"allow":["GET"]}}],"collection":[{"href":"https:\/\/www.justicepaix.be\/en\/wp-json\/wp\/v2\/posts"}],"about":[{"href":"https:\/\/www.justicepaix.be\/en\/wp-json\/wp\/v2\/types\/post"}],"author":[{"embeddable":true,"href":"https:\/\/www.justicepaix.be\/en\/wp-json\/wp\/v2\/users\/62"}],"replies":[{"embeddable":true,"href":"https:\/\/www.justicepaix.be\/en\/wp-json\/wp\/v2\/comments?post=15309"}],"version-history":[{"count":0,"href":"https:\/\/www.justicepaix.be\/en\/wp-json\/wp\/v2\/posts\/15309\/revisions"}],"wp:featuredmedia":[{"embeddable":true,"href":"https:\/\/www.justicepaix.be\/en\/wp-json\/wp\/v2\/media\/15308"}],"wp:attachment":[{"href":"https:\/\/www.justicepaix.be\/en\/wp-json\/wp\/v2\/media?parent=15309"}],"wp:term":[{"taxonomy":"category","embeddable":true,"href":"https:\/\/www.justicepaix.be\/en\/wp-json\/wp\/v2\/categories?post=15309"},{"taxonomy":"post_tag","embeddable":true,"href":"https:\/\/www.justicepaix.be\/en\/wp-json\/wp\/v2\/tags?post=15309"}],"curies":[{"name":"wp","href":"https:\/\/api.w.org\/{rel}","templated":true}]}}