{"id":15227,"date":"2017-12-22T11:11:39","date_gmt":"2017-12-22T11:11:39","guid":{"rendered":"https:\/\/demop.netbaz.be\/2021\/jp\/2017\/12\/22\/kasai-une-crise-symptomatique-des-maux-congolais\/"},"modified":"2021-04-14T11:51:19","modified_gmt":"2021-04-14T11:51:19","slug":"kasai-a-symptomatic-crisis-of-congolese-ills","status":"publish","type":"post","link":"https:\/\/www.justicepaix.be\/en\/kasai-une-crise-symptomatique-des-maux-congolais\/","title":{"rendered":"Kasa\u00ef: a symptomatic crisis of Congolese ills?"},"content":{"rendered":"\n\n<p class=\"post_excerpt\">La crise qui traverse la r\u00e9gion du Grand Kasa\u00ef depuis plus d\u2019une ann\u00e9e z des cons\u00e9quences dramatiques sur les populations : plus d\u20191,5 million de personnes ont \u00e9t\u00e9 d\u00e9plac\u00e9es et 35 000 personnes sont all\u00e9es se r\u00e9fugier en Angola voisin. Cette crise, bien qu\u2019elle prenne racine dans des tensions locales sp\u00e9cifiques, semble catalyser plusieurs dynamiques qui traversent aujourd\u2019hui le pays dans son ensemble. \n<img fetchpriority=\"high\" decoding=\"async\" class=\" alignleft size-full wp-image-15225\" src=\"http:\/\/demop.netbaz.be\/2021\/jp\/wp-content\/uploads\/2017\/12\/png_kasai.png\" alt=\"kasai.png\" align=\"left\" width=\"1280\" height=\"1024\" srcset=\"https:\/\/www.justicepaix.be\/wp-content\/uploads\/2017\/12\/png_kasai.png 1280w, https:\/\/www.justicepaix.be\/wp-content\/uploads\/2017\/12\/png_kasai-300x240.png 300w, https:\/\/www.justicepaix.be\/wp-content\/uploads\/2017\/12\/png_kasai-1024x819.png 1024w, https:\/\/www.justicepaix.be\/wp-content\/uploads\/2017\/12\/png_kasai-768x614.png 768w\" sizes=\"(max-width: 1280px) 100vw, 1280px\" \/><\/p>\n\n\n<!--more-->\n<bloc> Introduction\n\nAu Kasa\u00ef, ce sont plus d\u20191,5 million de personnes qui ont d\u00fb fuir la violence en se cachant dans la brousse et plus de 35 000 autres qui sont all\u00e9es trouver refuge en Angola voisin. Ces importants mouvements de population sont le fruit d\u2019une crise qui s\u00e9vit dans la r\u00e9gion depuis ao\u00fbt 2016. \n\nLa Belgique, l\u2019Union Europ\u00e9enne et l\u2019ensemble de la communaut\u00e9 internationale peuvent jouer un r\u00f4le face \u00e0 cette situation dramatique qui affecte des millions de congolais. \n\nLa RD Congo est sujette \u00e0 de nombreux maux, et c\u2019est le plus souvent vers l\u2019Est que se tourne notre regard lorsque l\u2019on parle de conflit. Pourtant la crise des Kasa\u00ef m\u00e9rite \u00e9galement toute l\u2019attention des observateurs internationaux du fait de sa gravit\u00e9 et des cons\u00e9quences dramatiques qu\u2019elle a eues et fait encore peser sur les populations. \n\nBien qu\u2019ancr\u00e9e sur des divergences et des tensions locales sp\u00e9cifiques, la crise des Kasa\u00ef se r\u00e9v\u00e8le embl\u00e9matique de contradictions qui traversent aujourd\u2019hui la RD Congo dans son ensemble. Elle semble en effet catalyser plusieurs dynamiques qui traversent le pays et il est d\u00e8s lors int\u00e9ressant de \u00ab lire \u00bb le conflit sp\u00e9cifique du Kasa\u00ef au travers d\u2019autres th\u00e9matiques plus globales et transversales. \u00c0 la d\u00e9liquescence g\u00e9n\u00e9rale de l\u2019\u00c9tat congolais qui n\u2019assume plus ses pouvoirs r\u00e9galiens, s\u2019ajoute une crise politique majeure due au blocage du processus \u00e9lectoral depuis 2016. Le pays conna\u00eet \u00e9galement un contexte g\u00e9n\u00e9ralis\u00e9 de pauvret\u00e9 et de m\u00e9contentement de la population dont les droits fondamentaux ne sont toujours pas garantis, ce qui pose la question de la gouvernance des ressources naturelles dont regorge le pays, et de la redistribution des richesses issues de celles-ci. \n\nEn parall\u00e8le, la crise du Kasa\u00ef est travers\u00e9e par des dynamiques dichotomiques plus sp\u00e9cifiques qui, elles aussi, se retrouvent dans d\u2019autres r\u00e9gions du pays en conflit. Nous proposons au fil de cette analyse de revenir, au travers de l\u2019exemple du Kasa\u00ef, sur trois oppositions: \u00ab  autorit\u00e9 coutumi\u00e8re vs nationale \u00bb, \u00ab  urgence vs d\u00e9veloppement \u00bb et enfin \u00ab interventionnisme \u00e9tranger vs  immobilisme national\u00bb. Bien qu\u2019elles puissent de prime  abord sembler antagonistes, ces dynamiques s\u2019av\u00e8rent souvent compl\u00e9mentaires. On observe que les r\u00e9ponses apport\u00e9es au conflit, sont souvent le fruit de la conjugaison des efforts de plusieurs acteurs, dont l\u2019action pallie celles de l\u2019\u00c9tat congolais qui, n\u2019\u00e9tant pas en mesure d\u2019apporter des solutions, est souvent \u00ab \u00e9paul\u00e9 \u00bb par ces derniers.  \n<\/bloc>\n\n<bloc> Comprendre (les origines de) la crise du Kasa\u00ef : entre autorit\u00e9 coutumi\u00e8re et nationale\n\nLa mort de Jean Prince Mpandi, dans l\u2019assaut de son village par les forces de s\u00e9curit\u00e9 nationales le 12 ao\u00fbt 2016, marque le d\u00e9but d\u2019une crise d\u00e9vastatrice et sans pr\u00e9c\u00e9dent dans la r\u00e9gion du Grand Kasa\u00ef. Pour comprendre la r\u00e9sonance qu\u2019a eu la mort de ce chef coutumier Kamuina Nsapu (du nom d\u2019un village et d\u2019une lign\u00e9e royale), il est essentiel de revenir sur l\u2019importance de la tradition coutumi\u00e8re dans cette r\u00e9gion. \n\nLe secteur de Dibataie, compos\u00e9 d\u2019un groupement de villages \u00e0 70 kilom\u00e8tres au sud-est de Kanaga, fief du chef Kamuina Nsapu, est \u00ab l\u2019un des espaces coutumiers les plus <a href=\"https:\/\/www.crisisgroup.org\/fr\/africa\/central-africa\/democratic-republic-congo\/kamuina-nsapu-insurgency-adds-dangers-dr-congo\">homog\u00e8nes <\/a>\u00bb il est compos\u00e9 d\u2019une ethnie (les Bajila Kasanga), d\u2019une langue (le thsiluba), et s\u2019organise autour d\u2019un chef unique. \n\nFace aux manquements des autorit\u00e9s nationales dans cette r\u00e9gion enclav\u00e9e, o\u00f9 les voies de communication manquent grandement, les chefferies coutumi\u00e8res occupent une place essentielle dans l\u2019organisation des communaut\u00e9s, au m\u00eame titre que l\u2019\u00c9glise. Aussi, <a href=\"http:\/\/www.droitcongolais.info\/files\/1.11.1.-Loi-du-25-aout-2015_Statut-des-chefs-coutumiers.pdf\">la loi portant sur le statut des chefs coutumiers<\/a>, promulgu\u00e9e par l\u2019\u00c9tat central en ao\u00fbt 2015, est vue d\u2019un mauvais \u0153il dans la r\u00e9gion. Cette loi pr\u00e9voit qu\u2019un chef coutumier d\u00e9sign\u00e9 localement doit \u00eatre approuv\u00e9 par le pouvoir central et pourra, \u00e0 tout moment \u00eatre cong\u00e9di\u00e9 par celui-ci. Tr\u00e8s rapidement, les effets pervers de cette r\u00e9forme se font sentir : certaines localit\u00e9s d\u00e9j\u00e0 dot\u00e9es de leur chef coutumier, voient arriver dans leur contr\u00e9e de nouveaux chefs mandat\u00e9s par Kinshasa. Le probl\u00e8me de la dualit\u00e9 des chefs coutumiers est pos\u00e9.\n\nCette r\u00e9alit\u00e9 s\u2019illustre par exemple dans le village de Jean Prince Mpandi, sixi\u00e8me chef coutumier Kamuina Nsapu, d\u00e9sign\u00e9 selon les r\u00e8gles traditionnelles, qui voit son statut menac\u00e9 puisque les autorit\u00e9s de Kinshasa refusent de le reconna\u00eetre. La nomination des chefs coutumiers dans cette zone suit des processus bien pr\u00e9cis. Le chef est d\u00e9sign\u00e9 selon des r\u00e8gles de parent\u00e9 strictes au sein de la famille royale Kamuina Nsapu., il est ensuite approuv\u00e9 par le conseil des anciens. Or, la loi portant statut des chefs coutumiers a compl\u00e8tement boulevers\u00e9 l\u2019ordre \u00e9tabli en la mati\u00e8re. \nJean Prince Mpandi s\u2019insurge rapidement contre ce bouleversement et d\u00e9cide d\u2019\u00e9lever la voix contre cette intrusion du pouvoir central dans les r\u00e8gles coutumi\u00e8res \u00e9tablies de longue date dans la r\u00e9gion. Rapidement des sc\u00e8nes de r\u00e9bellion \u00e9clatent dans les environs. Le chef Kamuina Nsapu Mpandi est accus\u00e9 de vouloir d\u00e9stabiliser le r\u00e9gime, aussi les autorit\u00e9s tentent plusieurs n\u00e9gociations avec ce dernier qui reste toutefois inflexible sur sa position. Cela lui co\u00fbtera la vie. \n\nLa mort du chef entra\u00eene une r\u00e9action en cha\u00eene et conduit \u00e0 l\u2019embrasement rapide de la r\u00e9gion. R\u00e9unie autour de la volont\u00e9 de venger leur chef, de prot\u00e9ger les traditions locales et de dire leur refus de l\u2019autorit\u00e9 centrale, la milice Kamuina Nsapu, du nom du chef d\u00e9funt, voit rapidement le jour. Elle a recrut\u00e9 de nombreux jeunes dans ses rangs ; on estime en effet  que 40 \u00e0 60% des recrues Kamuina Nsapu ont entre <a href=\"http:\/\/www.wvi.org\/sites\/default\/files\/DRCreportFINAL.pdf\">8 et 18 ans<\/a>.\n\nLa mort du chef a \u00e9galement eu pour cons\u00e9quence de raviver de nombreux rituels coutumiers. Les miliciens participent \u00e0 des rituels initiatiques dans les \u00ab <em>tshiota<\/em> <span class=\"footnote_referrer\"><a role=\"button\" tabindex=\"0\" onclick=\"footnote_moveToReference_15227_1('footnote_plugin_reference_15227_1_1');\" onkeypress=\"footnote_moveToReference_15227_1('footnote_plugin_reference_15227_1_1');\" ><sup id=\"footnote_plugin_tooltip_15227_1_1\" class=\"footnote_plugin_tooltip_text\">[1]<\/sup><\/a><span id=\"footnote_plugin_tooltip_text_15227_1_1\" class=\"footnote_tooltip\">Lieu o\u00f9 se d\u00e9roulent les rituels initiatiques.<\/span><\/span><script type=\"text\/javascript\"> jQuery('#footnote_plugin_tooltip_15227_1_1').tooltip({ tip: '#footnote_plugin_tooltip_text_15227_1_1', tipClass: 'footnote_tooltip', effect: 'fade', predelay: 0, fadeInSpeed: 200, delay: 400, fadeOutSpeed: 200, position: 'top center', relative: true, offset: [-7, 0], });<\/script>\u00bb, au cours desquels une potion d\u2019invincibilit\u00e9 est bue par les initi\u00e9s. On reconna\u00eet les miliciens Kamuina Nsapu au bandeau rouge qui orne leur t\u00eate et aux amulettes de protection qu\u2019ils portent. Ils ont g\u00e9n\u00e9ralement un armement assez sommaire : machette, b\u00e2tons, quelques armes \u00e0 feu de type kalachnikov ou encore des r\u00e9pliques de ces derni\u00e8res en bois. La croyance dans ces symboles (f\u00e9tiche, potion, arme en bois) explique en partie le nombre consid\u00e9rable de morts \u00e0 d\u00e9plorer dans leurs rangs depuis le d\u00e9but du conflit. \n\nLes miliciens manifestent un clair rejet de toute institution publique. Les attaques contre les symboles de l\u2019\u00c9tat se multiplient rapidement : des b\u00e2timents de l\u2019administration, des \u00e9coles, des centres de sant\u00e9 sont d\u00e9truits et br\u00fbl\u00e9s, des repr\u00e9sentants de l\u2019\u00c9tat sont attaqu\u00e9s, d\u00e9capit\u00e9s, tu\u00e9s <span class=\"footnote_referrer\"><a role=\"button\" tabindex=\"0\" onclick=\"footnote_moveToReference_15227_1('footnote_plugin_reference_15227_1_2');\" onkeypress=\"footnote_moveToReference_15227_1('footnote_plugin_reference_15227_1_2');\" ><sup id=\"footnote_plugin_tooltip_15227_1_2\" class=\"footnote_plugin_tooltip_text\">[2]<\/sup><\/a><span id=\"footnote_plugin_tooltip_text_15227_1_2\" class=\"footnote_tooltip\">Parmi ces morts, on retrouve des membres des Forces Arm\u00e9es de la RD Congo (FARDC), Police Nationale\nCongolaise (PNC), Agence National du Renseignement (ANR), des agents de la Direction G\u00e9n\u00e9rale&nbsp;&#x2026; <span class=\"footnote_tooltip_continue\"  onclick=\"footnote_moveToReference_15227_1('footnote_plugin_reference_15227_1_2');\">Continuer la lecture<\/span><\/span><\/span><script type=\"text\/javascript\"> jQuery('#footnote_plugin_tooltip_15227_1_2').tooltip({ tip: '#footnote_plugin_tooltip_text_15227_1_2', tipClass: 'footnote_tooltip', effect: 'fade', predelay: 0, fadeInSpeed: 200, delay: 400, fadeOutSpeed: 200, position: 'top center', relative: true, offset: [-7, 0], });<\/script>. Les miliciens Kamuina Nsapu s\u2019insurgent contre l\u2019ing\u00e9rence dans leurs affaires, ils alimentent leurs revendications dans les frustrations qu\u2019ils nourrissent \u00e0 l\u2019\u00e9gard du pouvoir depuis longtemps (sentiment d\u2019abandon, refus de la pauvret\u00e9\u2026). \t\n\nL\u2019\u00c9glise n\u2019a pas \u00e9t\u00e9 \u00e9pargn\u00e9e non plus. Les miliciens Kamuina Nsapu, dans leur fr\u00e9n\u00e9sie destructrice \u00e0 l\u2019encontre des repr\u00e9sentations et symboles de l\u2019\u00c9tat, ont \u00e9galement attaqu\u00e9, endommag\u00e9 et incendi\u00e9 des biens d\u2019\u00c9glise, des b\u00e2timents eccl\u00e9siastiques, tout comme l\u2019ont \u00e9t\u00e9 des structures sanitaires et scolaires d\u00e9pendantes de l\u2019\u00c9glise. Cette violence s\u2019explique par la connivence que les Kamuina Nsapu per\u00e7oivent entre cette derni\u00e8re et le pouvoir. On rappelle \u00e0 cet \u00e9gard que la Conf\u00e9rence \u00c9piscopale Nationale Congolaise (CENCO) a conduit les n\u00e9gociations de la Saint Sylvestre en d\u00e9cembre 2016 pour organiser les \u00e9lections qui, plus d\u2019un an apr\u00e8s, n\u2019ont toujours pas eu lieu. Aussi, certains ont accus\u00e9 l\u2019\u00c9glise d\u2019avoir, par le biais de ces n\u00e9gociations, permis au Pr\u00e9sident Joseph Kabila de se maintenir \u00e0 la t\u00eate de l\u2019\u00c9tat apr\u00e8s l\u2019expiration de son mandat. L\u2019\u00c9glise, malgr\u00e9 ses bons offices, se heurte aujourd\u2019hui \u00e0 un manque de volont\u00e9 probant des autorit\u00e9s congolaises de mettre en \u0153uvre les dispositions de cet accord \u2013 qui pr\u00e9voyait initialement des \u00e9lections pour d\u00e9cembre 2017 au plus tard. Les destructions dont a \u00e9t\u00e9 victime l\u2019\u00c9glise sont donc \u00e0 placer dans ce contexte particulier de rejet massif de tout ce qui peut \u00eatre assimil\u00e9 aux autorit\u00e9s nationales ou \u00e0 leur \u00ab soutien \u00bb.\n\nConcentr\u00e9es dans un premier temps autour du chef-lieu de l\u2019insurrection, les violences se <a href=\"https:\/\/www.crisisgroup.org\/fr\/africa\/central-africa\/democratic-republic-congo\/kamuina-nsapu-insurgency-adds-dangers-dr-congo\">g\u00e9n\u00e9ralisent<\/a> \u00e0 partir de d\u00e9cembre 2016, \u00e0 l\u2019ensemble des nouvelles provinces du Grand Kasa\u00ef. Les Kamuina Nsapu se sont rendus coupables d\u2019actes d\u2019une rare violence \u00e0 l\u2019\u00e9gard des repr\u00e9sentants de l\u2019\u00c9tat. Ces actes ont \u00e9t\u00e9 qualifi\u00e9s de violation des droits de l\u2019Homme par l\u2019Organisation des Nations Unies (ONU) <span class=\"footnote_referrer\"><a role=\"button\" tabindex=\"0\" onclick=\"footnote_moveToReference_15227_1('footnote_plugin_reference_15227_1_3');\" onkeypress=\"footnote_moveToReference_15227_1('footnote_plugin_reference_15227_1_3');\" ><sup id=\"footnote_plugin_tooltip_15227_1_3\" class=\"footnote_plugin_tooltip_text\">[3]<\/sup><\/a><span id=\"footnote_plugin_tooltip_text_15227_1_3\" class=\"footnote_tooltip\"><a href=\"Rapport des Nations Unies, Ao\u00fbt 2017, point 14. \">Rapport des Nations Unies<\/a>, Ao\u00fbt 2017, points 51 \u00e0 62.<\/span><\/span><script type=\"text\/javascript\"> jQuery('#footnote_plugin_tooltip_15227_1_3').tooltip({ tip: '#footnote_plugin_tooltip_text_15227_1_3', tipClass: 'footnote_tooltip', effect: 'fade', predelay: 0, fadeInSpeed: 200, delay: 400, fadeOutSpeed: 200, position: 'top center', relative: true, offset: [-7, 0], });<\/script>. Les violences \u00e0 l\u2019\u00e9gard de la population ont quant \u00e0 elles \u00e9t\u00e9 relativement limit\u00e9es. Lorsqu\u2019elles ont eu lieu, elles \u00e9taient souvent motiv\u00e9es par des suspicions de sorcellerie. \n\nFace \u00e0 cette insurrection, l\u2019\u00c9tat envoie ses troupes et r\u00e9pond par la force et la r\u00e9pression. Les FARDC, envoy\u00e9es pour stopper l\u2019insurrection des Kamuina Nsapu, sont tenues pour responsables de multiples cas d\u2019usage de la force disproportionn\u00e9. Des Kamuina Nsapu, ainsi que de tr\u00e8s nombreux civils accus\u00e9s de soutenir ou de faciliter l\u2019action des miliciens, ont \u00e9t\u00e9 tu\u00e9s. Un rapport des Nations Unies renseigne \u00e9galement des cas d\u2019enfants tu\u00e9s et de femmes viol\u00e9es lors d\u2019intervention de l\u2019arm\u00e9e. \u00c0 Mwanza Lomba, des militaires se sont  film\u00e9s en train de tirer \u00e0 balles r\u00e9elles en pleine rue ; cette vid\u00e9o a suscit\u00e9 l\u2019\u00e9moi. L\u2019ONU a reconnu les forces arm\u00e9es coupables des fosses communes d\u00e9couvertes dans la r\u00e9gion. En septembre, l\u2019ONU avait identifi\u00e9 <a href=\"https:\/\/afrique.lalibre.be\/9191\/rdc-les-deplaces-du-kasai-vivent-un-calvaire\/\">87 fosses communes<\/a>.\n<img decoding=\"async\" class=\" aligncenter size-full wp-image-15226\" src=\"http:\/\/demop.netbaz.be\/2021\/jp\/wp-content\/uploads\/2017\/12\/jpg_image_1.jpg\" alt=\"image_1.jpg\" align=\"center\" width=\"1026\" height=\"2346\" srcset=\"https:\/\/www.justicepaix.be\/wp-content\/uploads\/2017\/12\/jpg_image_1.jpg 1026w, https:\/\/www.justicepaix.be\/wp-content\/uploads\/2017\/12\/jpg_image_1-131x300.jpg 131w, https:\/\/www.justicepaix.be\/wp-content\/uploads\/2017\/12\/jpg_image_1-448x1024.jpg 448w, https:\/\/www.justicepaix.be\/wp-content\/uploads\/2017\/12\/jpg_image_1-768x1756.jpg 768w, https:\/\/www.justicepaix.be\/wp-content\/uploads\/2017\/12\/jpg_image_1-672x1536.jpg 672w, https:\/\/www.justicepaix.be\/wp-content\/uploads\/2017\/12\/jpg_image_1-896x2048.jpg 896w\" sizes=\"(max-width: 1026px) 100vw, 1026px\" \/>\n\nFace \u00e0 ces protagonistes, une autre milice fait peu \u00e0 peu son apparition jusqu\u2019\u00e0 devenir partie prenante au conflit <span class=\"footnote_referrer\"><a role=\"button\" tabindex=\"0\" onclick=\"footnote_moveToReference_15227_1('footnote_plugin_reference_15227_1_4');\" onkeypress=\"footnote_moveToReference_15227_1('footnote_plugin_reference_15227_1_4');\" ><sup id=\"footnote_plugin_tooltip_15227_1_4\" class=\"footnote_plugin_tooltip_text\">[4]<\/sup><\/a><span id=\"footnote_plugin_tooltip_text_15227_1_4\" class=\"footnote_tooltip\"><a href=\"http:\/\/www.ohchr.org\/FR\/NewsEvents\/Pages\/DisplayNews.aspx?NewsID=21937&#038;LangID=F)\">Rapport des Nations Unies<\/a>, Ao\u00fbt 2017, point 14.<\/span><\/span><script type=\"text\/javascript\"> jQuery('#footnote_plugin_tooltip_15227_1_4').tooltip({ tip: '#footnote_plugin_tooltip_text_15227_1_4', tipClass: 'footnote_tooltip', effect: 'fade', predelay: 0, fadeInSpeed: 200, delay: 400, fadeOutSpeed: 200, position: 'top center', relative: true, offset: [-7, 0], });<\/script> : les \u00ab <em>Bana Mura<\/em> \u00bb. Cette milice se compose d\u2019individus d\u2019origines ethniques <em>tchokwe<\/em>, <em>pende<\/em> et <em>tetela<\/em>. L\u2019apparition de ce nouvel acteur met en exergue la dimension ethnique que rev\u00eat la crise kasa\u00efenne \u00e0 partir d\u2019avril 2017. Les Bana Mura se seraient constitu\u00e9s sur base de leur appartenance ethnique, et de leur position pro-gouvernementale <span class=\"footnote_referrer\"><a role=\"button\" tabindex=\"0\" onclick=\"footnote_moveToReference_15227_1('footnote_plugin_reference_15227_1_5');\" onkeypress=\"footnote_moveToReference_15227_1('footnote_plugin_reference_15227_1_5');\" ><sup id=\"footnote_plugin_tooltip_15227_1_5\" class=\"footnote_plugin_tooltip_text\">[5]<\/sup><\/a><span id=\"footnote_plugin_tooltip_text_15227_1_5\" class=\"footnote_tooltip\"><a href=\"http:\/\/www.ohchr.org\/FR\/NewsEvents\/Pages\/DisplayNews.aspx?NewsID=21937&#038;LangID=F)\">Rapport des Nations Unies<\/a>, Ao\u00fbt 2017, points 35 \u00e0 50.<\/span><\/span><script type=\"text\/javascript\"> jQuery('#footnote_plugin_tooltip_15227_1_5').tooltip({ tip: '#footnote_plugin_tooltip_text_15227_1_5', tipClass: 'footnote_tooltip', effect: 'fade', predelay: 0, fadeInSpeed: 200, delay: 400, fadeOutSpeed: 200, position: 'top center', relative: true, offset: [-7, 0], });<\/script>. Si les Kamuina Nsapu s\u2019en prennent avec une rare violence aux agents de l\u2019\u00c9tat, les Buna Mura s\u2019en prennent quant \u00e0 eux directement aux populations Luba et Lulua. Ils participent \u00e9galement \u00e0 la destruction de villages, pillent, br\u00fblent sur leur passage. \t\n\nVivant dans une r\u00e9gion jusque-l\u00e0 \u00e9pargn\u00e9e par les conflits qui bousculent la RD Congo, les populations kasa\u00efennes ont \u00e9t\u00e9 boulevers\u00e9es par la virulence des attaques, la banalisation et la g\u00e9n\u00e9ralisation de cette violence inou\u00efe. En quelques mois, plus de 3.000 d\u00e9c\u00e8s sont enregistr\u00e9s par les paroisses de ce territoire enclav\u00e9, grand comme 10 fois la Belgique. Cette crise a rapidement eu des cons\u00e9quences dramatiques pour la population et celles-ci continueront \u00e0 se faire ressentir durablement. Selon l\u2019UNICEF, plus de <a href=\"http:\/\/www.un.org\/apps\/newsFr\/storyF.asp?NewsID=40648#.WjKtJFWnGUk\">400.000<\/a> enfants dans la r\u00e9gion sont s\u00e9v\u00e8rement malnutris et risquent de mourir. \n\n\n<strong>AUTORIT\u00c9 COUTUMI\u00c8RE VS AUTORIT\u00c9 NATIONALE : la d\u00e9centralisation en question<\/strong>\t \n\nLes \u00e9v\u00e8nements d\u00e9crits ci-dessus, peuvent s\u2019inscrire dans la r\u00e9flexion plus globale de l\u2019organisation du pouvoir en RD Congo. Ce qui se dessine en effet en arri\u00e8re-plan de cette situation particuli\u00e8re du Kasa\u00ef, c\u2019est une dichotomie entre d\u2019une part, l\u2019autorit\u00e9 coutumi\u00e8re des pouvoirs locaux et d\u2019autre part, la concentration d\u2019un pouvoir fort aux mains des autorit\u00e9s centrales. \n\nLa volont\u00e9 de rapprocher les gouvernants des gouvern\u00e9s a conduit \u00e0 l\u2019inscription dans la Constitution congolaise de 2006 du principe de d\u00e9centralisation. Il est pr\u00e9vu que l\u2019\u00c9tat se subdivise en 25 provinces auxquelles s\u2019ajoute la ville de Kinshasa. Or, depuis 2006 aucune avanc\u00e9e n\u2019a \u00e9t\u00e9 faite en ce sens. C\u2019est en janvier 2015 que les autorit\u00e9s nationales actent finalement le projet de loi qui ent\u00e9rine les nouvelles fronti\u00e8res des 26 provinces. Mais les autorit\u00e9s \u00e9taient-elles r\u00e9ellement pr\u00eates \u00e0 accorder plus de pouvoir aux autorit\u00e9s provinciales ? Les comp\u00e9tences de chacune des entit\u00e9s sont clairement d\u00e9finies et leur sont propres. Il n\u2019y a donc pas a priori d\u2018empi\u00e8tement des comp\u00e9tences \u00e0 redouter. L\u2019animosit\u00e9 suscit\u00e9e par cette r\u00e9forme doit donc trouver son explication ailleurs. \n\nDerri\u00e8re cette r\u00e9forme, on peut en effet lire une volont\u00e9 claire de politisation des chefs coutumiers,  voulue par le pouvoir central pour instaurer au sein de cette r\u00e9gion, consid\u00e9r\u00e9e comme un bastion historique de l\u2019opposition, des relais des messages pr\u00e9sidentiels et de mettre en place des soutiens strat\u00e9giques dans la r\u00e9gion.\n\nLe red\u00e9coupage pr\u00e9cipit\u00e9 des provinces en 2015 avait suscit\u00e9 la m\u00e9fiance de l\u2019opposition qui accusait Kinshasa de vouloir r\u00e9organiser la province de mani\u00e8re \u00e0 optimiser la r\u00e9partition des groupes ethniques en pr\u00e9sence \u00e0 son avantage en vue des \u00e9lections \u00e0 venir \u2013 et notamment des Luba qui sont en majorit\u00e9 ralli\u00e9s \u00e0 l\u2019opposition. \n\n<strong>Plut\u00f4t qu\u2019une opposition franche entre ces deux niveaux de pouvoir, on peut voir dans le processus de d\u00e9centralisation une compl\u00e9mentarit\u00e9 de ces derniers, comme une solution pour pallier les lacunes de gouvernance de l\u2019\u00c9tat central. \nAinsi, au-del\u00e0 des efforts de stabilisation et de r\u00e9conciliation communautaire \u00e0 mener suite au r\u00e9cent conflit, il importe pour le futur de la r\u00e9gion de consacrer le processus de d\u00e9centralisation dans le respect de l\u2019autorit\u00e9 coutumi\u00e8re. Ce mode de gouvernance a \u00e9t\u00e9 choisi par les Congolais qui l\u2019ont consacr\u00e9 dans leur Constitution. Il est en outre n\u00e9cessaire de  d\u00e9passer les antagonismes r\u00e9v\u00e9l\u00e9s brutalement par la crise, en identifiant les points de convergence vers des int\u00e9r\u00eats communs et partag\u00e9s entre les autorit\u00e9s centrales et locales.<\/strong> \n<\/bloc>\n\n<bloc> Les r\u00e9ponses \u00e0 la crise : entre urgence et d\u00e9veloppement\t\n\nLa crise conna\u00eet depuis le d\u00e9but de l\u2019automne 2017 une accalmie relative, mais ses cons\u00e9quences et les d\u00e9fis qui se pr\u00e9sentent aux populations aujourd\u2019hui sont consid\u00e9rables. Par ailleurs, les conditions et circonstances ayant vu na\u00eetre le conflit sont encore tr\u00e8s pr\u00e9sentes dans le paysage kasa\u00efen, il ne faut donc pas exclure de possibles reprises des violences. La situation reste instable. \nDes d\u00e9placements massifs de population ont \u00e9t\u00e9 observ\u00e9s dans la r\u00e9gion : on d\u00e9nombre plus d\u20191,5 million de d\u00e9plac\u00e9s internes et pr\u00e8s de <a href=\"https:\/\/reliefweb.int\/report\/angola\/angola-inter-agency-operational-update-14-november-2017\">35 000<\/a> personnes qui sont all\u00e9es trouver refuge en Angola. Au cours de la seule premi\u00e8re moiti\u00e9 de 2017, chaque jour plus de 5500 personnes ont d\u00fb fuir leur maison. Un constat douloureux faisant de la RD Congo <a href=\"http:\/\/www.bbc.com\/afrique\/region-42252751\">le pays le plus touch\u00e9<\/a> dans le monde par les d\u00e9placements internes en raison des conflits. Sur l\u2019ensemble du territoire congolais on r\u00e9cense <a href=\"https:\/\/www.unocha.org\/drc\">4,1 millions de d\u00e9plac\u00e9s<\/a> \u2013 les d\u00e9plac\u00e9s kasa\u00efens en repr\u00e9sentent plus du tiers. \t\n\nDans le cas du Kasa\u00ef, les d\u00e9plac\u00e9s, apr\u00e8s plusieurs semaines de marche se sont pour la plupart r\u00e9fugi\u00e9s dans la brousse. L\u00e0, ils ont v\u00e9cu dans des conditions tr\u00e8s pr\u00e9caires : peu d\u2019eau et de nourriture, des conditions sanitaires critiques avec pour cons\u00e9quence le d\u00e9veloppement de maladies et la faim. Ils ont \u00e9galement \u00e9t\u00e9 confront\u00e9s au danger que repr\u00e9sentait la pr\u00e9sence de b\u00eates sauvages dans cet environnement hostile. Les populations se sont souvent endett\u00e9es aupr\u00e8s de villageois voisins qui ont tent\u00e9 d\u2019appuyer ces familles avec de la nourriture et la maigre aide qu\u2019ils \u00e9taient en mesure de leur procurer.\t\n\nCertaines populations, traumatis\u00e9es et hant\u00e9es par des images sordides n\u2019envisagent pas de retourner dans leur village. En parall\u00e8le, et compte tenu de la stabilisation relative de la situation dans certaines zones du Kasa\u00ef, on observe un mouvement de retour des populations vers leur village d\u2019origine. En octobre 2017, le <a href=\"https:\/\/reliefweb.int\/report\/democratic-republic-congo\/hcr-la-crise-de-d-placements-de-populations-s-aggrave-en-rdc\">HCR <\/a>estimait que 710 000 personnes \u00e9taient rentr\u00e9es. 762 000 restent cependant toujours d\u00e9plac\u00e9es ainsi que 27 555 qui sont toujours \u00e0 l\u2019ext\u00e9rieur du pays, principalement en Angola. \nCe mouvement de retour pose des d\u00e9fis consid\u00e9rables. Ce sont des villages souvent pill\u00e9s, voire br\u00fbl\u00e9s, que les d\u00e9plac\u00e9s retrouvent. Les travaux de reconstruction ont d\u00e9but\u00e9, mais il ne faut pas n\u00e9gliger que ces populations n\u2019ont plus rien. \n\n<strong>Le syst\u00e8me de veille humanitaire et la r\u00e9ponse rapide aux mouvements de population (RRMP)<\/strong>\n\nCaritas International a mis en place en RD Congo un syst\u00e8me de veille humanitaire qui permet de transmettre rapidement les informations concernant les mouvements de population \u00e0 travers le pays pour pouvoir r\u00e9pondre au mieux \u00e0 leurs besoins humanitaires. Le r\u00e9seau d\u2019informateurs ruiss\u00e8le \u00e0 travers tout le pays, puisque chaque veilleur fait remonter quotidiennement les informations concernant sa zone. Le syst\u00e8me de r\u00e9ponse rapide aux mouvements de population entre alors en action et achemine les biens et vivres n\u00e9cessaires aux populations affect\u00e9es en moins de 30 jours \u00e0 compter du moment o\u00f9 l\u2019alerte est donn\u00e9e.\n\nLe syst\u00e8me de veille mis en place par Caritas International, en partenariat avec Caritas Congo et les Caritas dioc\u00e9saines des Kasa\u00ef, est diffus\u00e9 aupr\u00e8s d\u2019autres organisations pr\u00e9sentes sur le terrain qui l\u2019utilisent ensuite pour leur d\u00e9ploiement humanitaire. Gr\u00e2ce aux informations re\u00e7ues par la veille, elles savent rapidement situer o\u00f9 sont les populations affect\u00e9es, estimer leur nombre ainsi que la nature de leurs besoins. Dans la r\u00e9gion du Kasa\u00ef, Caritas International Belgique travaille en \u00e9troite collaboration avec Solidarit\u00e9 Internationale qui proc\u00e8de \u00e0 des distributions aupr\u00e8s de personnes d\u00e9plac\u00e9es qui regagnent leur domicile. Des \u00ab kits retour \u00bb de premi\u00e8re n\u00e9cessit\u00e9 leur sont d\u00e9livr\u00e9s (pagnes, casseroles, b\u00e2ches, couvertures, cash ou encore l\u2019acc\u00e8s \u00e0 l\u2019eau par un programme \u00ab wash \u00bb).  Actuellement les distributions ont lieu dans la zone de Kapangu et s\u2019ouvrent dans la zone de Kamiji. 11 3000 m\u00e9nages (d\u2019environ 5 personnes) b\u00e9n\u00e9ficient du projet.\n\nDans cette r\u00e9gion, les populations d\u00e9pendent pour l\u2019essentiel d\u2019une agriculture vivri\u00e8re \u2013 c\u2019est-\u00e0-dire que les r\u00e9coltes leur permettent de vivre et de se nourrir mais que la production n\u2019est pas suffisante pour en tirer des revenus en mesure d\u2019assurer leur acc\u00e8s au march\u00e9, \u00e0 la sant\u00e9 ou \u00e0 l\u2019\u00e9ducation. \u00c0 leur retour, ces populations ont trouv\u00e9 des champs vid\u00e9s de leurs r\u00e9coltes. Leur s\u00e9jour en brousse les a \u00e9galement emp\u00each\u00e9es de planter en vue de la prochaine saison. On estime que la majorit\u00e9 des populations ont rat\u00e9 <a href=\"https:\/\/www.radiookapi.net\/2017\/12\/09\/actualite\/societe\/grand-kasai-des-millions-des-personnes-menacees-par-la-faim-pam\">trois saisons<\/a> de plantation cons\u00e9cutives. Les semences et les outils agricoles manquent aujourd\u2019hui \u00e0 l\u2019appel et la p\u00e9riode de soudure <span class=\"footnote_referrer\"><a role=\"button\" tabindex=\"0\" onclick=\"footnote_moveToReference_15227_1('footnote_plugin_reference_15227_1_6');\" onkeypress=\"footnote_moveToReference_15227_1('footnote_plugin_reference_15227_1_6');\" ><sup id=\"footnote_plugin_tooltip_15227_1_6\" class=\"footnote_plugin_tooltip_text\">[6]<\/sup><\/a><span id=\"footnote_plugin_tooltip_text_15227_1_6\" class=\"footnote_tooltip\">On appelle \u00ab  soudure \u00bb la p\u00e9riode qui s\u2019\u00e9tale entre la fin des r\u00e9serves de la pr\u00e9c\u00e9dente r\u00e9colte et la\ndisponibilit\u00e9 des produits issus de la r\u00e9colte suivante.<\/span><\/span><script type=\"text\/javascript\"> jQuery('#footnote_plugin_tooltip_15227_1_6').tooltip({ tip: '#footnote_plugin_tooltip_text_15227_1_6', tipClass: 'footnote_tooltip', effect: 'fade', predelay: 0, fadeInSpeed: 200, delay: 400, fadeOutSpeed: 200, position: 'top center', relative: true, offset: [-7, 0], });<\/script> affecte lourdement la r\u00e9silience des m\u00e9nages. Deux constats s\u2019imposent : le premier \u00e9tant que les populations manquent aujourd\u2019hui de nourriture pour subvenir \u00e0 leurs besoins imm\u00e9diats, \u00e0 court terme. Le second, plus grave encore, r\u00e9sulte du fait de n\u2019avoir pu planter \u00e0 temps, et laisse pr\u00e9sager une augmentation pr\u00e9occupante de l\u2019ins\u00e9curit\u00e9 alimentaire dans les mois \u00e0 venir.  En effet sur les <a href=\"https:\/\/reliefweb.int\/report\/democratic-republic-congo\/under-secretary-general-humanitarian-affairs-and-emergency-relief-0\">7,7 millions<\/a> de personnes souffrant de l\u2019ins\u00e9curit\u00e9 alimentaire en RD Congo, 3,2 millions de personnes sont en situation d\u2019ins\u00e9curit\u00e9 alimentaire s\u00e9v\u00e8re dont 66% se trouvent dans la r\u00e9gion du Kasa\u00ef. L\u2019ins\u00e9curit\u00e9 alimentaire y a <a href=\"https:\/\/reliefweb.int\/report\/democratic-republic-congo\/r-publique-d-mocratique-du-congo-evaluation-approfondie-de-la-s-0\">augment\u00e9<\/a> (par rapport \u00e0 mars 2016) de 323% au Kasa\u00ef Central, de 279% au Kasa\u00ef et de 97% au Kasa\u00ef Oriental. Et <a href=\"https:\/\/reliefweb.int\/report\/democratic-republic-congo\/r-publique-d-mocratique-du-congo-perspectives-sur-la-s-curit-3\">les perspectives <\/a>\u00e0 venir ne semblent pas s\u2019am\u00e9liorer.\n\nDans la province du Kasa\u00ef, la production de ma\u00efs a baiss\u00e9 de pr\u00e8s d\u2019un quart par rapport \u00e0 2015, avec pour cons\u00e9quence une envol\u00e9e des prix jusqu\u2019\u00e0 +150% dans la r\u00e9gion. Les tensions suscit\u00e9es par l\u2019arriv\u00e9e d\u2019environ <a href=\"https:\/\/reliefweb.int\/report\/angola\/angola-inter-agency-operational-update-07-november-2017\">35 000 r\u00e9fugi\u00e9s en Angola<\/a> ont contribu\u00e9 \u00e0 exacerber cette crise alimentaire puisque l\u2019Angola, qui a ferm\u00e9 ses fronti\u00e8res au commerce, est normalement un fournisseur important de denr\u00e9es alimentaires.  \n\nOutre les d\u00e9fis en mati\u00e8re de subsistance, les populations sont \u00e9galement confront\u00e9es \u00e0 des d\u00e9fis sanitaires comme l\u2019\u00e9pid\u00e9mie de chol\u00e9ra qui se r\u00e9pand \u00e0 travers la r\u00e9gion, comme dans le reste du pays &#8211; <a href=\"http:\/\/www.jeuneafrique.com\/473369\/societe\/rdc-20-des-26-provinces-touchees-par-lepidemie-de-cholera\/\">20 des 26 province<\/a>s du pays sont touch\u00e9es par l\u2019\u00e9pid\u00e9mie. \n\n\u00ab <em>Nous sommes une communaut\u00e9 internationale partageant la m\u00eame humanit\u00e9. Ailleurs les souffrances sont entendues. On s&#8217;empresse d&rsquo;apporter de l&rsquo;aide. Pourquoi de l&rsquo;h\u00e9sitation dans ma province?<\/em> \u00bb \nMgr F\u00e9licien Mwanama &#8211; Ev\u00eaque de Luiza, Kasa\u00ef-Central  \n\nEnfin, des challenges attendent \u00e9galement les populations au sein de leur communaut\u00e9. Les nombreux jeunes, enr\u00f4l\u00e9s dans les milices, provenaient des villages de la r\u00e9gion. Une fois d\u00e9mobilis\u00e9s, ces derniers vont avoir besoin d\u2019un soutien psycho-social. Leur retour au sein de leur communaut\u00e9 va demander un travail important de r\u00e9int\u00e9gration, de r\u00e9conciliation et de m\u00e9moire collective. Ces processus devront \u00eatre impuls\u00e9s par des acteurs locaux (de quelque type que ce soit : organisations de la soci\u00e9t\u00e9 civile, autorit\u00e9s publiques, \u00c9glise\u2026) et s\u2019inscrire dans une perspective \u00e0 long terme pour r\u00e9tablir le calme et la stabilit\u00e9 dans la r\u00e9gion. Pour la reconstruction de la paix, il faut renforcer les structures de dialogue et faciliter la mise en place de lieux d\u2019\u00e9changes. Les plaies des conflits inter-ethniques devront \u00e9galement \u00eatre pans\u00e9es et prises en charge dans le cadre de structures formelles.\n\n<strong>Il est urgent de r\u00e9pondre aux besoins humanitaires de la population de la r\u00e9gion. Le manque de financement de cette crise humanitaire est interpellant : sur les 64,5 millions de dollars jug\u00e9s nn\u00e9cessaires pour r\u00e9pondre \u00e0 la crise, seuls <a href=\"https:\/\/reliefweb.int\/report\/democratic-republic-congo\/crisis-kasai-democratic-republic-congo-november-2017\">30%<\/a> sont effectivement financ\u00e9s aujourd\u2019hui. Derri\u00e8re ces chiffres, ce sont des femmes, des hommes et des enfants qui souffrent. La communaut\u00e9 internationale doit conjuguer ses efforts avec ceux des autorit\u00e9s congolaises pour r\u00e9pondre aux besoins pressants de ces populations et ce le plus rapidement possible<\/strong>. \n\nCes d\u00e9fis sont consid\u00e9rables, ils le sont d\u2019autant plus si on les met en perspective avec les moyens \u00e0 disposition dans la r\u00e9gion pour y r\u00e9pondre. Les Kasa\u00ef sont en effet une des zones les plus pauvres de la RD Congo et ce malgr\u00e9 leurs richesses souterraines. La question de la gouvernance des ressources naturelles est pr\u00e9sente sur l\u2019ensemble du territoire congolais et les Kasa\u00ef ne font pas exception. Les mines de diamant sont le moteur \u00e9conomique historique de la r\u00e9gion et son principal employeur. La faillite de l\u2019entreprise mini\u00e8re de la MIBA et de la SNCC <span class=\"footnote_referrer\"><a role=\"button\" tabindex=\"0\" onclick=\"footnote_moveToReference_15227_1('footnote_plugin_reference_15227_1_7');\" onkeypress=\"footnote_moveToReference_15227_1('footnote_plugin_reference_15227_1_7');\" ><sup id=\"footnote_plugin_tooltip_15227_1_7\" class=\"footnote_plugin_tooltip_text\">[7]<\/sup><\/a><span id=\"footnote_plugin_tooltip_text_15227_1_7\" class=\"footnote_tooltip\">La MIBA (Mini\u00e8re de Bakwanga) est une entreprise productrice du diamant. \nLa SNCC (Soci\u00e9t\u00e9 Nationale des Chemins de fer du Congo) permettait l\u2019acheminement de la marchandise.<\/span><\/span><script type=\"text\/javascript\"> jQuery('#footnote_plugin_tooltip_15227_1_7').tooltip({ tip: '#footnote_plugin_tooltip_text_15227_1_7', tipClass: 'footnote_tooltip', effect: 'fade', predelay: 0, fadeInSpeed: 200, delay: 400, fadeOutSpeed: 200, position: 'top center', relative: true, offset: [-7, 0], });<\/script> ont eu des effets dramatiques pour les kasa\u00efens. Les revenus tir\u00e9s de l\u2019exploitation des ressources naturelles ne sont pas redistribu\u00e9s et ne b\u00e9n\u00e9ficient pas \u00e0 la population. La pr\u00e9sence de ces ressources devrait pourtant contribuer pleinement \u00e0 l\u2019essor \u00e9conomique de la r\u00e9gion par l\u2019entremise de la redistribution des recettes aux autorit\u00e9s provinciales. Mais la mauvaise gouvernance entrave ces perspectives de d\u00e9veloppement. \n\n \u00ab <em>Si vous parcourez les campagnes, les champs sont dans les mains des femmes. Les hommes sont traditionnellement dans le secteur minier artisanal, l&rsquo;exploitation du diamant, vivant au gr\u00e9 des petites pierres qu&rsquo;ils peuvent trouver au jour le jour. Pour r\u00e9pondre aux besoins quotidiens du m\u00e9nage, on ach\u00e8te des petits biens qu&rsquo;on revend si on ne trouve rien. Et c\u2019est la reproduction du cycle de la pauvret\u00e9.<\/em> \u00bb \nJean Nyemba Ambela &#8211; Responsable du volet agricole, CRS Mbujimayi\n\nSi un lien  de cause \u00e0 effet direct ne peut \u00eatre \u00e9tabli entre l\u2019explosion de la crise kasa\u00efenne et la pr\u00e9sence de ressources naturelles dans la r\u00e9gion, il ne faut toutefois pas n\u00e9gliger son impact global. Le rejet massif de l\u2019institution \u00e9tatique par les Kamuina Nsapu, est probablement aliment\u00e9 et nourri par un sentiment de frustration et de d\u00e9couragement face \u00e0 un quotidien de mis\u00e8re et l\u2019absence de perspectives pour un futur meilleur chez les jeunes. On rappelle \u00e0 cet \u00e9gard que les rangs des Kamuina Nsapu regorgeaient de jeunes individus.\n\n<strong>Il ne faut pas n\u00e9gliger la question du d\u00e9veloppement \u00e0 plus long terme de la r\u00e9gion. Cela passera notamment par l\u2019exploitation raisonn\u00e9e et inclusive des ressources naturelles pr\u00e9sentes dans la r\u00e9gion, ainsi que par la redistribution \u00e9quilibr\u00e9e de ses b\u00e9n\u00e9fices vers la population. Cela permettrait notamment de consacrer les droits socio-\u00e9conomiques fondamentaux des kasa\u00efens et plus particuli\u00e8rement d\u2019offrir des opportunit\u00e9s aux jeunes g\u00e9n\u00e9rations.<\/strong> \n\nPenser le d\u00e9veloppement, c\u2019est consacrer une paix durable pour la r\u00e9gion. \t\n<strong>Dans une r\u00e9gion o\u00f9 tout est \u00e0 construire, les priorit\u00e9s sont nombreuses. Le renforcement des capacit\u00e9s en mati\u00e8re agricole, tant pour la production que pour les m\u00e9thode de s\u00e9chage, de conservation et de stockage, semble crucial pour permettre une meilleure r\u00e9silience des populations en cas de crise. \n\nEnfin, et c\u2019est primordial, il faudra accorder une attention particuli\u00e8re aux jeunes en renfor\u00e7ant leur acc\u00e8s \u00e0 l\u2019\u00e9ducation. Les d\u00e9placements forc\u00e9s, les destructions d\u2019\u00e9coles, le recrutement au sein des milices, font des enfants et des jeunes les principales victimes de ce conflit. En exposant la jeunesse \u00e0 de telles situations, c\u2019est tout l\u2019avenir de la r\u00e9gion qui est hypoth\u00e9qu\u00e9<\/strong>. \n\n\u00ab <em>Nous sommes dans une province o\u00f9 la population n\u2019a pas \u00e9tudi\u00e9. Les jeunes travaillent dans les mines de diamant. Et on observe une instrumentalisation de l\u2019ignorance des kasaiens. Mais la situation actuelle est le r\u00e9sultat d\u2019un long chemin dans la pauvret\u00e9 <\/em> \u00bb \nAlphonse Nkongolo Mulami &#8211; Directeur, Caritas Mbujimayi\n\nLe Grand Kasa\u00ef est une r\u00e9gion qui avait \u00e9t\u00e9 relativement \u00e9pargn\u00e9e par les conflits violents jusqu\u2019alors. Cette brutalit\u00e9 a surpris les populations \u2013 ainsi que les organisations internationales et humanitaires sur un terrain qu\u2019elles connaissent moins bien que l\u2019Est du pays o\u00f9 se sont concentr\u00e9es leurs op\u00e9rations ces 20 derni\u00e8res ann\u00e9es.  \n<\/bloc>\n\n<bloc> Les acteurs de changement : entre interventionnisme ext\u00e9rieur et immobilisme national ?\n\nMalgr\u00e9 l\u2019ampleur de la crise, celle-ci reste encore largement m\u00e9connue \u2013 tant dans l\u2019attention qu\u2019on lui accorde, que dans les r\u00e9ponses qui y sont apport\u00e9es. On identifie trois acteurs-clefs qui ont chacun contribu\u00e9 \u00e0 la mise en exergue de celle-ci sur la sc\u00e8ne internationale : les ONG et organisations internationales, l\u2019\u00c9tat congolais et l\u2019\u00c9glise. \n\nLa r\u00e9ponse de la communaut\u00e9 internationale n\u2019a pas \u00e9t\u00e9 \u00e0 la mesure de la crise qui a travers\u00e9 la r\u00e9gion. Concentr\u00e9es dans leur majorit\u00e9 \u00e0 l\u2019Est du pays, tr\u00e8s peu d\u2019organisations internationales et d\u2019ONG sont pr\u00e9sentes dans la r\u00e9gion du Grand Kasa\u00ef. En d\u00e9pit de l\u2019urgence et des besoins consid\u00e9rables des populations, les r\u00e9ponses apport\u00e9es \u00e0 la crise restent ainsi largement insuffisantes. Plus d\u2019un an et demi apr\u00e8s le d\u00e9clenchement de la crise, peu d\u2019organisations sont aujourd\u2019hui pr\u00e9sentes sur le terrain. \n\nPlusieurs \u00e9l\u00e9ments expliquent cette surprenante absence. On note tout d\u2019abord la lenteur de r\u00e9action du syst\u00e8me humanitaire puisque malgr\u00e9 une intensification de la crise d\u00e8s d\u00e9cembre 2016, l\u2019alerte n\u2019a \u00e9t\u00e9 donn\u00e9e qu\u2019en mars 2017. Aussi, les fonds ont \u00e9galement mis du temps \u00e0 \u00eatre mobilis\u00e9s. Les organisations n\u2019\u00e9tant pas vraiment pr\u00e9sentes dans la r\u00e9gion se sont donc retrouv\u00e9es confront\u00e9es \u00e0 plusieurs obstacles. \n\nL\u2019absence de moyens suffisants pour se d\u00e9ployer rapidement dans la r\u00e9gion tout d\u2019abord. L\u2019enclavement et le manque de voies de communication pour acc\u00e8der \u00e0 cette zone a \u00e9galement contribu\u00e9 \u00e0 la lenteur du d\u00e9ploiement des programmes humanitaires. Ces derniers n\u2019ont, dans leur majorit\u00e9, \u00e9t\u00e9 mis en oeuvre qu\u2019\u00e0 partir de l\u2019\u00e9t\u00e9 2017 \u2013 soit pr\u00e8s d\u2019un an apr\u00e8s le d\u00e9clenchement de la crise. Dans ce contexte de sous-financement des besoins, la question de l\u2019enrayement de la crise humanitaire pour consacrer un d\u00e9veloppement durable de la r\u00e9gion pose question.  \n\nL\u2019ONU, repr\u00e9sent\u00e9e militairement en RD Congo par la MONUSCO, n\u2019a quant \u00e0 elle pas \u00e9t\u00e9 en mesure de contenir les violences, et ce en raison de son absence et du retard qu\u2019elle a accus\u00e9 dans le d\u00e9ploiement de ses forces sur le terrain. \t\nEn 2012, l\u2019insurrection du M23 a en effet pouss\u00e9 les autorit\u00e9s onusiennes \u00e0 <a href=\"http:\/\/webdoc.rfi.fr\/rdc-kasai-violences-crimes-kamuina-nsapu\/chap-03\/index.html\">red\u00e9ployer<\/a> leurs forces bas\u00e9es dans la r\u00e9gion du Grand Kasa\u00ef vers l\u2019Est du pays. Au moment de l\u2019\u00e9clatement de la crise dans les Kasa\u00ef, la MONUSCO n\u2019\u00e9tait donc pas pr\u00e9sente dans la r\u00e9gion. Mais face \u00e0 la mont\u00e9e des violences, des hommes sont envoy\u00e9s. Malheureusement, ces derniers arrivent tard (en d\u00e9cembre) et sont tr\u00e8s peu nombreux (<a href=\"http:\/\/webdoc.rfi.fr\/rdc-kasai-violences-crimes-kamuina-nsapu\/chap-03\/index.html\">en juin 2017 <\/a>on d\u00e9nombre 250 casques bleus, 25 policiers et 60 civils d\u00e9ploy\u00e9s). Aujourd\u2019hui, et ce malgr\u00e9 la fragilit\u00e9 de l\u2019accalmie, les troupes se retirent \u00e0 nouveau. La MONUSCO redirige en effet ses troupes vers la capitale du pays, qui risque \u00e0 tout moment de s\u2019embraser en raison du contexte \u00e9lectoral tendu <span class=\"footnote_referrer\"><a role=\"button\" tabindex=\"0\" onclick=\"footnote_moveToReference_15227_1('footnote_plugin_reference_15227_1_8');\" onkeypress=\"footnote_moveToReference_15227_1('footnote_plugin_reference_15227_1_8');\" ><sup id=\"footnote_plugin_tooltip_15227_1_8\" class=\"footnote_plugin_tooltip_text\">[8]<\/sup><\/a><span id=\"footnote_plugin_tooltip_text_15227_1_8\" class=\"footnote_tooltip\">Voir \u00e0 ce sujet l\u2019<a href=\"https:\/\/www.justicepaix.be\/-Articles-\">analyse de la Commission Justice et Paix<\/a> sur les \u00e9lections, D\u00e9cembre 2017.<\/span><\/span><script type=\"text\/javascript\"> jQuery('#footnote_plugin_tooltip_15227_1_8').tooltip({ tip: '#footnote_plugin_tooltip_text_15227_1_8', tipClass: 'footnote_tooltip', effect: 'fade', predelay: 0, fadeInSpeed: 200, delay: 400, fadeOutSpeed: 200, position: 'top center', relative: true, offset: [-7, 0], });<\/script> . \n\nLa MONUSCO et les autorit\u00e9s congolaises entretiennent des relations houleuses \u00e0 l\u2019\u00e9chelle nationale <span class=\"footnote_referrer\"><a role=\"button\" tabindex=\"0\" onclick=\"footnote_moveToReference_15227_1('footnote_plugin_reference_15227_1_9');\" onkeypress=\"footnote_moveToReference_15227_1('footnote_plugin_reference_15227_1_9');\" ><sup id=\"footnote_plugin_tooltip_15227_1_9\" class=\"footnote_plugin_tooltip_text\">[9]<\/sup><\/a><span id=\"footnote_plugin_tooltip_text_15227_1_9\" class=\"footnote_tooltip\">Le 11 d\u00e9cembre 2017, 15 casques bleus de la MONUSCO ont \u00e9t\u00e9 tu\u00e9s et plus de 50 autres bless\u00e9s lors d\u2019une attaque arm\u00e9e dans une de leurs bases \u00e0 Semuliki (Nord Kivu) \u2013 Source : <a href=\"http:\/\/www.lemonde.fr\/afrique\/article\/2017\/12\/09\/que-s-est-il-passe-a-semuliki-ou-15-casques-bleus-tanzaniens-ont-ete-tues_5227016_3212.html#hymlgUgCcWf6peTs.99\">Le Monde<\/a><\/span><\/span><script type=\"text\/javascript\"> jQuery('#footnote_plugin_tooltip_15227_1_9').tooltip({ tip: '#footnote_plugin_tooltip_text_15227_1_9', tipClass: 'footnote_tooltip', effect: 'fade', predelay: 0, fadeInSpeed: 200, delay: 400, fadeOutSpeed: 200, position: 'top center', relative: true, offset: [-7, 0], });<\/script>\n ; ces derni\u00e8res s\u2019illustrent une fois de plus dans la r\u00e9gion des Kasa\u00ef. Dans un contexte de tension entre les deux entit\u00e9s, le meurtre des deux experts Michael Sharp et Zaida Catalan, d\u00e9p\u00each\u00e9s par le Secr\u00e9taire G\u00e9n\u00e9ral pour venir enqu\u00eater dans la r\u00e9gion sur les violations des droits humains, l\u2019embargo sur les armes et l\u2019exploitation ill\u00e9gale des ressources, n\u2019ont fait qu\u2019ajouter de l\u2019huile sur le feu. Ce crime est un affront ouvert \u00e0 la communaut\u00e9 internationale. Certains accusent le gouvernement de se cacher derri\u00e8re l\u2019assassinat des experts et d\u2019avoir tent\u00e9 de <a href=\"http:\/\/webdoc.rfi.fr\/rdc-kasai-violences-crimes-kamuina-nsapu\/chap-04\/index.html\">maquiller ce crime <\/a>en imputant sa responsabilit\u00e9 aux Kamuina Nsapu. \n\nLe 8 mars 2017, le Haut-Commissaire aux Droits de l\u2019Homme appelait \u00e0 l\u2019ouverture d\u2019une commission d\u2019enqu\u00eate internationale sur les \u00e9v\u00e8nements du Kasa\u00ef, et ce notamment en vue d\u2019investiguer sur la dd\u00e9couverte des fosses communes. Quelques jours plus tard, les deux experts sont assassin\u00e9s. Apr\u00e8s avoir \u00e9t\u00e9 confront\u00e9es \u00e0 de nombreuses pressions et \u00e0 de multiples refus de la part des autorit\u00e9s congolaises, les Nations Unies ont finalement mandat\u00e9 l\u2019ouverture d\u2019une enqu\u00eate internationale. Cette derni\u00e8re devrait livrer ses premiers r\u00e9sultats en mars 2018. \n\nL\u2019\u00c9tat congolais n\u2019a pas davantage \u00e9t\u00e9 en mesure d\u2019assurer la protection de sa population et d\u2019apporter une r\u00e9ponse ad\u00e9quate \u00e0 ses besoins humanitaires. Dans ce bastion historique de l\u2019opposition, berceau de l\u2019UDPS (Union pour la D\u00e9mocratie et la Paix Sociale) <span class=\"footnote_referrer\"><a role=\"button\" tabindex=\"0\" onclick=\"footnote_moveToReference_15227_1('footnote_plugin_reference_15227_1_10');\" onkeypress=\"footnote_moveToReference_15227_1('footnote_plugin_reference_15227_1_10');\" ><sup id=\"footnote_plugin_tooltip_15227_1_10\" class=\"footnote_plugin_tooltip_text\">[10]<\/sup><\/a><span id=\"footnote_plugin_tooltip_text_15227_1_10\" class=\"footnote_tooltip\">L\u2019UDPS est l\u2019un des principaux partis d\u2019opposition.<\/span><\/span><script type=\"text\/javascript\"> jQuery('#footnote_plugin_tooltip_15227_1_10').tooltip({ tip: '#footnote_plugin_tooltip_text_15227_1_10', tipClass: 'footnote_tooltip', effect: 'fade', predelay: 0, fadeInSpeed: 200, delay: 400, fadeOutSpeed: 200, position: 'top center', relative: true, offset: [-7, 0], });<\/script> et de son leader charismatique Etienne Tshisekedi, de nombreux opposants et tenants du pouvoir coutumier n\u2019h\u00e9sitent pas \u00e0 crier \u00e0 l\u2019immobilisme et \u00e0 l\u2019instrumentalisation de la crise par Kinshasa, sur fond de crise \u00e9lectorale g\u00e9n\u00e9ralis\u00e9e \u00e0 l\u2019\u00e9chelle du pays <span class=\"footnote_referrer\"><a role=\"button\" tabindex=\"0\" onclick=\"footnote_moveToReference_15227_1('footnote_plugin_reference_15227_1_11');\" onkeypress=\"footnote_moveToReference_15227_1('footnote_plugin_reference_15227_1_11');\" ><sup id=\"footnote_plugin_tooltip_15227_1_11\" class=\"footnote_plugin_tooltip_text\">[11]<\/sup><\/a><span id=\"footnote_plugin_tooltip_text_15227_1_11\" class=\"footnote_tooltip\">Voir \u00e0 ce sujet l\u2019<a href=\"https:\/\/www.justicepaix.be\/-Articles-\">analyse de la Commission Justice et Paix <\/a>sur les \u00e9lections, D\u00e9cembre 2017.<\/span><\/span><script type=\"text\/javascript\"> jQuery('#footnote_plugin_tooltip_15227_1_11').tooltip({ tip: '#footnote_plugin_tooltip_text_15227_1_11', tipClass: 'footnote_tooltip', effect: 'fade', predelay: 0, fadeInSpeed: 200, delay: 400, fadeOutSpeed: 200, position: 'top center', relative: true, offset: [-7, 0], });<\/script>. La CENI, dont les agents et installations furent pris pour cibles par les miliciens au Kasa\u00ef, a en effet act\u00e9 le retard accumul\u00e9 sur le calendrier \u00e9lectoral, du fait des rat\u00e9s du processus local d\u2019enr\u00f4lement et de recensement \u00e9lectoral dans un contexte s\u00e9curitaire complexe. \n \n<strong>Justice et Paix et ses partenaires<\/strong>\n\nL\u2019\u00c9glise, de par l\u2019importance de son action dans le quotidien des populations, doit \u00eatre soutenue par la Belgique et les membres de la communaut\u00e9 internationale. C\u2019est pourquoi la Commission Justice et Paix appuie ses partenaires de l\u2019\u00c9glise congolaise dans leurs actions d\u2019\u00e9ducation citoyenne, d\u2019\u00e9ducation au d\u00e9veloppement et dans le r\u00f4le qu\u2019elle joue quotidiennement aupr\u00e8s des communaut\u00e9s. Cet appuie passe notamment par le relais que se propose d\u2019\u00eatre la Commission Justice et Paix pour le message de ses partenaires aupr\u00e8s des d\u00e9cideurs politiques belges et europ\u00e9ens. \n\u00ab <em>Nous lan\u00e7ons un appel \u00e0 la solidarit\u00e9 internationale. Le Congo appartient \u00e0 cette grande communaut\u00e9 internationale et le peuple congolais aspire au bien-\u00eatre et \u00e0 la d\u00e9mocratie. C\u2019est donc tout \u00e0 fait normal que les citoyens du monde puissent s\u2019int\u00e9resser \u00e0 ce qui se passe ici. Notre message c\u2019est de demander aux citoyens europ\u00e9ens qui d\u00e9fendent les m\u00eames valeurs que nous de ne pas oublier ce peuple, de l\u2019accompagner et de le soutenir dans ce moment sp\u00e9cial.<\/em> \u00bb \nCl\u00e9ment Makiobo, Secr\u00e9taire Ex\u00e9cutif, Commission Justice &#038; Paix Congo\n\nFace \u00e0 ce \u00ab vide \u00bb, un autre acteur-clef du paysage congolais a occup\u00e9 le terrain. L\u2019\u00c9glise a en effet jou\u00e9 un r\u00f4le essentiel dans la crise. Ce sont notamment ses repr\u00e9sentants qui, aux pr\u00e9mices de la crise, ont alert\u00e9 la communaut\u00e9 internationale des \u00e9v\u00e8nements qui \u00e9taient en train de se d\u00e9rouler dans la r\u00e9gion, tout en mobilisant l\u2019aide \u00e0 travers ses paroisses.\t\n\nIl est essentiel de souligner ici le r\u00f4le que joue quotidiennement l\u2019\u00c9glise locale, aupr\u00e8s de la population congolaise en termes de d\u00e9veloppement communautaire. Pr\u00e9sente au plus pr\u00e8s des populations, l\u2019institution est aujourd\u2019hui consciente du r\u00f4le qui sera le sien dans le long travail de r\u00e9conciliation et de reconstruction post-conflit aupr\u00e8s de ses communaut\u00e9s. \n\nOn peut dire aujourd\u2019hui que l\u2019\u00c9glise pallie dans une certaine mesure la d\u00e9mission de l\u2019\u00c9tat et contrebalance ainsi cette image d\u2019immobilisme national. \t \n<\/bloc>\n\n<bloc> Conclusion\n\nComme cela a \u00e9t\u00e9 abord\u00e9 en filigrane au cours de cette analyse, il est essentiel pour comprendre la crise qui traverse la r\u00e9gion du Grand Kasa\u00ef, de mettre en perspective cette crise locale avec des probl\u00e9matiques de fond qui s\u2019observent \u00e0 l\u2019\u00e9chelle nationale. \t\n\nLe juste \u00e9quilibre entre le pouvoir coutumier et l\u2019autorit\u00e9 de l\u2019\u00c9tat central n\u2019est pas toujours consensuel, bien qu\u2019il soit consign\u00e9 dans la Constitution et qu\u2019il y soit \u00e9rig\u00e9 comme principe d\u2019organisation de la vie politique du pays. Cette question aura \u00e9t\u00e9 l\u2019\u00e9l\u00e9ment d\u00e9clencheur d\u2019une crise sans pr\u00e9c\u00e9dent et aux lourdes cons\u00e9quences pour la population. Cette derni\u00e8re, fatigu\u00e9e de ses conditions de vie pr\u00e9caire a saisi l\u2019opportunit\u00e9 soulev\u00e9e par la mort d\u2019un chef incarnant la figure de l\u2019opposant pour s\u2019organiser et d\u00e9noncer l\u2019absence de l\u2019\u00c9tat dans la gestion de leur vie quotidienne. \t\n\nMais cette crise est symptomatique de probl\u00e9matiques plus transversales encore. \u00c1 commencer par la d\u00e9liquescence de l\u2019\u00c9tat congolais qui ne remplit qu\u2019insuffisamment les fonctions r\u00e9galiennes qui sont les siennes ; pis encore, il ne parvient pas\/plus \u00e0 garantir la protection et \u00e0 r\u00e9pondre aux besoins fondamentaux de sa population. D\u2019autres acteurs &#8211;<em>internationaux ou religieux<\/em>&#8211; occupent donc cet espace et pallient l\u2019\u00c9tat pour apporter des solutions aux populations. Mais l\u2019\u00c9tat ne pourra pas faire l\u2019\u00e9conomie de sa redevabilit\u00e9 envers sa population pour longtemps encore. Les urnes devront parler. Au risque, si le scrutin se fait trop attendre, de voir d\u2019autres troubles \u00e9merger ou rena\u00eetre de leurs cendres dans le reste du pays. \t\n\nCes conflits <span class=\"footnote_referrer\"><a role=\"button\" tabindex=\"0\" onclick=\"footnote_moveToReference_15227_1('footnote_plugin_reference_15227_1_12');\" onkeypress=\"footnote_moveToReference_15227_1('footnote_plugin_reference_15227_1_12');\" ><sup id=\"footnote_plugin_tooltip_15227_1_12\" class=\"footnote_plugin_tooltip_text\">[12]<\/sup><\/a><span id=\"footnote_plugin_tooltip_text_15227_1_12\" class=\"footnote_tooltip\">On pense par exemple au conflit en \u00c9quateur en 2010-2011 qui trouvait son origine dans une question de p\u00eache et qui a fait plus de 200 000 r\u00e9fugi\u00e9s, mais aussi plus r\u00e9cemment au Tanganyika, aux&nbsp;&#x2026; <span class=\"footnote_tooltip_continue\"  onclick=\"footnote_moveToReference_15227_1('footnote_plugin_reference_15227_1_12');\">Continuer la lecture<\/span><\/span><\/span><script type=\"text\/javascript\"> jQuery('#footnote_plugin_tooltip_15227_1_12').tooltip({ tip: '#footnote_plugin_tooltip_text_15227_1_12', tipClass: 'footnote_tooltip', effect: 'fade', predelay: 0, fadeInSpeed: 200, delay: 400, fadeOutSpeed: 200, position: 'top center', relative: true, offset: [-7, 0], });<\/script>, et la crise du Kasa\u00ef le montre, naissent le plus souvent d\u2019un diff\u00e9rend qui s\u2019inscrit dans une sp\u00e9cificit\u00e9 locale mais qui, tr\u00e8s rapidement, peut s\u2019av\u00e9rer r\u00e9v\u00e9lateur de tensions latentes qui s\u2019observent \u00e0 d\u2019autres endroits du pays, voire dans l\u2019ensemble du territoire. Ces conflits sont souvent difficiles \u00e0 comprendre et sont totalement impr\u00e9visibles. Ils constituent cependant une v\u00e9ritable menace pour la paix, la s\u00e9curit\u00e9 et le d\u00e9veloppement du pays puisqu\u2019ils peuvent rapidement prendre une ampleur inattendue et affectent ainsi toujours davantage la r\u00e9silience des populations. \n\nOutre la dimension nationale de la crise du Kasa\u00ef, il ne faut pas n\u00e9gliger les cons\u00e9quences que les crises congolaises peuvent \u00e9galement avoir comme r\u00e9percussions sur les pays voisins. La r\u00e9ponse de l\u2019Angola face \u00e0 l\u2019afflux de r\u00e9fugi\u00e9s congolais \u00e0 ses fronti\u00e8res a \u00e9t\u00e9 tr\u00e8s ferme : apr\u00e8s une premi\u00e8re vague d\u2019accueil, les fronti\u00e8res ont \u00e9t\u00e9 <a href=\"http:\/\/www.rfi.fr\/afrique\/20170820-angola-rdc-refugies-hcr-enregistrement-giovanni-zanelli-retour\">ferm\u00e9es<\/a>, et tout passage de personne ou de marchandise bloqu\u00e9. Si l\u2019on regarde l\u2019impact qu\u2019a pu avoir la crise de l\u2019Est de la RDC en termes de d\u00e9stabilisation r\u00e9gionale, il ne faut pas n\u00e9gliger les r\u00e9percussions qui pourraient advenir au-del\u00e0 des provinces du Grand-Kasa\u00ef et de la r\u00e9gion tout enti\u00e8re. \n<\/bloc>\n\n<strong>Clara Debeve<\/strong>\n\n<div id='gallery-1' class='gallery galleryid-15227 gallery-columns-3 gallery-size-thumbnail'><figure class='gallery-item'>\n\t\t\t<div class='gallery-icon landscape'>\n\t\t\t\t<a href='https:\/\/www.justicepaix.be\/wp-content\/uploads\/2017\/12\/png_kasai.png'><img decoding=\"async\" width=\"150\" height=\"150\" src=\"https:\/\/www.justicepaix.be\/wp-content\/uploads\/2017\/12\/png_kasai-150x150.png\" class=\"attachment-thumbnail size-thumbnail\" alt=\"kasai.png\" \/><\/a>\n\t\t\t<\/div><\/figure><figure class='gallery-item'>\n\t\t\t<div class='gallery-icon portrait'>\n\t\t\t\t<a href='https:\/\/www.justicepaix.be\/wp-content\/uploads\/2017\/12\/jpg_image_1.jpg'><img loading=\"lazy\" decoding=\"async\" width=\"150\" height=\"150\" src=\"https:\/\/www.justicepaix.be\/wp-content\/uploads\/2017\/12\/jpg_image_1-150x150.jpg\" class=\"attachment-thumbnail size-thumbnail\" alt=\"image_1.jpg\" \/><\/a>\n\t\t\t<\/div><\/figure>\n\t\t<\/div>\n\n<h2 class=\"wp-block-heading\">Documents joints<\/h2>\n\n\n\n<div class=\"wp-block-file\"><a href=\"http:\/\/demop.netbaz.be\/2021\/jp\/wp-content\/uploads\/2017\/12\/pdf_2017_analyse_kasai_une_crise_symptomatique_des_maux_congolais.pdf\">Kasa\u00ef : une crise symptomatique des maux congolais ?<\/a><\/div>\n\n\n<div class=\"speaker-mute footnotes_reference_container\"> <div class=\"footnote_container_prepare\"><p><span role=\"button\" tabindex=\"0\" class=\"footnote_reference_container_label pointer\" onclick=\"footnote_expand_collapse_reference_container_15227_1();\">Notes<\/span><span role=\"button\" tabindex=\"0\" class=\"footnote_reference_container_collapse_button\" style=\"display: none;\" onclick=\"footnote_expand_collapse_reference_container_15227_1();\">[<a id=\"footnote_reference_container_collapse_button_15227_1\">+<\/a>]<\/span><\/p><\/div> <div id=\"footnote_references_container_15227_1\" style=\"\"><table class=\"footnotes_table footnote-reference-container\"><caption class=\"accessibility\">Notes<\/caption> <tbody> \r\n\r\n<tr class=\"footnotes_plugin_reference_row\"> <th scope=\"row\" id=\"footnote_plugin_reference_15227_1_1\" class=\"footnote_plugin_index pointer\" onclick=\"footnote_moveToAnchor_15227_1('footnote_plugin_tooltip_15227_1_1');\"><a role=\"button\" tabindex=\"0\" class=\"footnote_plugin_link\" ><span class=\"footnote_index_arrow\">&#8593;<\/span>1<\/a><\/th> <td class=\"footnote_plugin_text\">Lieu o\u00f9 se d\u00e9roulent les rituels initiatiques.<\/td><\/tr>\r\n\r\n<tr class=\"footnotes_plugin_reference_row\"> <th scope=\"row\" id=\"footnote_plugin_reference_15227_1_2\" class=\"footnote_plugin_index pointer\" onclick=\"footnote_moveToAnchor_15227_1('footnote_plugin_tooltip_15227_1_2');\"><a role=\"button\" tabindex=\"0\" class=\"footnote_plugin_link\" ><span class=\"footnote_index_arrow\">&#8593;<\/span>2<\/a><\/th> <td class=\"footnote_plugin_text\">Parmi ces morts, on retrouve des membres des Forces Arm\u00e9es de la RD Congo (FARDC), Police Nationale\nCongolaise (PNC), Agence National du Renseignement (ANR), des agents de la Direction G\u00e9n\u00e9rale des\nMigrations (DGM) et des responsables de la Commission \u00c9lectorale Nationale Ind\u00e9pendante (CENI).<\/td><\/tr>\r\n\r\n<tr class=\"footnotes_plugin_reference_row\"> <th scope=\"row\" id=\"footnote_plugin_reference_15227_1_3\" class=\"footnote_plugin_index pointer\" onclick=\"footnote_moveToAnchor_15227_1('footnote_plugin_tooltip_15227_1_3');\"><a role=\"button\" tabindex=\"0\" class=\"footnote_plugin_link\" ><span class=\"footnote_index_arrow\">&#8593;<\/span>3<\/a><\/th> <td class=\"footnote_plugin_text\"><a href=\"Rapport des Nations Unies, Ao\u00fbt 2017, point 14. \">Rapport des Nations Unies<\/a>, Ao\u00fbt 2017, points 51 \u00e0 62.<\/td><\/tr>\r\n\r\n<tr class=\"footnotes_plugin_reference_row\"> <th scope=\"row\" id=\"footnote_plugin_reference_15227_1_4\" class=\"footnote_plugin_index pointer\" onclick=\"footnote_moveToAnchor_15227_1('footnote_plugin_tooltip_15227_1_4');\"><a role=\"button\" tabindex=\"0\" class=\"footnote_plugin_link\" ><span class=\"footnote_index_arrow\">&#8593;<\/span>4<\/a><\/th> <td class=\"footnote_plugin_text\"><a href=\"http:\/\/www.ohchr.org\/FR\/NewsEvents\/Pages\/DisplayNews.aspx?NewsID=21937&#038;LangID=F)\">Rapport des Nations Unies<\/a>, Ao\u00fbt 2017, point 14.<\/td><\/tr>\r\n\r\n<tr class=\"footnotes_plugin_reference_row\"> <th scope=\"row\" id=\"footnote_plugin_reference_15227_1_5\" class=\"footnote_plugin_index pointer\" onclick=\"footnote_moveToAnchor_15227_1('footnote_plugin_tooltip_15227_1_5');\"><a role=\"button\" tabindex=\"0\" class=\"footnote_plugin_link\" ><span class=\"footnote_index_arrow\">&#8593;<\/span>5<\/a><\/th> <td class=\"footnote_plugin_text\"><a href=\"http:\/\/www.ohchr.org\/FR\/NewsEvents\/Pages\/DisplayNews.aspx?NewsID=21937&#038;LangID=F)\">Rapport des Nations Unies<\/a>, Ao\u00fbt 2017, points 35 \u00e0 50.<\/td><\/tr>\r\n\r\n<tr class=\"footnotes_plugin_reference_row\"> <th scope=\"row\" id=\"footnote_plugin_reference_15227_1_6\" class=\"footnote_plugin_index pointer\" onclick=\"footnote_moveToAnchor_15227_1('footnote_plugin_tooltip_15227_1_6');\"><a role=\"button\" tabindex=\"0\" class=\"footnote_plugin_link\" ><span class=\"footnote_index_arrow\">&#8593;<\/span>6<\/a><\/th> <td class=\"footnote_plugin_text\">On appelle \u00ab  soudure \u00bb la p\u00e9riode qui s\u2019\u00e9tale entre la fin des r\u00e9serves de la pr\u00e9c\u00e9dente r\u00e9colte et la\ndisponibilit\u00e9 des produits issus de la r\u00e9colte suivante.<\/td><\/tr>\r\n\r\n<tr class=\"footnotes_plugin_reference_row\"> <th scope=\"row\" id=\"footnote_plugin_reference_15227_1_7\" class=\"footnote_plugin_index pointer\" onclick=\"footnote_moveToAnchor_15227_1('footnote_plugin_tooltip_15227_1_7');\"><a role=\"button\" tabindex=\"0\" class=\"footnote_plugin_link\" ><span class=\"footnote_index_arrow\">&#8593;<\/span>7<\/a><\/th> <td class=\"footnote_plugin_text\">La MIBA (Mini\u00e8re de Bakwanga) est une entreprise productrice du diamant. \nLa SNCC (Soci\u00e9t\u00e9 Nationale des Chemins de fer du Congo) permettait l\u2019acheminement de la marchandise.<\/td><\/tr>\r\n\r\n<tr class=\"footnotes_plugin_reference_row\"> <th scope=\"row\" id=\"footnote_plugin_reference_15227_1_8\" class=\"footnote_plugin_index pointer\" onclick=\"footnote_moveToAnchor_15227_1('footnote_plugin_tooltip_15227_1_8');\"><a role=\"button\" tabindex=\"0\" class=\"footnote_plugin_link\" ><span class=\"footnote_index_arrow\">&#8593;<\/span>8<\/a><\/th> <td class=\"footnote_plugin_text\">Voir \u00e0 ce sujet l\u2019<a href=\"https:\/\/www.justicepaix.be\/-Articles-\">analyse de la Commission Justice et Paix<\/a> sur les \u00e9lections, D\u00e9cembre 2017.<\/td><\/tr>\r\n\r\n<tr class=\"footnotes_plugin_reference_row\"> <th scope=\"row\" id=\"footnote_plugin_reference_15227_1_9\" class=\"footnote_plugin_index pointer\" onclick=\"footnote_moveToAnchor_15227_1('footnote_plugin_tooltip_15227_1_9');\"><a role=\"button\" tabindex=\"0\" class=\"footnote_plugin_link\" ><span class=\"footnote_index_arrow\">&#8593;<\/span>9<\/a><\/th> <td class=\"footnote_plugin_text\">Le 11 d\u00e9cembre 2017, 15 casques bleus de la MONUSCO ont \u00e9t\u00e9 tu\u00e9s et plus de 50 autres bless\u00e9s lors d\u2019une attaque arm\u00e9e dans une de leurs bases \u00e0 Semuliki (Nord Kivu) \u2013 Source : <a href=\"http:\/\/www.lemonde.fr\/afrique\/article\/2017\/12\/09\/que-s-est-il-passe-a-semuliki-ou-15-casques-bleus-tanzaniens-ont-ete-tues_5227016_3212.html#hymlgUgCcWf6peTs.99\">Le Monde<\/a><\/td><\/tr>\r\n\r\n<tr class=\"footnotes_plugin_reference_row\"> <th scope=\"row\" id=\"footnote_plugin_reference_15227_1_10\" class=\"footnote_plugin_index pointer\" onclick=\"footnote_moveToAnchor_15227_1('footnote_plugin_tooltip_15227_1_10');\"><a role=\"button\" tabindex=\"0\" class=\"footnote_plugin_link\" ><span class=\"footnote_index_arrow\">&#8593;<\/span>10<\/a><\/th> <td class=\"footnote_plugin_text\">L\u2019UDPS est l\u2019un des principaux partis d\u2019opposition.<\/td><\/tr>\r\n\r\n<tr class=\"footnotes_plugin_reference_row\"> <th scope=\"row\" id=\"footnote_plugin_reference_15227_1_11\" class=\"footnote_plugin_index pointer\" onclick=\"footnote_moveToAnchor_15227_1('footnote_plugin_tooltip_15227_1_11');\"><a role=\"button\" tabindex=\"0\" class=\"footnote_plugin_link\" ><span class=\"footnote_index_arrow\">&#8593;<\/span>11<\/a><\/th> <td class=\"footnote_plugin_text\">Voir \u00e0 ce sujet l\u2019<a href=\"https:\/\/www.justicepaix.be\/-Articles-\">analyse de la Commission Justice et Paix <\/a>sur les \u00e9lections, D\u00e9cembre 2017.<\/td><\/tr>\r\n\r\n<tr class=\"footnotes_plugin_reference_row\"> <th scope=\"row\" id=\"footnote_plugin_reference_15227_1_12\" class=\"footnote_plugin_index pointer\" onclick=\"footnote_moveToAnchor_15227_1('footnote_plugin_tooltip_15227_1_12');\"><a role=\"button\" tabindex=\"0\" class=\"footnote_plugin_link\" ><span class=\"footnote_index_arrow\">&#8593;<\/span>12<\/a><\/th> <td class=\"footnote_plugin_text\">On pense par exemple au conflit en \u00c9quateur en 2010-2011 qui trouvait son origine dans une question de p\u00eache et qui a fait plus de 200 000 r\u00e9fugi\u00e9s, mais aussi plus r\u00e9cemment au Tanganyika, aux Kivus\u2026<\/td><\/tr>\r\n\r\n <\/tbody> <\/table> <\/div><\/div><script type=\"text\/javascript\"> function footnote_expand_reference_container_15227_1() { jQuery('#footnote_references_container_15227_1').show(); jQuery('#footnote_reference_container_collapse_button_15227_1').text('\u2212'); } function footnote_collapse_reference_container_15227_1() { jQuery('#footnote_references_container_15227_1').hide(); jQuery('#footnote_reference_container_collapse_button_15227_1').text('+'); } function footnote_expand_collapse_reference_container_15227_1() { if (jQuery('#footnote_references_container_15227_1').is(':hidden')) { footnote_expand_reference_container_15227_1(); } else { footnote_collapse_reference_container_15227_1(); } } function footnote_moveToReference_15227_1(p_str_TargetID) { footnote_expand_reference_container_15227_1(); var l_obj_Target = jQuery('#' + p_str_TargetID); if (l_obj_Target.length) { jQuery( 'html, body' ).delay( 0 ); jQuery('html, body').animate({ scrollTop: l_obj_Target.offset().top - window.innerHeight * 0.2 }, 380); } } function footnote_moveToAnchor_15227_1(p_str_TargetID) { footnote_expand_reference_container_15227_1(); var l_obj_Target = jQuery('#' + p_str_TargetID); if (l_obj_Target.length) { jQuery( 'html, body' ).delay( 0 ); jQuery('html, body').animate({ scrollTop: l_obj_Target.offset().top - window.innerHeight * 0.2 }, 380); } }<\/script>","protected":false},"excerpt":{"rendered":"<p>La crise qui traverse la r\u00e9gion du Grand Kasa\u00ef depuis plus d\u2019une ann\u00e9e z des cons\u00e9quences dramatiques sur les populations : plus d\u20191,5 million de personnes ont \u00e9t\u00e9 d\u00e9plac\u00e9es et 35 000 personnes sont all\u00e9es se r\u00e9fugier en Angola voisin. Cette crise, bien qu\u2019elle prenne racine dans des tensions locales sp\u00e9cifiques, semble catalyser plusieurs dynamiques [&hellip;]<\/p>\n","protected":false},"author":57,"featured_media":15225,"comment_status":"closed","ping_status":"open","sticky":false,"template":"","format":"standard","meta":{"_acf_changed":false,"_seopress_robots_primary_cat":"","_seopress_titles_title":"","_seopress_titles_desc":"","_seopress_robots_index":"","footnotes":""},"categories":[2722],"tags":[2795,2824,2843,2803,2844,2825,2792,2811],"class_list":["post-15227","post","type-post","status-publish","format-standard","has-post-thumbnail","hentry","category-articles-nos-publications","tag-article","tag-droits-humains","tag-education-au-developpement","tag-elections","tag-migrations","tag-prevention-des-conflits","tag-rd-congo","tag-ressources-naturelles"],"acf":[],"_links":{"self":[{"href":"https:\/\/www.justicepaix.be\/en\/wp-json\/wp\/v2\/posts\/15227","targetHints":{"allow":["GET"]}}],"collection":[{"href":"https:\/\/www.justicepaix.be\/en\/wp-json\/wp\/v2\/posts"}],"about":[{"href":"https:\/\/www.justicepaix.be\/en\/wp-json\/wp\/v2\/types\/post"}],"author":[{"embeddable":true,"href":"https:\/\/www.justicepaix.be\/en\/wp-json\/wp\/v2\/users\/57"}],"replies":[{"embeddable":true,"href":"https:\/\/www.justicepaix.be\/en\/wp-json\/wp\/v2\/comments?post=15227"}],"version-history":[{"count":0,"href":"https:\/\/www.justicepaix.be\/en\/wp-json\/wp\/v2\/posts\/15227\/revisions"}],"wp:featuredmedia":[{"embeddable":true,"href":"https:\/\/www.justicepaix.be\/en\/wp-json\/wp\/v2\/media\/15225"}],"wp:attachment":[{"href":"https:\/\/www.justicepaix.be\/en\/wp-json\/wp\/v2\/media?parent=15227"}],"wp:term":[{"taxonomy":"category","embeddable":true,"href":"https:\/\/www.justicepaix.be\/en\/wp-json\/wp\/v2\/categories?post=15227"},{"taxonomy":"post_tag","embeddable":true,"href":"https:\/\/www.justicepaix.be\/en\/wp-json\/wp\/v2\/tags?post=15227"}],"curies":[{"name":"wp","href":"https:\/\/api.w.org\/{rel}","templated":true}]}}