{"id":15098,"date":"2017-11-08T14:35:46","date_gmt":"2017-11-08T14:35:46","guid":{"rendered":"https:\/\/demop.netbaz.be\/2021\/jp\/2017\/11\/08\/pour-son-anniversaire-justice-et-paix-change-de-logo\/"},"modified":"2021-04-14T11:50:52","modified_gmt":"2021-04-14T11:50:52","slug":"for-its-anniversary-justice-and-peace-changes-logo","status":"publish","type":"post","link":"https:\/\/www.justicepaix.be\/en\/pour-son-anniversaire-justice-et-paix-change-de-logo\/","title":{"rendered":"For its anniversary, Justice and Peace is changing its logo!"},"content":{"rendered":"<p>In 1967, the Belgian Justitia and Pax Commission was created. 50 years later, our mission is still relevant today: to raise awareness among citizens and decision-makers about conflict situations and to encourage them to be agents of peace and justice here and elsewhere. <\/p>\n<p>To celebrate our anniversary, we wanted to modernize our image while keeping our multiple identity, our Catholic inspiration and our international commitment. <\/p>\n<p><img fetchpriority=\"high\" decoding=\"async\" class=\"aligncenter size-full wp-image-15096\" src=\"http:\/\/demop.netbaz.be\/2021\/jp\/wp-content\/uploads\/2017\/11\/png_image008_2_.png\" alt=\"image008_2_.png\" align=\"center\" width=\"455\" height=\"111\" srcset=\"https:\/\/www.justicepaix.be\/wp-content\/uploads\/2017\/11\/png_image008_2_.png 455w, https:\/\/www.justicepaix.be\/wp-content\/uploads\/2017\/11\/png_image008_2_-300x73.png 300w\" sizes=\"(max-width: 455px) 100vw, 455px\" \/><\/p>\n<p>The new logo therefore symbolizes all of this with an ambitious mosaic: two colors of the terrestrial globe, symbolizing the different poles of our planet, are united by the branch which develops and weaves the link of international solidarity!<\/p>\n<p>Resulting from a consultation between the team and our authorities, this logo was created by our graphic service provider the company <a href=\"http:\/\/www.acg-bxl.be\/\">ACG<\/a>.<br \/>\nThis message is also an opportunity to thank all these people for their collaboration!<\/p>\n<p>Axelle Fischer, General Secretary and Arnaud Gorgemans, President<\/p>\n<p><img decoding=\"async\" class=\"aligncenter size-full wp-image-15097\" src=\"http:\/\/demop.netbaz.be\/2021\/jp\/wp-content\/uploads\/2017\/11\/png_justice_paix-logo_rvb-positif_cartouche.png\" alt=\"justice_peace-logo_rvb-positif_cartouche.png\" align=\"center\" width=\"3287\" height=\"1549\" srcset=\"https:\/\/www.justicepaix.be\/wp-content\/uploads\/2017\/11\/png_justice_paix-logo_rvb-positif_cartouche.png 3287w, https:\/\/www.justicepaix.be\/wp-content\/uploads\/2017\/11\/png_justice_paix-logo_rvb-positif_cartouche-300x141.png 300w, https:\/\/www.justicepaix.be\/wp-content\/uploads\/2017\/11\/png_justice_paix-logo_rvb-positif_cartouche-1024x483.png 1024w, https:\/\/www.justicepaix.be\/wp-content\/uploads\/2017\/11\/png_justice_paix-logo_rvb-positif_cartouche-768x362.png 768w, https:\/\/www.justicepaix.be\/wp-content\/uploads\/2017\/11\/png_justice_paix-logo_rvb-positif_cartouche-1536x724.png 1536w, https:\/\/www.justicepaix.be\/wp-content\/uploads\/2017\/11\/png_justice_paix-logo_rvb-positif_cartouche-2048x965.png 2048w\" sizes=\"(max-width: 3287px) 100vw, 3287px\" \/><div id='gallery-1' class='gallery galleryid-15098 gallery-columns-3 gallery-size-thumbnail'><figure class='gallery-item'>\n\t\t\t<div class='gallery-icon landscape'>\n\t\t\t\t<a href='https:\/\/www.justicepaix.be\/wp-content\/uploads\/2017\/11\/png_justice_paix-logo_rvb-positif_cartouche.png'><img decoding=\"async\" width=\"150\" height=\"150\" src=\"https:\/\/www.justicepaix.be\/wp-content\/uploads\/2017\/11\/png_justice_paix-logo_rvb-positif_cartouche-150x150.png\" class=\"attachment-thumbnail size-thumbnail\" alt=\"justice_peace-logo_rvb-positif_cartouche.png\" \/><\/a>\n\t\t\t<\/div><\/figure><figure class='gallery-item'>\n\t\t\t<div class='gallery-icon landscape'>\n\t\t\t\t<a href='https:\/\/www.justicepaix.be\/wp-content\/uploads\/2017\/11\/png_image008_2_.png'><img loading=\"lazy\" decoding=\"async\" width=\"150\" height=\"111\" src=\"https:\/\/www.justicepaix.be\/wp-content\/uploads\/2017\/11\/png_image008_2_-150x111.png\" class=\"attachment-thumbnail size-thumbnail\" alt=\"image008_2_.png\" \/><\/a>\n\t\t\t<\/div><\/figure><figure class='gallery-item'>\n\t\t\t<div class='gallery-icon portrait'>\n\t\t\t\t<a href='https:\/\/www.justicepaix.be\/wp-content\/uploads\/2017\/11\/png_justice_paix-logo_quadri-positif_carre-2.png'><img loading=\"lazy\" decoding=\"async\" width=\"150\" height=\"150\" src=\"https:\/\/www.justicepaix.be\/wp-content\/uploads\/2017\/11\/png_justice_paix-logo_quadri-positif_carre-2-150x150.png\" class=\"attachment-thumbnail size-thumbnail\" alt=\"justice_peace-logo_quadri-positif_carre-2.png\" srcset=\"https:\/\/www.justicepaix.be\/wp-content\/uploads\/2017\/11\/png_justice_paix-logo_quadri-positif_carre-2-150x150.png 150w, https:\/\/www.justicepaix.be\/wp-content\/uploads\/2017\/11\/png_justice_paix-logo_quadri-positif_carre-2-300x300.png 300w, https:\/\/www.justicepaix.be\/wp-content\/uploads\/2017\/11\/png_justice_paix-logo_quadri-positif_carre-2.png 733w\" sizes=\"(max-width: 150px) 100vw, 150px\" \/><\/a>\n\t\t\t<\/div><\/figure><figure class='gallery-item'>\n\t\t\t<div class='gallery-icon landscape'>\n\t\t\t\t<a href='https:\/\/www.justicepaix.be\/wp-content\/uploads\/2017\/11\/png_justice_paix-logo_quadri-positif_carre_avec_titre_sans_coutour.png'><img loading=\"lazy\" decoding=\"async\" width=\"150\" height=\"150\" src=\"https:\/\/www.justicepaix.be\/wp-content\/uploads\/2017\/11\/png_justice_paix-logo_quadri-positif_carre_avec_titre_sans_coutour-150x150.png\" class=\"attachment-thumbnail size-thumbnail\" alt=\"justice_peace-logo_quadri-positive_carre_avec_titre_sans_coutour.png\" srcset=\"https:\/\/www.justicepaix.be\/wp-content\/uploads\/2017\/11\/png_justice_paix-logo_quadri-positif_carre_avec_titre_sans_coutour-150x150.png 150w, https:\/\/www.justicepaix.be\/wp-content\/uploads\/2017\/11\/png_justice_paix-logo_quadri-positif_carre_avec_titre_sans_coutour-300x300.png 300w, https:\/\/www.justicepaix.be\/wp-content\/uploads\/2017\/11\/png_justice_paix-logo_quadri-positif_carre_avec_titre_sans_coutour-1024x1024.png 1024w, https:\/\/www.justicepaix.be\/wp-content\/uploads\/2017\/11\/png_justice_paix-logo_quadri-positif_carre_avec_titre_sans_coutour-768x768.png 768w, https:\/\/www.justicepaix.be\/wp-content\/uploads\/2017\/11\/png_justice_paix-logo_quadri-positif_carre_avec_titre_sans_coutour-1536x1536.png 1536w, https:\/\/www.justicepaix.be\/wp-content\/uploads\/2017\/11\/png_justice_paix-logo_quadri-positif_carre_avec_titre_sans_coutour.png 1918w\" sizes=\"(max-width: 150px) 100vw, 150px\" \/><\/a>\n\t\t\t<\/div><\/figure>\n\t\t<\/div>\n<\/p>","protected":false},"excerpt":{"rendered":"<p>En 1967, voyait le jour la Commission Justitia et Pax belge. 50 ans plus tard, notre mission est toujours d\u2019actualit\u00e9 : conscientiser citoyens et d\u00e9cideurs sur les situations de conflits et les encourager \u00e0 \u00eatre acteur de paix et de justice ici et ailleurs. Pour c\u00e9l\u00e9brer notre anniversaire, nous avons souhait\u00e9 moderniser notre image tout [&hellip;]<\/p>\n","protected":false},"author":62,"featured_media":15096,"comment_status":"closed","ping_status":"open","sticky":false,"template":"","format":"standard","meta":{"_acf_changed":false,"_seopress_robots_primary_cat":"","_seopress_titles_title":"","_seopress_titles_desc":"","_seopress_robots_index":"","footnotes":""},"categories":[2696],"tags":[],"class_list":["post-15098","post","type-post","status-publish","format-standard","has-post-thumbnail","hentry","category-actualites"],"acf":[],"_links":{"self":[{"href":"https:\/\/www.justicepaix.be\/en\/wp-json\/wp\/v2\/posts\/15098","targetHints":{"allow":["GET"]}}],"collection":[{"href":"https:\/\/www.justicepaix.be\/en\/wp-json\/wp\/v2\/posts"}],"about":[{"href":"https:\/\/www.justicepaix.be\/en\/wp-json\/wp\/v2\/types\/post"}],"author":[{"embeddable":true,"href":"https:\/\/www.justicepaix.be\/en\/wp-json\/wp\/v2\/users\/62"}],"replies":[{"embeddable":true,"href":"https:\/\/www.justicepaix.be\/en\/wp-json\/wp\/v2\/comments?post=15098"}],"version-history":[{"count":0,"href":"https:\/\/www.justicepaix.be\/en\/wp-json\/wp\/v2\/posts\/15098\/revisions"}],"wp:featuredmedia":[{"embeddable":true,"href":"https:\/\/www.justicepaix.be\/en\/wp-json\/wp\/v2\/media\/15096"}],"wp:attachment":[{"href":"https:\/\/www.justicepaix.be\/en\/wp-json\/wp\/v2\/media?parent=15098"}],"wp:term":[{"taxonomy":"category","embeddable":true,"href":"https:\/\/www.justicepaix.be\/en\/wp-json\/wp\/v2\/categories?post=15098"},{"taxonomy":"post_tag","embeddable":true,"href":"https:\/\/www.justicepaix.be\/en\/wp-json\/wp\/v2\/tags?post=15098"}],"curies":[{"name":"wp","href":"https:\/\/api.w.org\/{rel}","templated":true}]}}