{"id":14834,"date":"2017-05-18T10:18:29","date_gmt":"2017-05-18T10:18:29","guid":{"rendered":"https:\/\/demop.netbaz.be\/2021\/jp\/2017\/05\/18\/au-service-de-nos-partenaires-locaux\/"},"modified":"2021-04-14T12:21:56","modified_gmt":"2021-04-14T12:21:56","slug":"au-service-de-nos-partenaires-locaux","status":"publish","type":"post","link":"https:\/\/www.justicepaix.be\/en\/au-service-de-nos-partenaires-locaux\/","title":{"rendered":"Serving our local partners"},"content":{"rendered":"<p class=\"post_excerpt\">L\u2019ann\u00e9e 2017 est pleine de d\u00e9fis pour nos partenaires locaux. Pour continuer \u00e0 les soutenir, nous faisons appel \u00e0 votre g\u00e9n\u00e9rosit\u00e9 !<\/p>\n<p><!--more--><br \/>\nAu mois de juin, nous accueillerons Javier Mujica, Pr\u00e9sident de \u00ab P\u00e9rou Equit\u00e9 \u00bb, qui t\u00e9moignera au Parlement Wallon, ainsi qu\u2019aupr\u00e8s des m\u00e9dias et des associations, au sujet des impacts sociaux et environnementaux des trait\u00e9s de libre commerce. <\/p>\n<p><a href=\"https:\/\/www.justicepaix.be\/en\/2016\/03\/08\/au-perou-c-est-l-eau-ou-la-mine\/\">(Visionnez notre reportage [Au P\u00e9rou, c&rsquo;est l&rsquo;eau ou la mine<\/a><\/p>\n<p>Afin de soutenir Javier et tous nos partenaires locaux qui luttent au quotidien en Afrique et en Am\u00e9rique latine, nous faisons appel \u00e0 votre g\u00e9n\u00e9rosit\u00e9 ! Gr\u00e2ce \u00e0 la confiance que vous nous accordez, nous pouvons continuer \u00e0 travailler pour la paix ! Tous vos dons, peu importe le montant, font la diff\u00e9rence !<\/p>\n<p><a href=\"https:\/\/www.justicepaix.be\/en\/2015\/09\/03\/faire-un-don-1025\/\">Faire un don<\/a><\/p>\n<p><a href=\"https:\/\/www.justicepaix.be\/en\/2015\/09\/03\/les-activites-de-justice-et-paix\/\">(Si vous voulez plus de d\u00e9tails sur nos projets et activit\u00e9s, consultez [nos rapports d&rsquo;activit\u00e9s<\/a>.<\/p>\n<p>De tout c\u0153ur, un tr\u00e8s grand merci pour votre soutien !        <\/p>\n<p>Arnaud Gorgemans<br \/>\nPr\u00e9sident de Justice et Paix<\/p>\n<p>* <a href=\"https:\/\/www.justicepaix.be\/en\/2015\/09\/03\/faire-un-don-1025\/\">Votre don est fiscalement d\u00e9ductible \u00e0 partir de 40 euros<\/a><div id='gallery-1' class='gallery galleryid-14834 gallery-columns-3 gallery-size-thumbnail'><figure class='gallery-item'>\n\t\t\t<div class='gallery-icon landscape'>\n\t\t\t\t<a href='https:\/\/www.justicepaix.be\/wp-content\/uploads\/2017\/05\/jpg_generosite-2.jpg'><img decoding=\"async\" width=\"150\" height=\"150\" src=\"https:\/\/www.justicepaix.be\/wp-content\/uploads\/2017\/05\/jpg_generosite-2-150x150.jpg\" class=\"attachment-thumbnail size-thumbnail\" alt=\"generosite-2.jpg\" \/><\/a>\n\t\t\t<\/div><\/figure>\n\t\t<\/div>\n<\/p>","protected":false},"excerpt":{"rendered":"<p>L\u2019ann\u00e9e 2017 est pleine de d\u00e9fis pour nos partenaires locaux. Pour continuer \u00e0 les soutenir, nous faisons appel \u00e0 votre g\u00e9n\u00e9rosit\u00e9 !<\/p>","protected":false},"author":62,"featured_media":14835,"comment_status":"closed","ping_status":"open","sticky":false,"template":"","format":"standard","meta":{"_acf_changed":false,"_seopress_robots_primary_cat":"","_seopress_titles_title":"","_seopress_titles_desc":"","_seopress_robots_index":"","footnotes":""},"categories":[2696],"tags":[],"class_list":["post-14834","post","type-post","status-publish","format-standard","has-post-thumbnail","hentry","category-actualites"],"acf":[],"_links":{"self":[{"href":"https:\/\/www.justicepaix.be\/en\/wp-json\/wp\/v2\/posts\/14834","targetHints":{"allow":["GET"]}}],"collection":[{"href":"https:\/\/www.justicepaix.be\/en\/wp-json\/wp\/v2\/posts"}],"about":[{"href":"https:\/\/www.justicepaix.be\/en\/wp-json\/wp\/v2\/types\/post"}],"author":[{"embeddable":true,"href":"https:\/\/www.justicepaix.be\/en\/wp-json\/wp\/v2\/users\/62"}],"replies":[{"embeddable":true,"href":"https:\/\/www.justicepaix.be\/en\/wp-json\/wp\/v2\/comments?post=14834"}],"version-history":[{"count":0,"href":"https:\/\/www.justicepaix.be\/en\/wp-json\/wp\/v2\/posts\/14834\/revisions"}],"wp:featuredmedia":[{"embeddable":true,"href":"https:\/\/www.justicepaix.be\/en\/wp-json\/wp\/v2\/media\/14835"}],"wp:attachment":[{"href":"https:\/\/www.justicepaix.be\/en\/wp-json\/wp\/v2\/media?parent=14834"}],"wp:term":[{"taxonomy":"category","embeddable":true,"href":"https:\/\/www.justicepaix.be\/en\/wp-json\/wp\/v2\/categories?post=14834"},{"taxonomy":"post_tag","embeddable":true,"href":"https:\/\/www.justicepaix.be\/en\/wp-json\/wp\/v2\/tags?post=14834"}],"curies":[{"name":"wp","href":"https:\/\/api.w.org\/{rel}","templated":true}]}}