{"id":14761,"date":"2017-03-15T15:36:00","date_gmt":"2017-03-15T15:36:00","guid":{"rendered":"https:\/\/demop.netbaz.be\/2021\/jp\/2017\/03\/15\/nouvelle-legislation-sur-les-minerais-des-conflits-une-opportunite-manquee-pour\/"},"modified":"2021-07-06T14:42:11","modified_gmt":"2021-07-06T12:42:11","slug":"new-legislation-on-conflict-minerals-a-missed-opportunity-for","status":"publish","type":"post","link":"https:\/\/www.justicepaix.be\/en\/nouvelle-legislation-sur-les-minerais-des-conflits-une-opportunite-manquee-pour\/","title":{"rendered":"New legislation on conflict minerals, a missed opportunity for the European Union?"},"content":{"rendered":"<p class=\"post_excerpt\">This Thursday, the European Parliament will vote on the proposed law on \u201cconflict minerals\u201d, a regulation which aims to guarantee that minerals imported into the European Union do not violate human rights and do not finance armed conflicts worldwide. Long debated, the text is today less ambitious than the project initially proposed by Parliament, to the great dismay of civil society.<\/p>\n\n\n\n<div class=\"wp-block-image\"><figure class=\"aligncenter\"><img fetchpriority=\"high\" decoding=\"async\" width=\"710\" height=\"280\" src=\"http:\/\/demop.netbaz.be\/2021\/jp\/wp-content\/uploads\/2017\/03\/jpg_2017-15-03_cp_nouvelle_legislation_sur_les_minerais_des_conflits_710x280.jpg\" alt=\"2017-15-03_cp_nouvelle_legislation_sur_les_minerais_des_conflits_710x280.jpg\" class=\"wp-image-14760\" srcset=\"https:\/\/www.justicepaix.be\/wp-content\/uploads\/2017\/03\/jpg_2017-15-03_cp_nouvelle_legislation_sur_les_minerais_des_conflits_710x280.jpg 710w, https:\/\/www.justicepaix.be\/wp-content\/uploads\/2017\/03\/jpg_2017-15-03_cp_nouvelle_legislation_sur_les_minerais_des_conflits_710x280-300x118.jpg 300w\" sizes=\"(max-width: 710px) 100vw, 710px\" \/><\/figure><\/div>\n\n\n\n<!--more-->\n\n\n\n<p>Already in 2010, the European Union committed to this: creating a space of transparency within European supply chains which contain mining resources. These are the four minerals, tin, tungsten, tantalum and gold, which were in the crosshairs of the legislator; and this because of the international traffic linked to it. Just in the east of DR Congo, <a href=\"http:\/\/www.securitycouncilreport.org\/atf\/cf\/%7B65BFCF9B-6D27-4E9C-8CD3-CF6E4FF96FF9%7D\/s_2014_42.pdf\">nearly 98 % of gold mining is illegally exported<\/a>. In addition to the dead loss that this constitutes for the coffers of local authorities, it is also a significant source of income for the armed groups who still occupy <a href=\"http:\/\/ipisresearch.be\/wp-content\/uploads\/2016\/10\/Mapping-minerals-in-eastern-DR-Congo_v005.pdf\">more than half of the artisanal mines in this region. <\/a><\/p>\n\n\n\n<h2 class=\"wp-block-heading\">**A necessary European framework<\/h2>\n\n\n\n<p>Inspired by the OECD&#039;s \u201cduty of diligence\u201d guidelines, the European Parliament therefore wanted to set up a binding system, requiring European companies to ensure that their supply of minerals is extracted in conditions respectful of Human Rights. The project planned to cover the entire supply chains on a mandatory basis; upstream (foundries, refineries, importers of ores and raw metals) as well as downstream, up to the supplier of finished products (GSM, tablet, cars, etc.). However, it is clear that after long negotiations between the European Parliament, the European Commission and the Council, numerous concessions have been made to companies which do not say they are ready to agree to this \u201cdue diligence\u201d effort. White list of \u201cresponsible\u201d suppliers, import thresholds below which no account must be given, self-regulation, etc. <a href=\"http:\/\/www.eurac-network.org\/sites\/default\/files\/conflict_minerals._the_eu_is_once_again_about_to_weaken_the_upcoming_regulation_-_eurac_-_10_november_2016.pdf\">are all weaknesses in the text of the law that civil society condemns<\/a> : <\/p>\n\n\n\n<blockquote class=\"wp-block-quote is-layout-flow wp-block-quote-is-layout-flow\"><p>\u201cAll this leaves a bitter taste, a feeling of half-measures\u201d explains Axelle Fischer, Secretary General of the NGO Justice and Peace, \u201calthough it is an important initiative, we have today the impression that this law is a net whose meshes are far too large to achieve the set objectives.\u201d  <\/p><\/blockquote>\n\n\n\n<h2 class=\"wp-block-heading\">**The opportunity for an integrated approach \t<\/h2>\n\n\n\n<p>In addition to the attention paid to European imports, the text also provides for accompanying measures in the field of diplomacy and technical cooperation. An essential necessity, according to Giuseppe Cioffo, advocacy officer at EurAc, the European Network for Central Africa: \u201cIf we wish to break these dynamics of violence linked to the illegal trade in minerals, the EU will have to make full use of this political leverage and push for governance of the mining sector that engages grassroots stakeholders, including civil society.\u201d The European Union is therefore now expected at the turning point by NGOs, so that it can ensure the effective application of this law. Civil society will also ask institutions to take a stronger position on the draft UN treaty on business and Human Rights, a new opportunity to regulate globalized supply chains.<\/p>\n\n\n\n<p>Contact : <br>\n<a href=\"mailto:timur.uluc@justicepaix.be\">Timur Ulu\u00e7<\/a> \u2013 advocacy officer +32 (0)472\/21.60.90<\/p>\n\n\n\n<p>This text was co-signed by different networks of European NGOs, bringing together the approval of more than 50 organizations. <\/p>\n\n\n\n<p>1. Alboan<br>\n2.\t<a href=\"http:\/\/www.eurac-network.org\/en\/member-organisations\">European Network for Central Africa \u2013 EurAc<\/a><br>\n3.\t<a href=\"http:\/\/www.cidse.org\/members.html\">CIDSE<\/a><br>\n4. Christliche Initiative Romero<br>\n5. Comisi\u00f3n General de Justicia y Paz de Espa\u00f1a<br>\n6. Justice and Peace Commission<br>\n7. DKA Austria<br>\n8. Instytut Globalnej Odpowiedzialno\u015bci<br>\n9. Jesuit European Social Center<br>\n10. Mainel<br>\n11. PowerShift<br>\n12. Red of Entidades para el Desarrollo Solidario \u2013 REDES<br>\n13. WSM \u2013 World Solidarity<br>\n14. Stop Mad Mining<br>\n<\/p>\n\n\n\n<figure class=\"wp-block-gallery columns-3 is-cropped wp-block-gallery-1 is-layout-flex wp-block-gallery-is-layout-flex\"><ul class=\"blocks-gallery-grid\"><li class=\"blocks-gallery-item\"><figure><img data-id=\"14760\" class=\"wp-image-14760\"\/><\/figure><\/li><\/ul><\/figure>\n\n\n\n<h2 class=\"wp-block-heading\">Attachments<\/h2>\n\n\n\n<div class=\"wp-block-file\"><a href=\"http:\/\/demop.netbaz.be\/2021\/jp\/wp-content\/uploads\/2017\/03\/pdf_2017-15-03_cp_nouvelle_legislation_sur_les_minerais_des_conflits_une_opportunite_manquee_pour_l_union_europeenne.pdf\">2017-15-03_cp_nouvelle_legislation_sur_les_minerais_des_conflits_une_opportunite_misse_pour_l_union_europeenne.pdf<\/a><\/div>","protected":false},"excerpt":{"rendered":"<p>Ce jeudi, le Parlement europ\u00e9en votera la proposition de loi sur les \u00ab minerais des conflits \u00bb, un r\u00e8glement qui vise \u00e0 garantir que les minerais import\u00e9s au sein de l\u2019Union europ\u00e9enne ne portent pas atteinte aux Droits Humains et ne finance pas des conflits arm\u00e9s \u00e0 travers le monde. Longtemps d\u00e9battu, le texte est [&hellip;]<\/p>\n","protected":false},"author":62,"featured_media":14760,"comment_status":"closed","ping_status":"open","sticky":false,"template":"","format":"standard","meta":{"_acf_changed":false,"_seopress_robots_primary_cat":"2720","_seopress_titles_title":"","_seopress_titles_desc":"","_seopress_robots_index":"","footnotes":""},"categories":[2720],"tags":[2857,2824,2807,2811,2834],"class_list":["post-14761","post","type-post","status-publish","format-standard","has-post-thumbnail","hentry","category-communiques-de-presse","tag-communique-de-presse","tag-droits-humains","tag-organisations-internationales","tag-ressources-naturelles","tag-union-europeenne"],"acf":[],"_links":{"self":[{"href":"https:\/\/www.justicepaix.be\/en\/wp-json\/wp\/v2\/posts\/14761","targetHints":{"allow":["GET"]}}],"collection":[{"href":"https:\/\/www.justicepaix.be\/en\/wp-json\/wp\/v2\/posts"}],"about":[{"href":"https:\/\/www.justicepaix.be\/en\/wp-json\/wp\/v2\/types\/post"}],"author":[{"embeddable":true,"href":"https:\/\/www.justicepaix.be\/en\/wp-json\/wp\/v2\/users\/62"}],"replies":[{"embeddable":true,"href":"https:\/\/www.justicepaix.be\/en\/wp-json\/wp\/v2\/comments?post=14761"}],"version-history":[{"count":0,"href":"https:\/\/www.justicepaix.be\/en\/wp-json\/wp\/v2\/posts\/14761\/revisions"}],"wp:featuredmedia":[{"embeddable":true,"href":"https:\/\/www.justicepaix.be\/en\/wp-json\/wp\/v2\/media\/14760"}],"wp:attachment":[{"href":"https:\/\/www.justicepaix.be\/en\/wp-json\/wp\/v2\/media?parent=14761"}],"wp:term":[{"taxonomy":"category","embeddable":true,"href":"https:\/\/www.justicepaix.be\/en\/wp-json\/wp\/v2\/categories?post=14761"},{"taxonomy":"post_tag","embeddable":true,"href":"https:\/\/www.justicepaix.be\/en\/wp-json\/wp\/v2\/tags?post=14761"}],"curies":[{"name":"wp","href":"https:\/\/api.w.org\/{rel}","templated":true}]}}