{"id":14669,"date":"2016-12-23T09:22:18","date_gmt":"2016-12-23T09:22:18","guid":{"rendered":"https:\/\/demop.netbaz.be\/2021\/jp\/2016\/12\/23\/grace-a-vous-a-l-ecoute-des-populations-locales\/"},"modified":"2021-04-14T12:21:56","modified_gmt":"2021-04-14T12:21:56","slug":"grace-a-vous-a-l-ecoute-des-populations-locales","status":"publish","type":"post","link":"https:\/\/www.justicepaix.be\/en\/grace-a-vous-a-l-ecoute-des-populations-locales\/","title":{"rendered":"Thanks to you, listening to local populations!"},"content":{"rendered":"<p class=\"post_excerpt\">Gr\u00e2ce \u00e0 votre appui, nous avons eu l\u2019occasion d\u2019accueillir en ce mois de d\u00e9cembre 2016 deux partenaires qui ont travaill\u00e9, \u00e0 nos c\u00f4t\u00e9s, sur les questions s\u00e9rieuses que sont la paix et la d\u00e9mocratie dans leur pays respectif. Les d\u00e9fis sont grands et il y a urgence !<\/p>\n\n\n<!--more-->\n<img decoding=\"async\" class=\"alignright size-full wp-image-14666\" src=\"http:\/\/demop.netbaz.be\/2021\/jp\/wp-content\/uploads\/2016\/12\/jpg_abbe_du_congo_200x200.jpg\" alt=\"abbe_du_congo_200x200.jpg\" align=\"right\" width=\"200\" height=\"200\" srcset=\"https:\/\/www.justicepaix.be\/wp-content\/uploads\/2016\/12\/jpg_abbe_du_congo_200x200.jpg 200w, https:\/\/www.justicepaix.be\/wp-content\/uploads\/2016\/12\/jpg_abbe_du_congo_200x200-150x150.jpg 150w\" sizes=\"(max-width: 200px) 100vw, 200px\" \/> L\u2019Abb\u00e9 <strong>Donatien Nshole<\/strong> est le secr\u00e9taire de la Conf\u00e9rence \u00e9piscopale de la RDC. C\u2019est une p\u00e9riode difficile pour les Congolais, les \u00e9lections n\u2019auront pas eu lieu comme pr\u00e9vu en 2016 et leurs droits citoyens sont aujourd\u2019hui bafou\u00e9s. L\u2019\u00c9glise catholique est devenue un acteur incontournable pour r\u00e9tablir le dialogue entre Congolais et pacifier la r\u00e9gion des Grands Lacs.\n\n<img decoding=\"async\" class=\"alignleft size-full wp-image-14667\" src=\"http:\/\/demop.netbaz.be\/2021\/jp\/wp-content\/uploads\/2016\/12\/jpg_ana_romero_200x200.jpg\" alt=\"ana_romero_200x200.jpg\" align=\"left\" width=\"200\" height=\"200\" srcset=\"https:\/\/www.justicepaix.be\/wp-content\/uploads\/2016\/12\/jpg_ana_romero_200x200.jpg 200w, https:\/\/www.justicepaix.be\/wp-content\/uploads\/2016\/12\/jpg_ana_romero_200x200-150x150.jpg 150w\" sizes=\"(max-width: 200px) 100vw, 200px\" \/><strong> Ana Romero<\/strong> est coordinatrice de la RedGe, le R\u00e9seau P\u00e9ruvien pour une Globalisation avec Equit\u00e9, qui \u0153uvre pour que les accords commerciaux, dont celui n\u00e9goci\u00e9 actuellement avec l\u2019Union Europ\u00e9enne, ne laissent pas les plus d\u00e9munis \u00e0 c\u00f4t\u00e9 de la route du d\u00e9veloppement.\n\n\n\nNous avons rencontr\u00e9 des responsables politiques belges et europ\u00e9ens, ainsi que les m\u00e9dias et d\u2019autres associations, pour qu\u2019ils tiennent compte des revendications des populations locales. Car c\u2019est en partenaires soud\u00e9s et solidaires des pays \u00e9voqu\u00e9s ci-dessus que la Belgique et l\u2019Europe peuvent appuyer la paix et la justice sociale dans le monde.\n\nNotre travail est possible gr\u00e2ce \u00e0 votre g\u00e9n\u00e9rosit\u00e9 ! C\u2019est ainsi que nous faisons appel, comme chaque ann\u00e9e, \u00e0 votre solidarit\u00e9! Tous vos dons, peu importe le montant, font la diff\u00e9rence.\t\t                            \n\t\t\t                          \nDe tout c\u0153ur, un tr\u00e8s grand merci pour votre soutien !        \n\nArnaud Gorgemans\nPr\u00e9sident de Justice et Paix\n\n* <a href=\"https:\/\/www.justicepaix.be\/en\/2015\/09\/03\/faire-un-don-1025\/\">Votre don est fiscalement d\u00e9ductible \u00e0 partir de 40 euros<\/a>\n\n<a href=\"http:\/\/demop.netbaz.be\/2021\/jp\/wp-content\/uploads\/2016\/12\/pdf_2016_appel_aux_dons.pdf\">T\u00e9l\u00e9chargez le bulletin de virement<\/a><div id='gallery-1' class='gallery galleryid-14669 gallery-columns-3 gallery-size-thumbnail'><figure class='gallery-item'>\n\t\t\t<div class='gallery-icon landscape'>\n\t\t\t\t<a href='https:\/\/www.justicepaix.be\/wp-content\/uploads\/2016\/12\/jpg_ana_romero_200x200.jpg'><img decoding=\"async\" width=\"150\" height=\"150\" src=\"https:\/\/www.justicepaix.be\/wp-content\/uploads\/2016\/12\/jpg_ana_romero_200x200-150x150.jpg\" class=\"attachment-thumbnail size-thumbnail\" alt=\"ana_romero_200x200.jpg\" srcset=\"https:\/\/www.justicepaix.be\/wp-content\/uploads\/2016\/12\/jpg_ana_romero_200x200-150x150.jpg 150w, https:\/\/www.justicepaix.be\/wp-content\/uploads\/2016\/12\/jpg_ana_romero_200x200.jpg 200w\" sizes=\"(max-width: 150px) 100vw, 150px\" \/><\/a>\n\t\t\t<\/div><\/figure><figure class='gallery-item'>\n\t\t\t<div class='gallery-icon landscape'>\n\t\t\t\t<a href='https:\/\/www.justicepaix.be\/wp-content\/uploads\/2016\/12\/jpg_abbe_du_congo_200x200.jpg'><img loading=\"lazy\" decoding=\"async\" width=\"150\" height=\"150\" src=\"https:\/\/www.justicepaix.be\/wp-content\/uploads\/2016\/12\/jpg_abbe_du_congo_200x200-150x150.jpg\" class=\"attachment-thumbnail size-thumbnail\" alt=\"abbe_du_congo_200x200.jpg\" srcset=\"https:\/\/www.justicepaix.be\/wp-content\/uploads\/2016\/12\/jpg_abbe_du_congo_200x200-150x150.jpg 150w, https:\/\/www.justicepaix.be\/wp-content\/uploads\/2016\/12\/jpg_abbe_du_congo_200x200.jpg 200w\" sizes=\"(max-width: 150px) 100vw, 150px\" \/><\/a>\n\t\t\t<\/div><\/figure>\n\t\t<\/div>\n\n<h2 class=\"wp-block-heading\">Attachments<\/h2>\n\n\n\n<div class=\"wp-block-file\"><a href=\"http:\/\/demop.netbaz.be\/2021\/jp\/wp-content\/uploads\/2016\/12\/pdf_2016_appel_aux_dons.pdf\">T\u00e9l\u00e9chargez le bulletin de virement<\/a><\/div>","protected":false},"excerpt":{"rendered":"<p>Gr\u00e2ce \u00e0 votre appui, nous avons eu l\u2019occasion d\u2019accueillir en ce mois de d\u00e9cembre 2016 deux partenaires qui ont travaill\u00e9, \u00e0 nos c\u00f4t\u00e9s, sur les questions s\u00e9rieuses que sont la paix et la d\u00e9mocratie dans leur pays respectif. Les d\u00e9fis sont grands et il y a urgence !<\/p>","protected":false},"author":62,"featured_media":14665,"comment_status":"closed","ping_status":"open","sticky":false,"template":"","format":"standard","meta":{"_acf_changed":false,"_seopress_robots_primary_cat":"","_seopress_titles_title":"","_seopress_titles_desc":"","_seopress_robots_index":"","footnotes":""},"categories":[2696],"tags":[2835,2824,2856],"class_list":["post-14669","post","type-post","status-publish","format-standard","has-post-thumbnail","hentry","category-actualites","tag-democratie","tag-droits-humains","tag-recolte-de-fonds"],"acf":[],"_links":{"self":[{"href":"https:\/\/www.justicepaix.be\/en\/wp-json\/wp\/v2\/posts\/14669","targetHints":{"allow":["GET"]}}],"collection":[{"href":"https:\/\/www.justicepaix.be\/en\/wp-json\/wp\/v2\/posts"}],"about":[{"href":"https:\/\/www.justicepaix.be\/en\/wp-json\/wp\/v2\/types\/post"}],"author":[{"embeddable":true,"href":"https:\/\/www.justicepaix.be\/en\/wp-json\/wp\/v2\/users\/62"}],"replies":[{"embeddable":true,"href":"https:\/\/www.justicepaix.be\/en\/wp-json\/wp\/v2\/comments?post=14669"}],"version-history":[{"count":0,"href":"https:\/\/www.justicepaix.be\/en\/wp-json\/wp\/v2\/posts\/14669\/revisions"}],"wp:featuredmedia":[{"embeddable":true,"href":"https:\/\/www.justicepaix.be\/en\/wp-json\/wp\/v2\/media\/14665"}],"wp:attachment":[{"href":"https:\/\/www.justicepaix.be\/en\/wp-json\/wp\/v2\/media?parent=14669"}],"wp:term":[{"taxonomy":"category","embeddable":true,"href":"https:\/\/www.justicepaix.be\/en\/wp-json\/wp\/v2\/categories?post=14669"},{"taxonomy":"post_tag","embeddable":true,"href":"https:\/\/www.justicepaix.be\/en\/wp-json\/wp\/v2\/tags?post=14669"}],"curies":[{"name":"wp","href":"https:\/\/api.w.org\/{rel}","templated":true}]}}