{"id":14596,"date":"2016-12-08T18:27:00","date_gmt":"2016-12-08T18:27:00","guid":{"rendered":"https:\/\/demop.netbaz.be\/2021\/jp\/2016\/12\/08\/rd-congo-la-conference-episcopale-espere-encore-un-compromis\/"},"modified":"2021-04-14T11:48:18","modified_gmt":"2021-04-14T11:48:18","slug":"dr-congo-the-episcopal-conference-still-hopes-for-a-compromise","status":"publish","type":"post","link":"https:\/\/www.justicepaix.be\/en\/rd-congo-la-conference-episcopale-espere-encore-un-compromis\/","title":{"rendered":"DR Congo: The episcopal conference still hopes for a compromise"},"content":{"rendered":"<p class=\"post_excerpt\">On December 7, 2016, EurAc, a European network of NGOs for Central Africa, of which Justice and Peace is a member, organized a panel of experts in Brussels on the theme \u201cPolitical impasse and security crisis in DR Congo. What actions for the European Union? \u00bb Among the guests, a major speaker, the representative of the Episcopal Conference, towards whom all eyes are turning.<\/p>\n\n\n<!--more-->\n<img fetchpriority=\"high\" decoding=\"async\" class=\"aligncenter size-full wp-image-14595\" src=\"http:\/\/demop.netbaz.be\/2021\/jp\/wp-content\/uploads\/2016\/12\/jpg_2016-12-08_cathobel_rd_congo_la_conference_episcopale_espere_encore_un_compromis_710x280_credit_beatrice_petit.jpg\" alt=\"2016-12-08_cathobel_rd_congo_la_conference_episcopale_espere_encore_un_compromis_710x280_credit_beatrice_petit.jpg\" align=\"center\" width=\"710\" height=\"280\" srcset=\"https:\/\/www.justicepaix.be\/wp-content\/uploads\/2016\/12\/jpg_2016-12-08_cathobel_rd_congo_la_conference_episcopale_espere_encore_un_compromis_710x280_credit_beatrice_petit.jpg 710w, https:\/\/www.justicepaix.be\/wp-content\/uploads\/2016\/12\/jpg_2016-12-08_cathobel_rd_congo_la_conference_episcopale_espere_encore_un_compromis_710x280_credit_beatrice_petit-300x118.jpg 300w\" sizes=\"(max-width: 710px) 100vw, 710px\" \/>\n<a href=\"http:\/\/www.cathobel.be\/2016\/12\/08\/rd-congo-conference-episcopale-espere-compromis\/\">Read the full article<\/a><div id='gallery-1' class='gallery galleryid-14596 gallery-columns-3 gallery-size-thumbnail'><figure class='gallery-item'>\n\t\t\t<div class='gallery-icon landscape'>\n\t\t\t\t<a href='https:\/\/www.justicepaix.be\/wp-content\/uploads\/2016\/12\/jpg_2016-12-08_cathobel_rd_congo_la_conference_episcopale_espere_encore_un_compromis_710x280_credit_beatrice_petit.jpg'><img decoding=\"async\" width=\"150\" height=\"150\" src=\"https:\/\/www.justicepaix.be\/wp-content\/uploads\/2016\/12\/jpg_2016-12-08_cathobel_rd_congo_la_conference_episcopale_espere_encore_un_compromis_710x280_credit_beatrice_petit-150x150.jpg\" class=\"attachment-thumbnail size-thumbnail\" alt=\"2016-12-08_cathobel_rd_congo_la_conference_episcopale_espere_encore_un_compromis_710x280_credit_beatrice_petit.jpg\" \/><\/a>\n\t\t\t<\/div><\/figure>\n\t\t<\/div>\n\n<h2 class=\"wp-block-heading\">Attachments<\/h2>\n\n\n\n<div class=\"wp-block-file\"><a href=\"http:\/\/demop.netbaz.be\/2021\/jp\/wp-content\/uploads\/2016\/12\/pdf_2016-12-08_cathobel_rd_congo_la_conference_episcopale_espere_encore_un_compromis.pdf\">2016-12-08_cathobel_rd_congo_la_conference_episcopale_espere_encore_un_compromis.pdf<\/a><\/div>","protected":false},"excerpt":{"rendered":"<p>Le 7 d\u00e9cembre 2016, EurAc, r\u00e9seau europ\u00e9en d\u2019ONG pour l\u2019Afrique centrale, dont est membre Justice et Paix, a organis\u00e9 \u00e0 Bruxelles un panel d\u2019experts sur le th\u00e8me \u00ab Impasse politique et crise s\u00e9curitaire en RD Congo. Quelles actions pour l\u2019Union Europ\u00e9enne? \u00bb Parmi les invit\u00e9s, un intervenant majeur, le repr\u00e9sentant de la Conf\u00e9rence \u00e9piscopale, vers [&hellip;]<\/p>\n","protected":false},"author":62,"featured_media":14595,"comment_status":"closed","ping_status":"open","sticky":false,"template":"","format":"standard","meta":{"_acf_changed":false,"_seopress_robots_primary_cat":"","_seopress_titles_title":"","_seopress_titles_desc":"","_seopress_robots_index":"","footnotes":""},"categories":[2846,2686],"tags":[2794,2835,2803,2825,2792],"class_list":["post-14596","post","type-post","status-publish","format-standard","has-post-thumbnail","hentry","category-dans-les-medias","category-pre-2015","tag-afrique-centrale","tag-democratie","tag-elections","tag-prevention-des-conflits","tag-rd-congo"],"acf":[],"_links":{"self":[{"href":"https:\/\/www.justicepaix.be\/en\/wp-json\/wp\/v2\/posts\/14596","targetHints":{"allow":["GET"]}}],"collection":[{"href":"https:\/\/www.justicepaix.be\/en\/wp-json\/wp\/v2\/posts"}],"about":[{"href":"https:\/\/www.justicepaix.be\/en\/wp-json\/wp\/v2\/types\/post"}],"author":[{"embeddable":true,"href":"https:\/\/www.justicepaix.be\/en\/wp-json\/wp\/v2\/users\/62"}],"replies":[{"embeddable":true,"href":"https:\/\/www.justicepaix.be\/en\/wp-json\/wp\/v2\/comments?post=14596"}],"version-history":[{"count":0,"href":"https:\/\/www.justicepaix.be\/en\/wp-json\/wp\/v2\/posts\/14596\/revisions"}],"wp:featuredmedia":[{"embeddable":true,"href":"https:\/\/www.justicepaix.be\/en\/wp-json\/wp\/v2\/media\/14595"}],"wp:attachment":[{"href":"https:\/\/www.justicepaix.be\/en\/wp-json\/wp\/v2\/media?parent=14596"}],"wp:term":[{"taxonomy":"category","embeddable":true,"href":"https:\/\/www.justicepaix.be\/en\/wp-json\/wp\/v2\/categories?post=14596"},{"taxonomy":"post_tag","embeddable":true,"href":"https:\/\/www.justicepaix.be\/en\/wp-json\/wp\/v2\/tags?post=14596"}],"curies":[{"name":"wp","href":"https:\/\/api.w.org\/{rel}","templated":true}]}}