{"id":14530,"date":"2016-10-08T11:32:00","date_gmt":"2016-10-08T11:32:00","guid":{"rendered":"https:\/\/demop.netbaz.be\/2021\/jp\/2016\/10\/08\/extraction-des-ressources-naturelles-au-congo-et-et-perou\/"},"modified":"2016-10-08T11:32:00","modified_gmt":"2016-10-08T11:32:00","slug":"extraction-des-ressources-naturelles-au-congo-et-et-perou","status":"publish","type":"post","link":"https:\/\/www.justicepaix.be\/en\/extraction-des-ressources-naturelles-au-congo-et-et-perou\/","title":{"rendered":"Extraction of natural resources in Congo and Peru"},"content":{"rendered":"<p class=\"post_excerpt\">Santiago Fischer, charg\u00e9 de plaidoyer au sein de l\u2019ONG Justice et Paix, est interview\u00e9 par la Radio 100,7 pour aborder les probl\u00e8mes li\u00e9s \u00e0 l&rsquo;extraction mini\u00e8re au P\u00e9rou et au Congo.<\/p>\n<p><!--more--><br \/>\n<iframe width=\"100%\" height=\"150\" scrolling=\"no\" frameborder=\"no\" src=\"https:\/\/w.soundcloud.com\/player\/?url=https%3A\/\/api.soundcloud.com\/tracks\/290208255&amp;auto_play=false&amp;hide_related=false&amp;show_comments=true&amp;show_user=true&amp;show_reposts=false&amp;visual=true\"><\/iframe><\/p>","protected":false},"excerpt":{"rendered":"<p>Santiago Fischer, charg\u00e9 de plaidoyer au sein de l\u2019ONG Justice et Paix, est interview\u00e9 par la Radio 100,7 pour aborder les probl\u00e8mes li\u00e9s \u00e0 l&rsquo;extraction mini\u00e8re au P\u00e9rou et au Congo.<\/p>","protected":false},"author":62,"featured_media":0,"comment_status":"closed","ping_status":"open","sticky":false,"template":"","format":"standard","meta":{"_acf_changed":false,"_seopress_robots_primary_cat":"","_seopress_titles_title":"","_seopress_titles_desc":"","_seopress_robots_index":"","footnotes":""},"categories":[2846,2686],"tags":[2794,2817,2818,2825,2792,2811],"class_list":["post-14530","post","type-post","status-publish","format-standard","hentry","category-dans-les-medias","category-pre-2015","tag-afrique-centrale","tag-amerique-latine","tag-perou","tag-prevention-des-conflits","tag-rd-congo","tag-ressources-naturelles"],"acf":[],"_links":{"self":[{"href":"https:\/\/www.justicepaix.be\/en\/wp-json\/wp\/v2\/posts\/14530","targetHints":{"allow":["GET"]}}],"collection":[{"href":"https:\/\/www.justicepaix.be\/en\/wp-json\/wp\/v2\/posts"}],"about":[{"href":"https:\/\/www.justicepaix.be\/en\/wp-json\/wp\/v2\/types\/post"}],"author":[{"embeddable":true,"href":"https:\/\/www.justicepaix.be\/en\/wp-json\/wp\/v2\/users\/62"}],"replies":[{"embeddable":true,"href":"https:\/\/www.justicepaix.be\/en\/wp-json\/wp\/v2\/comments?post=14530"}],"version-history":[{"count":0,"href":"https:\/\/www.justicepaix.be\/en\/wp-json\/wp\/v2\/posts\/14530\/revisions"}],"wp:attachment":[{"href":"https:\/\/www.justicepaix.be\/en\/wp-json\/wp\/v2\/media?parent=14530"}],"wp:term":[{"taxonomy":"category","embeddable":true,"href":"https:\/\/www.justicepaix.be\/en\/wp-json\/wp\/v2\/categories?post=14530"},{"taxonomy":"post_tag","embeddable":true,"href":"https:\/\/www.justicepaix.be\/en\/wp-json\/wp\/v2\/tags?post=14530"}],"curies":[{"name":"wp","href":"https:\/\/api.w.org\/{rel}","templated":true}]}}