{"id":14489,"date":"2016-08-09T10:01:00","date_gmt":"2016-08-09T10:01:00","guid":{"rendered":"https:\/\/demop.netbaz.be\/2021\/jp\/2016\/08\/09\/pour-une-justice-fiscale-en-belgique\/"},"modified":"2016-08-09T10:01:00","modified_gmt":"2016-08-09T10:01:00","slug":"pour-une-justice-fiscale-en-belgique","status":"publish","type":"post","link":"https:\/\/www.justicepaix.be\/en\/pour-une-justice-fiscale-en-belgique\/","title":{"rendered":"For tax justice in Belgium"},"content":{"rendered":"<p class=\"post_excerpt\">O\u00f9 en sont les r\u00e9gimes fiscaux belge et europ\u00e9en ? Les choses ont bien chang\u00e9 en un demi-si\u00e8cle : des contributions plus lourdes et moins progressives, une forte pression sur les d\u00e9penses publiques, une \u00e9vasion fiscale trop r\u00e9pandue, \u2026.L\u2019\u00e9tude \u00ab Pour plus de justice fiscale \u00bb donne des \u00e9l\u00e9ments non seulement pour comprendre et critiquer le syst\u00e8me fiscal actuel mais aussi pour agir pour plus de justice fiscale. Elle propose dix recommandations qui repr\u00e9sentent un d\u00e9fi \u00e0 relever, si nous voulons un monde plus juste.<\/p>\n<p><!--more--><br \/>\nPour en parler, l\u2019\u00e9mission En Apart\u00e9 re\u00e7oit Elise Kervyn, collaboratrice \u00e0 la Commission Justice et Paix, et Paul Lowenthal, volontaire \u00e0 la Commission Justice et Paix et professeur \u00e9m\u00e9rite de l&rsquo;UCL.<\/p>\n<p><iframe width=\"100%\" height=\"450\" scrolling=\"no\" frameborder=\"no\" src=\"https:\/\/w.soundcloud.com\/player\/?url=https%3A\/\/api.soundcloud.com\/tracks\/285232094&amp;auto_play=false&amp;hide_related=false&amp;show_comments=true&amp;show_user=true&amp;show_reposts=false&amp;visual=true\"><\/iframe><\/p>","protected":false},"excerpt":{"rendered":"<p>O\u00f9 en sont les r\u00e9gimes fiscaux belge et europ\u00e9en ? Les choses ont bien chang\u00e9 en un demi-si\u00e8cle : des contributions plus lourdes et moins progressives, une forte pression sur les d\u00e9penses publiques, une \u00e9vasion fiscale trop r\u00e9pandue, \u2026.L\u2019\u00e9tude \u00ab Pour plus de justice fiscale \u00bb donne des \u00e9l\u00e9ments non seulement pour comprendre et critiquer [&hellip;]<\/p>\n","protected":false},"author":62,"featured_media":0,"comment_status":"closed","ping_status":"open","sticky":false,"template":"","format":"standard","meta":{"_acf_changed":false,"_seopress_robots_primary_cat":"","_seopress_titles_title":"","_seopress_titles_desc":"","_seopress_robots_index":"","footnotes":""},"categories":[2846,2686],"tags":[2802,2821,2839],"class_list":["post-14489","post","type-post","status-publish","format-standard","hentry","category-dans-les-medias","category-pre-2015","tag-bonne-gouvernance","tag-economie","tag-justice-sociale"],"acf":[],"_links":{"self":[{"href":"https:\/\/www.justicepaix.be\/en\/wp-json\/wp\/v2\/posts\/14489","targetHints":{"allow":["GET"]}}],"collection":[{"href":"https:\/\/www.justicepaix.be\/en\/wp-json\/wp\/v2\/posts"}],"about":[{"href":"https:\/\/www.justicepaix.be\/en\/wp-json\/wp\/v2\/types\/post"}],"author":[{"embeddable":true,"href":"https:\/\/www.justicepaix.be\/en\/wp-json\/wp\/v2\/users\/62"}],"replies":[{"embeddable":true,"href":"https:\/\/www.justicepaix.be\/en\/wp-json\/wp\/v2\/comments?post=14489"}],"version-history":[{"count":0,"href":"https:\/\/www.justicepaix.be\/en\/wp-json\/wp\/v2\/posts\/14489\/revisions"}],"wp:attachment":[{"href":"https:\/\/www.justicepaix.be\/en\/wp-json\/wp\/v2\/media?parent=14489"}],"wp:term":[{"taxonomy":"category","embeddable":true,"href":"https:\/\/www.justicepaix.be\/en\/wp-json\/wp\/v2\/categories?post=14489"},{"taxonomy":"post_tag","embeddable":true,"href":"https:\/\/www.justicepaix.be\/en\/wp-json\/wp\/v2\/tags?post=14489"}],"curies":[{"name":"wp","href":"https:\/\/api.w.org\/{rel}","templated":true}]}}