{"id":14366,"date":"2015-10-15T13:03:00","date_gmt":"2015-10-15T13:03:00","guid":{"rendered":"https:\/\/demop.netbaz.be\/2021\/jp\/2015\/10\/15\/le-vrai-cout-du-gsm\/"},"modified":"2021-04-14T11:48:08","modified_gmt":"2021-04-14T11:48:08","slug":"le-vrai-cout-du-gsm","status":"publish","type":"post","link":"https:\/\/www.justicepaix.be\/en\/le-vrai-cout-du-gsm\/","title":{"rendered":"The true cost of GSM"},"content":{"rendered":"<p class=\"post_excerpt\">Les nouvelles technologies de l&rsquo;information et de communication (NTIC) font d\u00e9sormais partie in\u00adt\u00e9grante du quotidien. Sans cesse, de nouveaux mod\u00e8les de GSM sortent des usines. Sans cesse, les fonctions se multiplient et les produits se veulent plus sexy que les pr\u00e9c\u00e9dents. Les Belges changent de t\u00e9l\u00e9phone en moyenne tous les 18 mois. Des achats qui ne sont pas sans impact\n<\/p>\n\n\n<!--more-->\n<a href=\"http:\/\/demop.netbaz.be\/2021\/jp\/wp-content\/uploads\/2015\/10\/pdf_2015-10-15_en_marche_le_vrai_cout_du_gsm.pdf\">The true cost of GSM<\/a>\n<h2 class=\"wp-block-heading\">Attachments<\/h2>\n\n\n\n<div class=\"wp-block-file\"><a href=\"http:\/\/demop.netbaz.be\/2021\/jp\/wp-content\/uploads\/2016\/06\/pdf_2015-10-15_en_marche_le_vrai_cout_du_gsm.pdf\">The true cost of GSM<\/a><\/div>","protected":false},"excerpt":{"rendered":"<p>Les nouvelles technologies de l&rsquo;information et de communication (NTIC) font d\u00e9sormais partie in\u00adt\u00e9grante du quotidien. Sans cesse, de nouveaux mod\u00e8les de GSM sortent des usines. Sans cesse, les fonctions se multiplient et les produits se veulent plus sexy que les pr\u00e9c\u00e9dents. Les Belges changent de t\u00e9l\u00e9phone en moyenne tous les 18 mois. Des achats qui [&hellip;]<\/p>\n","protected":false},"author":62,"featured_media":0,"comment_status":"closed","ping_status":"open","sticky":false,"template":"","format":"standard","meta":{"_acf_changed":false,"_seopress_robots_primary_cat":"","_seopress_titles_title":"","_seopress_titles_desc":"","_seopress_robots_index":"","footnotes":""},"categories":[2846,2686],"tags":[2814,2824,2832,2811,2834],"class_list":["post-14366","post","type-post","status-publish","format-standard","hentry","category-dans-les-medias","category-pre-2015","tag-developpement-durable","tag-droits-humains","tag-responsabilite-du-consommateur","tag-ressources-naturelles","tag-union-europeenne"],"acf":[],"_links":{"self":[{"href":"https:\/\/www.justicepaix.be\/en\/wp-json\/wp\/v2\/posts\/14366","targetHints":{"allow":["GET"]}}],"collection":[{"href":"https:\/\/www.justicepaix.be\/en\/wp-json\/wp\/v2\/posts"}],"about":[{"href":"https:\/\/www.justicepaix.be\/en\/wp-json\/wp\/v2\/types\/post"}],"author":[{"embeddable":true,"href":"https:\/\/www.justicepaix.be\/en\/wp-json\/wp\/v2\/users\/62"}],"replies":[{"embeddable":true,"href":"https:\/\/www.justicepaix.be\/en\/wp-json\/wp\/v2\/comments?post=14366"}],"version-history":[{"count":0,"href":"https:\/\/www.justicepaix.be\/en\/wp-json\/wp\/v2\/posts\/14366\/revisions"}],"wp:attachment":[{"href":"https:\/\/www.justicepaix.be\/en\/wp-json\/wp\/v2\/media?parent=14366"}],"wp:term":[{"taxonomy":"category","embeddable":true,"href":"https:\/\/www.justicepaix.be\/en\/wp-json\/wp\/v2\/categories?post=14366"},{"taxonomy":"post_tag","embeddable":true,"href":"https:\/\/www.justicepaix.be\/en\/wp-json\/wp\/v2\/tags?post=14366"}],"curies":[{"name":"wp","href":"https:\/\/api.w.org\/{rel}","templated":true}]}}