{"id":14320,"date":"2016-06-13T16:21:00","date_gmt":"2016-06-13T16:21:00","guid":{"rendered":"https:\/\/demop.netbaz.be\/2021\/jp\/2016\/06\/13\/lettre-ouverte-sur-les-minerais-de-conflits\/"},"modified":"2021-04-14T11:48:07","modified_gmt":"2021-04-14T11:48:07","slug":"lettre-ouverte-sur-les-minerais-de-conflits","status":"publish","type":"post","link":"https:\/\/www.justicepaix.be\/en\/lettre-ouverte-sur-les-minerais-de-conflits\/","title":{"rendered":"Open letter on conflict minerals"},"content":{"rendered":"<p class=\"post_excerpt\">Plus de 125 organisations de la soci\u00e9t\u00e9 civile, dont Justice et Paix, ont adress\u00e9 une lettre ouverte au Conseil europ\u00e9en et aux 28 \u00c9tats membres pour les appeler \u00e0 durcir les r\u00e8gles sur les minerais des conflits.<\/p>\n<p><!--more--><br \/>\n<a href=\"http:\/\/www.euractiv.fr\/section\/l-europe-dans-le-monde\/opinion\/mon-dear-dutch-presidency-we-need-effective-law-on-conflict-minerals\/\"><img fetchpriority=\"high\" decoding=\"async\" class=\"aligncenter size-full wp-image-14319\" src=\"http:\/\/demop.netbaz.be\/2021\/jp\/wp-content\/uploads\/2016\/06\/jpg_2016-06-13_euractiv_lettre_ouverte_a_la_presidence_neerlandaise_sur_les_minerais_des_conflits_h400.jpg\" alt=\"2016-06-13_euractiv_open_letter_to_the_neerlandaise_presidency_on_the_minerals_of_conflicts_h400.jpg\" align=\"center\" width=\"480\" height=\"400\" srcset=\"https:\/\/www.justicepaix.be\/wp-content\/uploads\/2016\/06\/jpg_2016-06-13_euractiv_lettre_ouverte_a_la_presidence_neerlandaise_sur_les_minerais_des_conflits_h400.jpg 480w, https:\/\/www.justicepaix.be\/wp-content\/uploads\/2016\/06\/jpg_2016-06-13_euractiv_lettre_ouverte_a_la_presidence_neerlandaise_sur_les_minerais_des_conflits_h400-300x250.jpg 300w\" sizes=\"(max-width: 480px) 100vw, 480px\" \/><\/a><div id='gallery-1' class='gallery galleryid-14320 gallery-columns-3 gallery-size-thumbnail'><figure class='gallery-item'>\n\t\t\t<div class='gallery-icon landscape'>\n\t\t\t\t<a href='https:\/\/www.justicepaix.be\/wp-content\/uploads\/2016\/06\/jpg_2016-06-13_euractiv_lettre_ouverte_a_la_presidence_neerlandaise_sur_les_minerais_des_conflits_h400.jpg'><img decoding=\"async\" width=\"150\" height=\"150\" src=\"https:\/\/www.justicepaix.be\/wp-content\/uploads\/2016\/06\/jpg_2016-06-13_euractiv_lettre_ouverte_a_la_presidence_neerlandaise_sur_les_minerais_des_conflits_h400-150x150.jpg\" class=\"attachment-thumbnail size-thumbnail\" alt=\"2016-06-13_euractiv_open_letter_to_the_neerlandaise_presidency_on_the_minerals_of_conflicts_h400.jpg\" \/><\/a>\n\t\t\t<\/div><\/figure>\n\t\t<\/div>\n<\/p>","protected":false},"excerpt":{"rendered":"<p>Plus de 125 organisations de la soci\u00e9t\u00e9 civile, dont Justice et Paix, ont adress\u00e9 une lettre ouverte au Conseil europ\u00e9en et aux 28 \u00c9tats membres pour les appeler \u00e0 durcir les r\u00e8gles sur les minerais des conflits.<\/p>","protected":false},"author":62,"featured_media":14319,"comment_status":"closed","ping_status":"open","sticky":false,"template":"","format":"standard","meta":{"_acf_changed":false,"_seopress_robots_primary_cat":"","_seopress_titles_title":"","_seopress_titles_desc":"","_seopress_robots_index":"","footnotes":""},"categories":[2846,2686],"tags":[2831,2824,2811,2834],"class_list":["post-14320","post","type-post","status-publish","format-standard","has-post-thumbnail","hentry","category-dans-les-medias","category-pre-2015","tag-acteurs-economiques","tag-droits-humains","tag-ressources-naturelles","tag-union-europeenne"],"acf":[],"_links":{"self":[{"href":"https:\/\/www.justicepaix.be\/en\/wp-json\/wp\/v2\/posts\/14320","targetHints":{"allow":["GET"]}}],"collection":[{"href":"https:\/\/www.justicepaix.be\/en\/wp-json\/wp\/v2\/posts"}],"about":[{"href":"https:\/\/www.justicepaix.be\/en\/wp-json\/wp\/v2\/types\/post"}],"author":[{"embeddable":true,"href":"https:\/\/www.justicepaix.be\/en\/wp-json\/wp\/v2\/users\/62"}],"replies":[{"embeddable":true,"href":"https:\/\/www.justicepaix.be\/en\/wp-json\/wp\/v2\/comments?post=14320"}],"version-history":[{"count":0,"href":"https:\/\/www.justicepaix.be\/en\/wp-json\/wp\/v2\/posts\/14320\/revisions"}],"wp:featuredmedia":[{"embeddable":true,"href":"https:\/\/www.justicepaix.be\/en\/wp-json\/wp\/v2\/media\/14319"}],"wp:attachment":[{"href":"https:\/\/www.justicepaix.be\/en\/wp-json\/wp\/v2\/media?parent=14320"}],"wp:term":[{"taxonomy":"category","embeddable":true,"href":"https:\/\/www.justicepaix.be\/en\/wp-json\/wp\/v2\/categories?post=14320"},{"taxonomy":"post_tag","embeddable":true,"href":"https:\/\/www.justicepaix.be\/en\/wp-json\/wp\/v2\/tags?post=14320"}],"curies":[{"name":"wp","href":"https:\/\/api.w.org\/{rel}","templated":true}]}}