{"id":14309,"date":"2016-06-01T11:14:00","date_gmt":"2016-06-01T11:14:00","guid":{"rendered":"https:\/\/demop.netbaz.be\/2021\/jp\/2016\/06\/01\/justice-et-paix-parle-de-l-afrique-centrale-a-la-chambre\/"},"modified":"2021-04-14T12:21:56","modified_gmt":"2021-04-14T12:21:56","slug":"justice-et-paix-parle-de-l-afrique-centrale-a-la-chambre","status":"publish","type":"post","link":"https:\/\/www.justicepaix.be\/en\/justice-et-paix-parle-de-l-afrique-centrale-a-la-chambre\/","title":{"rendered":"Justice and Peace speaks about Central Africa in the Chamber"},"content":{"rendered":"\n\n\n\n<p class=\"post_excerpt\">Le 1er juin 2016, Justice et Paix a rappel\u00e9 aux membres de la Commission relations ext\u00e9rieures de la Chambre des Repr\u00e9sentants que l\u2019Afrique centrale doit rester une priorit\u00e9 pour la Belgique. C\u2019est une crise des d\u00e9mocraties que vivent le Burundi et le Congo et nos partenaires, tout comme les diasporas, veulent une parole politique forte! <\/p>\n\n\n<!--more-->\n<img fetchpriority=\"high\" decoding=\"async\" class=\" aligncenter size-full wp-image-14308\" src=\"http:\/\/demop.netbaz.be\/2021\/jp\/wp-content\/uploads\/2016\/06\/jpg_2016-06-01_cjp_parle_de_l_afrique_centrale_a_la_chambre_des_representants_710x280.jpg\" alt=\"2016-06-01_cjp_parle_de_l_afrique_centrale_a_la_chambre_des_representants_710x280.jpg\" align=\"center\" width=\"710\" height=\"280\" srcset=\"https:\/\/www.justicepaix.be\/wp-content\/uploads\/2016\/06\/jpg_2016-06-01_cjp_parle_de_l_afrique_centrale_a_la_chambre_des_representants_710x280.jpg 710w, https:\/\/www.justicepaix.be\/wp-content\/uploads\/2016\/06\/jpg_2016-06-01_cjp_parle_de_l_afrique_centrale_a_la_chambre_des_representants_710x280-300x118.jpg 300w\" sizes=\"(max-width: 710px) 100vw, 710px\" \/>\nUn petit mot d\u2019introduction avant d\u2019entrer dans le vif du sujet, cela pour vous permettre de comprendre d\u2019o\u00f9 je parle. Je m\u2019appelle Axelle Fischer et je suis la responsable de la Commission Justice et Paix francophone de Belgique. Nous avons donc des liens particuliers avec les Commissions Justice et Paix du Burundi et de la R\u00e9publique d\u00e9mocratique du Congo, des organes de l\u2019\u00c9glise catholique des deux pays sur lesquels je vais m\u2019attarder.\n\n\nJustice et Paix est reconnue comme ONG par la Coop\u00e9ration belge et fait, entre autres, partie des r\u00e9seaux associatifs qui travaillent sur l\u2019Afrique centrale comme EURAC au niveau europ\u00e9en et le CNCD au niveau belge. Enfin, nous sommes \u00e9galement une association d\u2019\u00e9ducation permanente reconnue par la FWB et cela nous donne l\u2019opportunit\u00e9 de travailler avec des membres de la diaspora d\u2019Afrique centrale qui ont rejoint nos Commissions r\u00e9gionales compos\u00e9es de volontaires. Sur la th\u00e9matique des ressources naturelles, que je mentionnerai \u00e9galement, nous collaborons avec la CIDSE <span class=\"footnote_referrer\"><a role=\"button\" tabindex=\"0\" onclick=\"footnote_moveToReference_14309_1('footnote_plugin_reference_14309_1_1');\" onkeypress=\"footnote_moveToReference_14309_1('footnote_plugin_reference_14309_1_1');\" ><sup id=\"footnote_plugin_tooltip_14309_1_1\" class=\"footnote_plugin_tooltip_text\">[1]<\/sup><\/a><span id=\"footnote_plugin_tooltip_text_14309_1_1\" class=\"footnote_tooltip\">Le R\u00e9seau international des ONG de d\u00e9veloppement catholiques<\/span><\/span><script type=\"text\/javascript\"> jQuery('#footnote_plugin_tooltip_14309_1_1').tooltip({ tip: '#footnote_plugin_tooltip_text_14309_1_1', tipClass: 'footnote_tooltip', effect: 'fade', predelay: 0, fadeInSpeed: 200, delay: 400, fadeOutSpeed: 200, position: 'top center', relative: true, offset: [-7, 0], });<\/script> et le RBRN que nous coordonnons avec Elf Elf Elf.\n\n\nCes quelques mots vous permettent de comprendre les liens qui existent entre nos organisations. Si nous nous sommes concert\u00e9s au pr\u00e9alable il est fort probable que nous insistions sur des aspects similaires.\n\n\n<bloc>Burundi : la peur g\u00e9n\u00e9ralis\u00e9e\n\n\nDepuis la d\u00e9cision de Monsieur Nkurunziza de rester au pouvoir et ce malgr\u00e9 le fait que la Constitution de son pays ne le lui permettait pas, la crise politique a d\u00e9g\u00e9n\u00e9r\u00e9 avec entres autres la tentative \u00e9chou\u00e9e de coup d\u2019\u00e9tat au mois de mai 2015, le \u00ab musellement \u00bb de la presse et les graves violations des Droits humains dont nous avons beaucoup entendu parler en d\u00e9cembre dernier. Alors que certains observateurs parlent d\u2019accalmie, nos partenaires burundais r\u00e9sument quant \u00e0 eux la situation en disant qu\u2019il y a une peur g\u00e9n\u00e9ralis\u00e9e : les rafles (surtout dans les quartiers dit contestataires) continuent. Il y a des arrestations arbitraires, disparitions et d\u00e9couvertes de fosses communes <span class=\"footnote_referrer\"><a role=\"button\" tabindex=\"0\" onclick=\"footnote_moveToReference_14309_1('footnote_plugin_reference_14309_1_2');\" onkeypress=\"footnote_moveToReference_14309_1('footnote_plugin_reference_14309_1_2');\" ><sup id=\"footnote_plugin_tooltip_14309_1_2\" class=\"footnote_plugin_tooltip_text\">[2]<\/sup><\/a><span id=\"footnote_plugin_tooltip_text_14309_1_2\" class=\"footnote_tooltip\">J\u2019ai \u00e0 votre disposition un listing r\u00e9alis\u00e9 par Justice et Paix Burundi qui a recens\u00e9 les corps de pr\u00e8s de 813 personnes mortes  entre avril 2015 et mai 2016.<\/span><\/span><script type=\"text\/javascript\"> jQuery('#footnote_plugin_tooltip_14309_1_2').tooltip({ tip: '#footnote_plugin_tooltip_text_14309_1_2', tipClass: 'footnote_tooltip', effect: 'fade', predelay: 0, fadeInSpeed: 200, delay: 400, fadeOutSpeed: 200, position: 'top center', relative: true, offset: [-7, 0], });<\/script>. Sous le couvert d\u2019une recherche de s\u00e9curit\u00e9 (les autorit\u00e9s disent \u00ab vouloir ma\u00eetriser les mouvements de la population \u00bb ce qui indique une crainte de retour des groupes arm\u00e9s), on \u00ab contr\u00f4le \u00bb non seulement les adultes et jeunes adultes mais aussi les enfants, ainsi emp\u00each\u00e9s de se rendre \u00e0 l\u2019\u00e9cole. Nous pouvons nous \u00e9tonner du silence d\u2019UNICEF \u00e0 cet \u00e9gard <span class=\"footnote_referrer\"><a role=\"button\" tabindex=\"0\" onclick=\"footnote_moveToReference_14309_1('footnote_plugin_reference_14309_1_3');\" onkeypress=\"footnote_moveToReference_14309_1('footnote_plugin_reference_14309_1_3');\" ><sup id=\"footnote_plugin_tooltip_14309_1_3\" class=\"footnote_plugin_tooltip_text\">[3]<\/sup><\/a><span id=\"footnote_plugin_tooltip_text_14309_1_3\" class=\"footnote_tooltip\">Le dernier <a href=\"http:\/\/www.unicef.org\/french\/infobycountry\/media_86267.html\">communiqu\u00e9 au sujet des enfants au Burundi<\/a> date de novembre 2015.<\/span><\/span><script type=\"text\/javascript\"> jQuery('#footnote_plugin_tooltip_14309_1_3').tooltip({ tip: '#footnote_plugin_tooltip_text_14309_1_3', tipClass: 'footnote_tooltip', effect: 'fade', predelay: 0, fadeInSpeed: 200, delay: 400, fadeOutSpeed: 200, position: 'top center', relative: true, offset: [-7, 0], });<\/script>.\n\n\nDeuxi\u00e8me source de stress important : la situation \u00e9conomique du pays. On ne trouve plus de devises et le pays n&rsquo;est plus fourni en produits de premi\u00e8re n\u00e9cessit\u00e9, par exemple, les m\u00e9dicaments se font rares. Un r\u00e9cent rapport du FMI en 2015 mentionne que le pays a un taux de croissance de  moins 7 % !\n\n\nLes relations avec les pays voisins sont tendues. Entre l\u2019accueil des r\u00e9fugi\u00e9s qui fuient le pays et l\u2019entra\u00eenement de combattants confirm\u00e9 par un <a href=\"http:\/\/www.rfi.fr\/afrique\/20160205-rdc-rwanda-mis-cause-infiltration-rebelles-burundais-entrainement\">rapport des Nations Unies<\/a>, le Rwanda est point\u00e9 du doigt par Pierre Nkurunziza qui trouve dans cette situation un argument suppl\u00e9mentaire pour parler de conflit ethnique. Or, nos partenaires sont tr\u00e8s clairs \u00e0 ce sujet : il s\u2019agit d\u2019un conflit politique qu\u2019il faut donc r\u00e9gler par la politique et, si n\u00e9cessaire, par la force : \n\n<ul><li> en prot\u00e9geant, premi\u00e8re priorit\u00e9, la population locale qui se trouve isol\u00e9e. Rappelons que, en janvier dernier,  l\u2019Union africaine a renonc\u00e9 \u00e0 y envoyer une force de maintien de la paix et a pr\u00e9f\u00e9r\u00e9 une position d\u2019observateur ;<\/li><li> en facilitant la mise en route d\u2019un r\u00e9el dialogue, facilit\u00e9 par une Union africaine l\u00e9gitime et cr\u00e9dible. Cela implique, entre autres, de rendre ce dialogue compl\u00e8tement inclusif, c\u2019est-\u00e0-dire en pr\u00e9sence des repr\u00e9sentants de l\u2019opposition politique et\/ou arm\u00e9e compte tenu du contexte et des circonstances \u00e0 l\u2019origine de la crise actuelle, ce \u00e0 quoi l\u2019actuel Pr\u00e9sident se refuse jusqu\u2019\u00e0 aujourd\u2019hui. Ce qui implique de se pencher sur la question des prisonniers politiques.<\/li><li> en exigeant de l\u2019\u00e9tat burundais le respect des droits humains et en permettant ainsi le retour des r\u00e9fugi\u00e9s dont les responsables des ONG et associations locales ayant fui pour assurer leur s\u00e9curit\u00e9. Parmi les questions lancinantes qui se posent : qui reste-t-il au pays ? Et que peut-on encore dire ? <ul><li> \u00e0 ce sujet, relevons le courage des d\u00e9fenseurs des droits humains rest\u00e9s au pays ainsi que du collectif de journalistes \u00ab SOS m\u00e9dias \u00bb qui dans l\u2019ombre, avec du mat\u00e9riel tr\u00e8s basique et au d\u00e9pens de leur vie, continuent \u00e0 assurer une information accessible via Internet mais donc principalement accessible aux \u00e9lites et observateurs internationaux ; <\/li><li> relevons \u00e9galement que l\u2019\u00c9glise catholique au Burundi, par mesure de prudence, se prononce moins publiquement depuis le mois de mars (l\u2019\u00e9quipe de Justice et Paix \u00e0 Bujumbura a fait l\u2019objet de menaces de mort et une partie de ses membres a d\u00fb fuir le pays) mais essaie de maintenir un dialogue avec les autorit\u00e9s ;<\/li><\/ul><\/li><li> j\u2019aimerais profiter de ce temps de parole pour insister \u00e9galement sur l\u2019importance que la Belgique et l\u2019Europe puissent b\u00e9n\u00e9ficier des t\u00e9moignages de nos partenaires locaux. Malheureusement,  faire venir nos coll\u00e8gues burundais est devenu un vrai parcours du combattant tellement la crainte d&rsquo;afflux de r\u00e9fugi\u00e9s a compliqu\u00e9 la proc\u00e9dure d&rsquo;obtention de visa.<\/li><li> une piste diplomatique pour nos pays europ\u00e9ens serait de travailler \u00e0 un dialogue avec l\u2019Angola consid\u00e9r\u00e9 actuellement comme un pays alli\u00e9 du Burundi et acteur incontournable de par sa force militaire et \u00e9conomique. Bien que lui-m\u00eame peu regardant des enjeux d\u00e9mocratiques, le risque de voir la r\u00e9gion s\u2019embraser pourrait l\u2019encourager \u00e0  avoir un r\u00f4le positif aupr\u00e8s du Burundi et du Congo.\n<\/bloc><\/li><\/ul>\n\n\n<bloc>Le Congo : face au glissement, la bonne gouvernance\n\n\nLa situation politique au Congo est largement domin\u00e9e par la question \u00e9lectorale : les \u00e9lections du 26 mars dernier dans 21 nouvelles provinces du pays ont laiss\u00e9 un go\u00fbt amer aux observateurs locaux ; l\u2019\u00c9glise catholique congolaise ayant constat\u00e9 de nombreuses fraudes, intimidations et achats de vote.\n\n\nPar ailleurs, la strat\u00e9gie du silence et du \u00ab glissement \u00bb choisie par Monsieur Kabila \u00e9nerve de plus en plus. La derni\u00e8re strat\u00e9gie juridique en date, l\u2019arr\u00eat de la cour Constitutionnelle , saisie par le parti au pouvoir, n\u2019a fait que confirmer la volont\u00e9 Pr\u00e9sidentielle de se maintenir au pouvoir et ce\u2026 \u00e0 n\u2019importe quel moyen. \n\n\nCe n\u2019est donc pas un hasard si (et je vais citer ici uniquement un \u00e9l\u00e9ment qui me para\u00eet r\u00e9v\u00e9lateur \u00e0 la fois de la r\u00e9duction de l\u2019espace politique et du non-respect des Droits humains) un des principaux rivaux potentiels \u00e0 la Pr\u00e9sidentielle, Mo\u00efse Katumbi, se voit accus\u00e9 d\u2019atteintes \u00e0 la s\u00e9curit\u00e9 de l\u2019\u00e9tat ;\n\n\nLa CENI  se voit oblig\u00e9e de travailler dans un contexte difficile et perd de la cr\u00e9dibilit\u00e9. Elle a mis en avant des difficult\u00e9s techniques qui l\u2019emp\u00eacheraient de respecter les d\u00e9lais constitutionnels (la fiabilisation du fichier \u00e9lectoral prendrait 16 mois alors que selon les Nations Unies cela aurait pu \u00eatre fait en 9 mois).\n\n\nLe Dialogue national voulu par Kabila, d\u00e9j\u00e0 \u00e0 la base source de m\u00e9fiance, se retrouve aujourd\u2019hui vid\u00e9 de sa substance puisque ses d\u00e9tracteurs mettaient comme condition qu\u2019il puisse aboutir \u00e0 un calendrier \u00e9lectoral consensuel. La CENCO  reste cependant ouverte \u00e0 ce dit dialogue qu\u2019ils consid\u00e8rent comme une des derni\u00e8res pistes diplomatiques permettant d\u2019\u00e9viter que le pays s\u2019embrase.\n\n\nEt pourtant, le pays semble d\u00e9j\u00e0 s\u2019embraser et des manifestations sont durement r\u00e9prim\u00e9es par les forces de l\u2019ordre, police et arm\u00e9e. \u00c0 Goma (dans l\u2019Est du Pays), \u00e0 Kinshasa ainsi que dans le Katanga, la population est fatigu\u00e9e de ne pas \u00eatre entendue dans ses revendications pour une alternance au pouvoir et la soci\u00e9t\u00e9 civile locale craint de plus en plus de d\u00e9rapages. Cet \u00e9nervement pourrait \u00e9galement se faire ressentir en Belgique, comme nous l\u2019avons vu en f\u00e9vrier 2011 lors des \u00e9meutes dans le Matonge bruxellois, alors qu\u2019il est pr\u00e9vu que les Congolais de l\u2019\u00e9tranger puissent \u00e9lire un nouveau pr\u00e9sident et leurs d\u00e9put\u00e9s nationaux. D\u00e8s lors, il est devenu n\u00e9cessaire non seulement de penser en termes d\u2019observation \u00e9lectorale mais \u00e9galement, \u00e0 moyen terme, d\u2019une \u00e9ducation civique qui aurait pour triple objectif de : pr\u00e9parer la population \u00e0 \u00eatre garant de la bonne marche des \u00e9lections ; donner des outils citoyens pour que les responsables politiques rendent des comptes et, enfin, de pr\u00e9venir les conflits ! Alors qu\u2019il y a des morts et des arrestations arbitraires, la Belgique ne peut plus dire qu\u2019elle attend qu\u2019il y ait un calendrier \u00e9lectoral global pour financer les projets d\u2019\u00e9ducation civique de nos partenaires locaux <span class=\"footnote_referrer\"><a role=\"button\" tabindex=\"0\" onclick=\"footnote_moveToReference_14309_1('footnote_plugin_reference_14309_1_4');\" onkeypress=\"footnote_moveToReference_14309_1('footnote_plugin_reference_14309_1_4');\" ><sup id=\"footnote_plugin_tooltip_14309_1_4\" class=\"footnote_plugin_tooltip_text\">[4]<\/sup><\/a><span id=\"footnote_plugin_tooltip_text_14309_1_4\" class=\"footnote_tooltip\">Signalons \u00e0 ce sujet l\u2019int\u00e9ressante d\u00e9marche commune de la Commission Justice et Paix du Congo et de l\u2019AETA (Agir pour des \u00e9lections transparentes et apais\u00e9es), partenaires des coupoles CNCD&nbsp;&#x2026; <span class=\"footnote_tooltip_continue\"  onclick=\"footnote_moveToReference_14309_1('footnote_plugin_reference_14309_1_4');\">Continuer la lecture<\/span><\/span><\/span><script type=\"text\/javascript\"> jQuery('#footnote_plugin_tooltip_14309_1_4').tooltip({ tip: '#footnote_plugin_tooltip_text_14309_1_4', tipClass: 'footnote_tooltip', effect: 'fade', predelay: 0, fadeInSpeed: 200, delay: 400, fadeOutSpeed: 200, position: 'top center', relative: true, offset: [-7, 0], });<\/script>. Plus que jamais, et alors que la situation burundaise nous sert de contre-exemple, les congolais ont besoin d\u2019une parole politique forte de la part de la Belgique et de l\u2019Europe pour : \n\n<ul><li> que Joseph Kabila respecte les d\u00e9lais constitutionnels et organise les \u00e9lections. \u00c0 ce sujet, une p\u00e9tition <span class=\"footnote_referrer\"><a role=\"button\" tabindex=\"0\" onclick=\"footnote_moveToReference_14309_1('footnote_plugin_reference_14309_1_5');\" onkeypress=\"footnote_moveToReference_14309_1('footnote_plugin_reference_14309_1_5');\" ><sup id=\"footnote_plugin_tooltip_14309_1_5\" class=\"footnote_plugin_tooltip_text\">[5]<\/sup><\/a><span id=\"footnote_plugin_tooltip_text_14309_1_5\" class=\"footnote_tooltip\">Actuellement plus de 1300 signatures r\u00e9colt\u00e9es<\/span><\/span><script type=\"text\/javascript\"> jQuery('#footnote_plugin_tooltip_14309_1_5').tooltip({ tip: '#footnote_plugin_tooltip_text_14309_1_5', tipClass: 'footnote_tooltip', effect: 'fade', predelay: 0, fadeInSpeed: 200, delay: 400, fadeOutSpeed: 200, position: 'top center', relative: true, offset: [-7, 0], });<\/script> coordonn\u00e9e par les volontaires de la Commission Justice et Paix du Brabant-wallon montre \u00e0 quel point la diaspora congolaise, entre autres, est attach\u00e9e au principe d\u2019alternance au pouvoir ;<\/li><li> que les responsables politiques et militaires impliqu\u00e9s dans les violations des Droits humains soient individuellement reconnus responsables de leurs actes, ouvrant ainsi la possibilit\u00e9 de sanctions p\u00e9nales ;<\/li><li> que la r\u00e9solution 2277 adopt\u00e9e le 30 mars dernier par le Conseil de s\u00e9curit\u00e9 des Nations Unies (pour une sortie de crise du pays) soit respect\u00e9e et que le dialogue national puisse \u00eatre accompagn\u00e9 par la Communaut\u00e9 internationale en vue d\u2019en permettre la transparence et l\u2019ind\u00e9pendance.<\/li><\/ul>\n\n\nOn est bien ici dans une situation d\u2019urgence. Et aux arguments privil\u00e9giant une volont\u00e9 de non-ing\u00e9rence aux affaires internes de l\u2019\u00e9tat congolais, il faut pouvoir rappeler et d\u00e9fendre l\u2019universalit\u00e9 des Droits humains. Comme nous le rappelait le journaliste Alain Lallemand, \u00ab Quand l\u2019\u00c9tat belge donne chaque ann\u00e9e 113 millions d\u2019euros au gouvernement de Kinshasa, il est en droit d\u2019attendre de la bonne gouvernance \u00bb <a href=\"https:\/\/www.justicepaix.be\/2016\/05\/20\/les-societes-offshore-la-face-cachee-du-pillage-des-ressources-en-rd-congo\/\">[Conf\u00e9rence organis\u00e9e par Justice et Paix \u00e0 Li\u00e8ge le 20 mai 2016. Voir aussi l\u2019article [Kinshasa Papers : le Congo aussi aime les offshores<\/a> dans Le Soir du 19 mai 2016.]].\n\n\nMais \u00e0 long terme, il nous semble qu\u2019une r\u00e9flexion doit \u00eatre men\u00e9e en concertation avec nos partenaires congolais : face au constat, qui concerne \u00e0 tout le moins la r\u00e9gion des Grands Lacs africains, de \u00ab Pr\u00e9sidents qui s\u2019accrochent au pouvoir \u00bb, nous devons nous demander pourquoi le principe d\u2019alternance au pouvoir cr\u00e9e des blocages. Notre mod\u00e8le occidental est-il toujours exportable en l\u2019\u00e9tat ?  Face \u00e0 cela, nous avons essay\u00e9 d\u2019initier une <a href=\"https:\/\/www.justicepaix.be\/2015\/12\/04\/democratie-en-afrique-subsaharienne-depasser-les-certitudes-occidentales\/\">r\u00e9flexion <\/a> que nous voudrions partager largement. Mais la t\u00e2che n\u2019est pas ais\u00e9e tellement il y a des craintes que ce discours soit  r\u00e9cup\u00e9r\u00e9 politiquement.\n\n\n\u00c0 propos de bonne gouvernance, j\u2019aimerais cl\u00f4turer mon intervention par un court commentaire concernant l\u2019Est de la RDC et plus particuli\u00e8rement la gestion des ressources naturelles. La r\u00e9solution adopt\u00e9e par la chambre en juillet de l\u2019ann\u00e9e derni\u00e8re est une \u00e9tape importante dans le processus en vue d\u2019une l\u00e9gislation europ\u00e9enne visant \u00e0 instaurer une obligation de responsabilit\u00e9 quant \u00e0 l\u2019importation des minerais dits de conflits. Mais ce n\u2019est pas termin\u00e9 et au moment o\u00f9 les n\u00e9gociations entre le Conseil europ\u00e9en et le Parlement semblent reprendre sous l\u2019\u00e9gide des n\u00e9erlandais, le processus demande toute notre attention (celle de nos organisations mais aussi la v\u00f4tre) pour que le projet de r\u00e8glement ne soit pas vid\u00e9 de ses aspects importants \u00e0 savoir : un r\u00e9gime obligatoire demandant aux entreprises de faire preuve de diligence raisonnable tout au long de la cha\u00eene d\u2019approvisionnement. \n<\/bloc>\n\n\nAxelle Fischer\nSecr\u00e9taire g\u00e9n\u00e9rale\nJustice et Paix<div id='gallery-1' class='gallery galleryid-14309 gallery-columns-3 gallery-size-thumbnail'><figure class='gallery-item'>\n\t\t\t<div class='gallery-icon landscape'>\n\t\t\t\t<a href='https:\/\/www.justicepaix.be\/wp-content\/uploads\/2016\/06\/jpg_2016-06-01_cjp_parle_de_l_afrique_centrale_a_la_chambre_des_representants_710x280.jpg'><img decoding=\"async\" width=\"150\" height=\"150\" src=\"https:\/\/www.justicepaix.be\/wp-content\/uploads\/2016\/06\/jpg_2016-06-01_cjp_parle_de_l_afrique_centrale_a_la_chambre_des_representants_710x280-150x150.jpg\" class=\"attachment-thumbnail size-thumbnail\" alt=\"2016-06-01_cjp_parle_de_l_afrique_centrale_a_la_chambre_des_representants_710x280.jpg\" \/><\/a>\n\t\t\t<\/div><\/figure>\n\t\t<\/div>\n\n<h2 class=\"wp-block-heading\">Documents joints<\/h2>\n\n\n\n<div class=\"wp-block-file\"><a href=\"http:\/\/demop.netbaz.be\/2021\/jp\/wp-content\/uploads\/2016\/06\/pdf_2016-06-01_plaidoer_cjp_parle_de_l_afrique_centrale_a_la_chambre_des_representants.pdf\">2016-06-01_plaidoer_cjp_parle_de_l_afrique_centrale_a_la_chambre_des_representants.pdf<\/a><\/div>\n\n\n<div class=\"speaker-mute footnotes_reference_container\"> <div class=\"footnote_container_prepare\"><p><span role=\"button\" tabindex=\"0\" class=\"footnote_reference_container_label pointer\" onclick=\"footnote_expand_collapse_reference_container_14309_1();\">Notes<\/span><span role=\"button\" tabindex=\"0\" class=\"footnote_reference_container_collapse_button\" style=\"display: none;\" onclick=\"footnote_expand_collapse_reference_container_14309_1();\">[<a id=\"footnote_reference_container_collapse_button_14309_1\">+<\/a>]<\/span><\/p><\/div> <div id=\"footnote_references_container_14309_1\" style=\"\"><table class=\"footnotes_table footnote-reference-container\"><caption class=\"accessibility\">Notes<\/caption> <tbody> \r\n\r\n<tr class=\"footnotes_plugin_reference_row\"> <th scope=\"row\" id=\"footnote_plugin_reference_14309_1_1\" class=\"footnote_plugin_index pointer\" onclick=\"footnote_moveToAnchor_14309_1('footnote_plugin_tooltip_14309_1_1');\"><a role=\"button\" tabindex=\"0\" class=\"footnote_plugin_link\" ><span class=\"footnote_index_arrow\">&#8593;<\/span>1<\/a><\/th> <td class=\"footnote_plugin_text\">Le R\u00e9seau international des ONG de d\u00e9veloppement catholiques<\/td><\/tr>\r\n\r\n<tr class=\"footnotes_plugin_reference_row\"> <th scope=\"row\" id=\"footnote_plugin_reference_14309_1_2\" class=\"footnote_plugin_index pointer\" onclick=\"footnote_moveToAnchor_14309_1('footnote_plugin_tooltip_14309_1_2');\"><a role=\"button\" tabindex=\"0\" class=\"footnote_plugin_link\" ><span class=\"footnote_index_arrow\">&#8593;<\/span>2<\/a><\/th> <td class=\"footnote_plugin_text\">J\u2019ai \u00e0 votre disposition un listing r\u00e9alis\u00e9 par Justice et Paix Burundi qui a recens\u00e9 les corps de pr\u00e8s de 813 personnes mortes  entre avril 2015 et mai 2016.<\/td><\/tr>\r\n\r\n<tr class=\"footnotes_plugin_reference_row\"> <th scope=\"row\" id=\"footnote_plugin_reference_14309_1_3\" class=\"footnote_plugin_index pointer\" onclick=\"footnote_moveToAnchor_14309_1('footnote_plugin_tooltip_14309_1_3');\"><a role=\"button\" tabindex=\"0\" class=\"footnote_plugin_link\" ><span class=\"footnote_index_arrow\">&#8593;<\/span>3<\/a><\/th> <td class=\"footnote_plugin_text\">Le dernier <a href=\"http:\/\/www.unicef.org\/french\/infobycountry\/media_86267.html\">communiqu\u00e9 au sujet des enfants au Burundi<\/a> date de novembre 2015.<\/td><\/tr>\r\n\r\n<tr class=\"footnotes_plugin_reference_row\"> <th scope=\"row\" id=\"footnote_plugin_reference_14309_1_4\" class=\"footnote_plugin_index pointer\" onclick=\"footnote_moveToAnchor_14309_1('footnote_plugin_tooltip_14309_1_4');\"><a role=\"button\" tabindex=\"0\" class=\"footnote_plugin_link\" ><span class=\"footnote_index_arrow\">&#8593;<\/span>4<\/a><\/th> <td class=\"footnote_plugin_text\">Signalons \u00e0 ce sujet l\u2019int\u00e9ressante d\u00e9marche commune de la Commission Justice et Paix du Congo et de l\u2019AETA (Agir pour des \u00e9lections transparentes et apais\u00e9es), partenaires des coupoles CNCD et Elf Elf Elf.<\/td><\/tr>\r\n\r\n<tr class=\"footnotes_plugin_reference_row\"> <th scope=\"row\" id=\"footnote_plugin_reference_14309_1_5\" class=\"footnote_plugin_index pointer\" onclick=\"footnote_moveToAnchor_14309_1('footnote_plugin_tooltip_14309_1_5');\"><a role=\"button\" tabindex=\"0\" class=\"footnote_plugin_link\" ><span class=\"footnote_index_arrow\">&#8593;<\/span>5<\/a><\/th> <td class=\"footnote_plugin_text\">Actuellement plus de 1300 signatures r\u00e9colt\u00e9es<\/td><\/tr>\r\n\r\n <\/tbody> <\/table> <\/div><\/div><script type=\"text\/javascript\"> function footnote_expand_reference_container_14309_1() { jQuery('#footnote_references_container_14309_1').show(); jQuery('#footnote_reference_container_collapse_button_14309_1').text('\u2212'); } function footnote_collapse_reference_container_14309_1() { jQuery('#footnote_references_container_14309_1').hide(); jQuery('#footnote_reference_container_collapse_button_14309_1').text('+'); } function footnote_expand_collapse_reference_container_14309_1() { if (jQuery('#footnote_references_container_14309_1').is(':hidden')) { footnote_expand_reference_container_14309_1(); } else { footnote_collapse_reference_container_14309_1(); } } function footnote_moveToReference_14309_1(p_str_TargetID) { footnote_expand_reference_container_14309_1(); var l_obj_Target = jQuery('#' + p_str_TargetID); if (l_obj_Target.length) { jQuery( 'html, body' ).delay( 0 ); jQuery('html, body').animate({ scrollTop: l_obj_Target.offset().top - window.innerHeight * 0.2 }, 380); } } function footnote_moveToAnchor_14309_1(p_str_TargetID) { footnote_expand_reference_container_14309_1(); var l_obj_Target = jQuery('#' + p_str_TargetID); if (l_obj_Target.length) { jQuery( 'html, body' ).delay( 0 ); jQuery('html, body').animate({ scrollTop: l_obj_Target.offset().top - window.innerHeight * 0.2 }, 380); } }<\/script>","protected":false},"excerpt":{"rendered":"<p>Le 1er juin 2016, Justice et Paix a rappel\u00e9 aux membres de la Commission relations ext\u00e9rieures de la Chambre des Repr\u00e9sentants que l\u2019Afrique centrale doit rester une priorit\u00e9 pour la Belgique. C\u2019est une crise des d\u00e9mocraties que vivent le Burundi et le Congo et nos partenaires, tout comme les diasporas, veulent une parole politique forte!<\/p>","protected":false},"author":62,"featured_media":14307,"comment_status":"closed","ping_status":"open","sticky":false,"template":"","format":"standard","meta":{"_acf_changed":false,"_seopress_robots_primary_cat":"","_seopress_titles_title":"","_seopress_titles_desc":"","_seopress_robots_index":"","footnotes":""},"categories":[2721],"tags":[2794,2698,2835,2815,2825,2792],"class_list":["post-14309","post","type-post","status-publish","format-standard","has-post-thumbnail","hentry","category-plaidoyer-politique","tag-afrique-centrale","tag-burundi","tag-democratie","tag-plaidoyer","tag-prevention-des-conflits","tag-rd-congo"],"acf":[],"_links":{"self":[{"href":"https:\/\/www.justicepaix.be\/en\/wp-json\/wp\/v2\/posts\/14309","targetHints":{"allow":["GET"]}}],"collection":[{"href":"https:\/\/www.justicepaix.be\/en\/wp-json\/wp\/v2\/posts"}],"about":[{"href":"https:\/\/www.justicepaix.be\/en\/wp-json\/wp\/v2\/types\/post"}],"author":[{"embeddable":true,"href":"https:\/\/www.justicepaix.be\/en\/wp-json\/wp\/v2\/users\/62"}],"replies":[{"embeddable":true,"href":"https:\/\/www.justicepaix.be\/en\/wp-json\/wp\/v2\/comments?post=14309"}],"version-history":[{"count":0,"href":"https:\/\/www.justicepaix.be\/en\/wp-json\/wp\/v2\/posts\/14309\/revisions"}],"wp:featuredmedia":[{"embeddable":true,"href":"https:\/\/www.justicepaix.be\/en\/wp-json\/wp\/v2\/media\/14307"}],"wp:attachment":[{"href":"https:\/\/www.justicepaix.be\/en\/wp-json\/wp\/v2\/media?parent=14309"}],"wp:term":[{"taxonomy":"category","embeddable":true,"href":"https:\/\/www.justicepaix.be\/en\/wp-json\/wp\/v2\/categories?post=14309"},{"taxonomy":"post_tag","embeddable":true,"href":"https:\/\/www.justicepaix.be\/en\/wp-json\/wp\/v2\/tags?post=14309"}],"curies":[{"name":"wp","href":"https:\/\/api.w.org\/{rel}","templated":true}]}}