{"id":14293,"date":"2016-06-05T09:27:00","date_gmt":"2016-06-05T09:27:00","guid":{"rendered":"https:\/\/demop.netbaz.be\/2021\/jp\/2016\/06\/05\/elections-au-perou-le-choix-du-moindre-mal-1220\/"},"modified":"2021-07-06T14:42:31","modified_gmt":"2021-07-06T12:42:31","slug":"elections-au-perou-le-choix-du-moindre-mal-1220","status":"publish","type":"post","link":"https:\/\/www.justicepaix.be\/en\/elections-au-perou-le-choix-du-moindre-mal-1220\/","title":{"rendered":"Elections in Peru: the choice of the lesser evil"},"content":{"rendered":"<p class=\"post_excerpt\">Deux candidats disputeront le 2\u00e8me tour des \u00e9lections pr\u00e9sidentielles le 5 juin. Il s\u2019agit de Keiko Fujimori, la fille du dictateur Alberto Fujimori, condamn\u00e9 \u00e0 25 ans de prison pour crimes contre l\u2019humanit\u00e9 et Pedro Pablo Kuczynski, ancien ministre de l\u2019\u00e9conomie sous le gouvernement d\u2019Alejandro Toledo. Face au programme et au profil de ces 2 candidats, l\u2019ONG Justice et Paix s\u2019inqui\u00e8te pour la protection de la d\u00e9mocratie et des droits humains, d\u00e9j\u00e0 \u00e9corch\u00e9s par le gouvernement sortant d\u2019Ollanta Humala. <\/p>\n\n\n\n<div class=\"wp-block-image\"><figure class=\"aligncenter\"><img fetchpriority=\"high\" decoding=\"async\" width=\"710\" height=\"280\" src=\"http:\/\/demop.netbaz.be\/2021\/jp\/wp-content\/uploads\/2016\/06\/jpg_elections_au_perou_le_choix_du_moindre_mal_710x280.jpg\" alt=\"elections_au_perou_le_choix_du_moindre_mal_710x280.jpg\" class=\"wp-image-14292\" srcset=\"https:\/\/www.justicepaix.be\/wp-content\/uploads\/2016\/06\/jpg_elections_au_perou_le_choix_du_moindre_mal_710x280.jpg 710w, https:\/\/www.justicepaix.be\/wp-content\/uploads\/2016\/06\/jpg_elections_au_perou_le_choix_du_moindre_mal_710x280-300x118.jpg 300w\" sizes=\"(max-width: 710px) 100vw, 710px\" \/><\/figure><\/div>\n\n\n\n<!--more-->\n\n\n\n<p><bloc>Des programmes conservateurs<\/bloc><\/p>\n\n\n\n<p>Le 10 avril, les \u00e9lections avaient failli prendre un tour inattendu avec la subite ascension de la franco-p\u00e9ruvienne Veronika Mendoza, visage d\u2019une gauche progressiste et d\u00e9mocratique, tranchant avec une classe politique client\u00e9liste. <\/p>\n\n\n\n<blockquote class=\"wp-block-quote is-layout-flow wp-block-quote-is-layout-flow\"><p>Mais le P\u00e9rou a finalement fait le choix de rester fid\u00e8le au mod\u00e8le n\u00e9olib\u00e9ral consolid\u00e9 par le Pr\u00e9sident actuel Ollanta Humala, celui d\u2019un pays exportateur de mati\u00e8res premi\u00e8res, vendu aux entreprises \u00e9trang\u00e8res (G\u00e9raldine Duquenne, responsable Am\u00e9rique latine chez Justice et Paix)<\/p><\/blockquote>\n\n\n\n<h2 class=\"wp-block-heading\">**Que proposent les candidats ?<\/h2>\n\n\n\n<p>D\u2019une part, la pr\u00e9sidente du parti de droite Fuerza Popular se pr\u00e9sente comme proche des citoyens et promet d\u2019incarner l\u2019ordre en r\u00e9habilitant des sujets comme la peine de mort, l\u2019utilisation de l\u2019arm\u00e9e en soutien \u00e0 la police et la possibilit\u00e9 controvers\u00e9e pour la police de travailler 24h\/24h. Le candidat du parti de centre droit Peruanos por el Kambio, \u00e0 77 ans, a d\u00fb quant \u00e0 lui se battre pour s\u2019\u00e9loigner de son image de lobbyiste \u00e0 la faveur des entreprises et convaincre de son souci du citoyen. Tous deux ont par ailleurs \u00e9t\u00e9 cit\u00e9s dans l\u2019affaire des \u00ab <a href=\"http:\/\/panamapapers.ojo-publico.com\/articulo\/mossack-fonseca-co-los-secretos-de-la-calle-roma\/\">Panama Papers<\/a> &quot;.<\/p>\n\n\n\n<p>Arnaud Gorgemans, Pr\u00e9sident de Justice et Paix \u00ab craint qu\u2019une victoire de Keiko n\u2019ouvre la voie \u00e0 l\u2019amnistie des fujimoristes condamn\u00e9s pour crime et corruption apr\u00e8s le retour de la d\u00e9mocratie en 2001. Et ne signe le retour d\u2019un Etat autoritaire \u00bb. Pour rappel, les ann\u00e9es Fujimori laissent le souvenir contrast\u00e9 d\u2019un redressement \u00e9conomique s\u00e9v\u00e8re du pays au prix de mesures \u00e9conomiques ultra lib\u00e9rales et de la victoire contre la gu\u00e9rilla du Sentier Lumineux au prix de l\u2019assassinat de milliers d\u2019innocents. Mais la politique assistentialiste d\u2019Alberto Fujimori vaut \u00e0 sa fille le soutien des classes populaires. Perdante des \u00e9lections pr\u00e9c\u00e9dentes, elle est aujourd\u2019hui la favorite. Face \u00e0 ce pass\u00e9 charg\u00e9, Kuczinsky se pr\u00e9sente comme un rempart au retour du fujimorisme. Il doit convaincre qu\u2019il est l\u2019alternative d\u00e9mocratique \u00e0 la corruption et aux <a href=\"https:\/\/colectivonoakeiko.lamula.pe\/2014\/08\/05\/vinculos-evidentes-del-narcotrafico-con-la-cupula-fujimorista\/nak\/\">scandales de narcotrafic<\/a> impliquant l\u2019entourage de Keiko. Cependant, en ayant obtenu la majorit\u00e9 au Parlement (71 si\u00e8ges sur 130), Keiko, si elle est \u00e9lue,  n\u2019aura nul besoin de construire des alliances avec d\u2019autres forces politiques.<br>\n<\/p>\n\n\n\n<p><bloc>Peu de pr\u00e9occupations pour les droits humains <\/bloc><\/p>\n\n\n\n<p>Face \u00e0 ces candidatures, la soci\u00e9t\u00e9 civile p\u00e9ruvienne a manifest\u00e9 \u00e0 plusieurs reprises son inqui\u00e9tude. Selon eux, s\u2019il est certain que les deux partis ont des propositions similaires, et ne modifieront pas la politique \u00e9conomique dominante dans le pays, Keiko a fait un pas plus loin en affirmant que le gouvernement de son p\u00e8re \u00e9tait le meilleur qu\u2019avait connu le P\u00e9rou, et ce malgr\u00e9 les \u00e9videntes atteintes aux droits de l\u2019homme et \u00e0 la d\u00e9mocratie.   <\/p>\n\n\n\n<p>Justice et Paix regrette que les questions qui concernent les droits humains aient b\u00e9n\u00e9fici\u00e9 d\u2019une place toute relative dans les discours des candidats. <\/p>\n\n\n\n<blockquote class=\"wp-block-quote is-layout-flow wp-block-quote-is-layout-flow\"><p>Alors que l\u2019on sait que plus de 200 conflits sociaux agitent le P\u00e9rou depuis plusieurs ann\u00e9es, principalement autour de probl\u00e8mes socio-environnementaux, Keiko et PKK ont trop peu \u00e9voqu\u00e9 les strat\u00e9gies qu\u2019ils ont pr\u00e9vu de mettre en place pour apaiser les conflits (G\u00e9raldine Duquenne).<\/p><\/blockquote>\n\n\n\n<p>A l\u2019inverse du pr\u00e9sident actuel, vont-ils s\u2019orienter vers plus de dialogue et de prise en compte des populations locales et de leur choix ? Vers une r\u00e9elle application de la consultation pr\u00e9alable vot\u00e9e en 2011 ? Vers des r\u00e9parations de leur environnement d\u00e9grad\u00e9 par les projets extractifs ? Telles sont les demandes rest\u00e9es sans r\u00e9ponses de nombreuses <a href=\"https:\/\/redaccion.lamula.pe\/2016\/05\/25\/sin-igualdad-no-hay-democracia\/redaccionmulera\/\">organisations sociales<\/a> qui appellent \u00e0 un vote critique en faveur de PPK. <\/p>\n\n\n\n<p>A nouveau, l\u2019issue de ces \u00e9lections n\u2019augure pas un avenir plus serein pour une large frange de la population p\u00e9ruvienne. Aux yeux de Justice et Paix, Keiko et PPK ne priorisent pas la lutte contre les probl\u00e8mes majeurs du pays tels que les in\u00e9galit\u00e9s sociales, la d\u00e9gradation de l\u2019environnement, les conflits sociaux\u2026 mais bien l\u2019approfondissement d\u2019une politique productiviste peu diversifi\u00e9e. La d\u00e9sillusion que l\u2019on ressent chez les p\u00e9ruviens lorsque l\u2019on se prom\u00e8ne dans le pays n\u2019a pas fini de se propager\u2026<br>\n<\/p>\n\n\n\n<p>Contact :<br>\n<a href=\"mailto:geraldine.duquenne@justicepaix.be\">Geraldine Duquenne <\/a><br>\n0494\/84.07.69 <div id='gallery-1' class='gallery galleryid-14293 gallery-columns-3 gallery-size-thumbnail'><figure class='gallery-item'>\n\t\t\t<div class='gallery-icon landscape'>\n\t\t\t\t<a href='https:\/\/www.justicepaix.be\/wp-content\/uploads\/2016\/06\/jpg_elections_au_perou_le_choix_du_moindre_mal_710x280.jpg'><img decoding=\"async\" width=\"150\" height=\"150\" src=\"https:\/\/www.justicepaix.be\/wp-content\/uploads\/2016\/06\/jpg_elections_au_perou_le_choix_du_moindre_mal_710x280-150x150.jpg\" class=\"attachment-thumbnail size-thumbnail\" alt=\"elections_au_perou_le_choix_du_moindre_mal_710x280.jpg\" \/><\/a>\n\t\t\t<\/div><\/figure>\n\t\t<\/div>\n<\/p>\n\n\n\n<h2 class=\"wp-block-heading\">Attachments<\/h2>\n\n\n\n<div class=\"wp-block-file\"><a href=\"http:\/\/demop.netbaz.be\/2021\/jp\/wp-content\/uploads\/2016\/06\/pdf_2016-06-05_cp_perou_ou_le_choix_du_moindre_mal.pdf\">2016-06-05_cp_perou_ou_le_choix_du_moindre_mal.pdf<\/a><\/div>","protected":false},"excerpt":{"rendered":"<p>Deux candidats disputeront le 2\u00e8me tour des \u00e9lections pr\u00e9sidentielles le 5 juin. Il s\u2019agit de Keiko Fujimori, la fille du dictateur Alberto Fujimori, condamn\u00e9 \u00e0 25 ans de prison pour crimes contre l\u2019humanit\u00e9 et Pedro Pablo Kuczynski, ancien ministre de l\u2019\u00e9conomie sous le gouvernement d\u2019Alejandro Toledo. Face au programme et au profil de ces 2 [&hellip;]<\/p>\n","protected":false},"author":62,"featured_media":14291,"comment_status":"closed","ping_status":"open","sticky":false,"template":"","format":"standard","meta":{"_acf_changed":false,"_seopress_robots_primary_cat":"2720","_seopress_titles_title":"","_seopress_titles_desc":"","_seopress_robots_index":"","footnotes":""},"categories":[2720],"tags":[2817,2857,2835,2824,2803,2818,2811,2793],"class_list":["post-14293","post","type-post","status-publish","format-standard","has-post-thumbnail","hentry","category-communiques-de-presse","tag-amerique-latine","tag-communique-de-presse","tag-democratie","tag-droits-humains","tag-elections","tag-perou","tag-ressources-naturelles","tag-societe-civile"],"acf":[],"_links":{"self":[{"href":"https:\/\/www.justicepaix.be\/en\/wp-json\/wp\/v2\/posts\/14293","targetHints":{"allow":["GET"]}}],"collection":[{"href":"https:\/\/www.justicepaix.be\/en\/wp-json\/wp\/v2\/posts"}],"about":[{"href":"https:\/\/www.justicepaix.be\/en\/wp-json\/wp\/v2\/types\/post"}],"author":[{"embeddable":true,"href":"https:\/\/www.justicepaix.be\/en\/wp-json\/wp\/v2\/users\/62"}],"replies":[{"embeddable":true,"href":"https:\/\/www.justicepaix.be\/en\/wp-json\/wp\/v2\/comments?post=14293"}],"version-history":[{"count":0,"href":"https:\/\/www.justicepaix.be\/en\/wp-json\/wp\/v2\/posts\/14293\/revisions"}],"wp:featuredmedia":[{"embeddable":true,"href":"https:\/\/www.justicepaix.be\/en\/wp-json\/wp\/v2\/media\/14291"}],"wp:attachment":[{"href":"https:\/\/www.justicepaix.be\/en\/wp-json\/wp\/v2\/media?parent=14293"}],"wp:term":[{"taxonomy":"category","embeddable":true,"href":"https:\/\/www.justicepaix.be\/en\/wp-json\/wp\/v2\/categories?post=14293"},{"taxonomy":"post_tag","embeddable":true,"href":"https:\/\/www.justicepaix.be\/en\/wp-json\/wp\/v2\/tags?post=14293"}],"curies":[{"name":"wp","href":"https:\/\/api.w.org\/{rel}","templated":true}]}}