{"id":13972,"date":"2015-12-10T10:47:30","date_gmt":"2015-12-10T10:47:30","guid":{"rendered":"https:\/\/demop.netbaz.be\/2021\/jp\/2015\/12\/10\/un-smartphone-ethique-possible-ou-pas\/"},"modified":"2021-04-14T11:47:58","modified_gmt":"2021-04-14T11:47:58","slug":"un-smartphone-ethique-possible-ou-pas","status":"publish","type":"post","link":"https:\/\/www.justicepaix.be\/en\/un-smartphone-ethique-possible-ou-pas\/","title":{"rendered":"An ethical smartphone, possible or not?"},"content":{"rendered":"<p class=\"post_excerpt\">Un GSM sous le sapin, voil\u00e0 une bonne id\u00e9e de cadeau. Mais qui sait si l\u2019appareil a \u00e9t\u00e9 fabriqu\u00e9 de mani\u00e8re \u00e9thique ? Et quel fabricant garantit que tous les composants sont \u00ab propres \u00bb ?\n<\/p>\n\n\n<!--more-->\n<a href=\"http:\/\/demop.netbaz.be\/2021\/jp\/wp-content\/uploads\/2015\/12\/pdf_2015-12-09_le_soir_un_smartphone_ethique_possible_ou_pas.pdf\">An ethical smartphone, possible or not?<\/a><div id='gallery-1' class='gallery galleryid-13972 gallery-columns-3 gallery-size-thumbnail'><figure class='gallery-item'>\n\t\t\t<div class='gallery-icon landscape'>\n\t\t\t\t<a href='https:\/\/www.justicepaix.be\/wp-content\/uploads\/2015\/12\/jpg_2015-12-09_le_soir_un_smartphone_ethique_possible_ou_pas.jpg'><img decoding=\"async\" width=\"150\" height=\"150\" src=\"https:\/\/www.justicepaix.be\/wp-content\/uploads\/2015\/12\/jpg_2015-12-09_le_soir_un_smartphone_ethique_possible_ou_pas-150x150.jpg\" class=\"attachment-thumbnail size-thumbnail\" alt=\"2015-12-09_le_soir_un_smartphone_ethique_possible_ou_pas.jpg\" \/><\/a>\n\t\t\t<\/div><\/figure>\n\t\t<\/div>\n\n<h2 class=\"wp-block-heading\">Attachments<\/h2>\n\n\n\n<div class=\"wp-block-file\"><a href=\"http:\/\/demop.netbaz.be\/2021\/jp\/wp-content\/uploads\/2015\/12\/pdf_2015-12-09_le_soir_un_smartphone_ethique_possible_ou_pas.pdf\">An ethical smartphone, possible or not?<\/a><\/div>","protected":false},"excerpt":{"rendered":"<p>Un GSM sous le sapin, voil\u00e0 une bonne id\u00e9e de cadeau. Mais qui sait si l\u2019appareil a \u00e9t\u00e9 fabriqu\u00e9 de mani\u00e8re \u00e9thique ? Et quel fabricant garantit que tous les composants sont \u00ab propres \u00bb ?<\/p>","protected":false},"author":62,"featured_media":13970,"comment_status":"closed","ping_status":"open","sticky":false,"template":"","format":"standard","meta":{"_acf_changed":false,"_seopress_robots_primary_cat":"","_seopress_titles_title":"","_seopress_titles_desc":"","_seopress_robots_index":"","footnotes":""},"categories":[2846,2686],"tags":[2811],"class_list":["post-13972","post","type-post","status-publish","format-standard","has-post-thumbnail","hentry","category-dans-les-medias","category-pre-2015","tag-ressources-naturelles"],"acf":[],"_links":{"self":[{"href":"https:\/\/www.justicepaix.be\/en\/wp-json\/wp\/v2\/posts\/13972","targetHints":{"allow":["GET"]}}],"collection":[{"href":"https:\/\/www.justicepaix.be\/en\/wp-json\/wp\/v2\/posts"}],"about":[{"href":"https:\/\/www.justicepaix.be\/en\/wp-json\/wp\/v2\/types\/post"}],"author":[{"embeddable":true,"href":"https:\/\/www.justicepaix.be\/en\/wp-json\/wp\/v2\/users\/62"}],"replies":[{"embeddable":true,"href":"https:\/\/www.justicepaix.be\/en\/wp-json\/wp\/v2\/comments?post=13972"}],"version-history":[{"count":0,"href":"https:\/\/www.justicepaix.be\/en\/wp-json\/wp\/v2\/posts\/13972\/revisions"}],"wp:featuredmedia":[{"embeddable":true,"href":"https:\/\/www.justicepaix.be\/en\/wp-json\/wp\/v2\/media\/13970"}],"wp:attachment":[{"href":"https:\/\/www.justicepaix.be\/en\/wp-json\/wp\/v2\/media?parent=13972"}],"wp:term":[{"taxonomy":"category","embeddable":true,"href":"https:\/\/www.justicepaix.be\/en\/wp-json\/wp\/v2\/categories?post=13972"},{"taxonomy":"post_tag","embeddable":true,"href":"https:\/\/www.justicepaix.be\/en\/wp-json\/wp\/v2\/tags?post=13972"}],"curies":[{"name":"wp","href":"https:\/\/api.w.org\/{rel}","templated":true}]}}