{"id":13941,"date":"2015-12-03T11:28:38","date_gmt":"2015-12-03T11:28:38","guid":{"rendered":"https:\/\/demop.netbaz.be\/2021\/jp\/2015\/12\/03\/les-defis-de-l-education-au-developpement-les-methodes-participatives-au\/"},"modified":"2021-04-14T12:21:55","modified_gmt":"2021-04-14T12:21:55","slug":"the-challenges-of-development-education-participatory-methods-in","status":"publish","type":"post","link":"https:\/\/www.justicepaix.be\/en\/les-defis-de-l-education-au-developpement-les-methodes-participatives-au\/","title":{"rendered":"The challenges of development education: participatory methods to the aid of associative autonomy"},"content":{"rendered":"\n\n\n\n<p class=\"post_excerpt\">Cette analyse se penche sur les enjeux autour des contextes, mondial et belge, de l\u2019\u00e9ducation au d\u00e9veloppement et la mani\u00e8re dont les m\u00e9thodes de l\u2019\u00e9ducation permanente peuvent permettre au milieu associatif de garder une libert\u00e9 d\u2019action et d\u2019expression par rapport au pouvoir subsidiant. <\/p>\n\n\n<!--more-->\nLa <a href=\"https:\/\/www.justicepaix.be\/2015\/06\/29\/defis-de-l-education-au-developpement-comment-aborder-les-conflits-du-sud\/\">premi\u00e8re analyse Les d\u00e9fis de l\u2019\u00e9ducation au d\u00e9veloppement<\/a> se penche sur la vision d\u00e9velopp\u00e9e autour des conflits mondiaux et la mani\u00e8re dont une association belge peut les aborder.\n\n\nComme ONG d\u2019\u00e9ducation au d\u00e9veloppement et association d\u2019\u00e9ducation permanente, Justice et Paix b\u00e9n\u00e9ficie d\u2019une double identit\u00e9 qui l\u2019aide \u00e0 mieux remplir ses missions : observer et comprendre les contextes de conflits, partir des r\u00e9alit\u00e9s v\u00e9cues dans les soci\u00e9t\u00e9s (du Nord et du Sud), construire des alternatives avec les citoyens. Cette double reconnaissance par des bailleurs de fonds publics repr\u00e9sente une compl\u00e9mentarit\u00e9 au service de l\u2019action. Cette r\u00e9flexion, tir\u00e9e d\u2019une exp\u00e9rience de travail issue de nos d\u00e9marches en \u00e9ducation permanente, a pour objectif de nourrir la r\u00e9flexion dans le secteur associatif.\n\n\nDepuis une dizaine d\u2019ann\u00e9es, le domaine de la coop\u00e9ration au d\u00e9veloppement est l\u2019objet d\u2019une profonde r\u00e9flexion internationale. Les successives <a href=\"  http:\/\/www.oecd.org\/fr\/cad\/efficacite\/declarationdeparissurlefficacitedelaide.htm\">D\u00e9clarations <\/a> de Rome (2003), Paris (2005), Accra (2008) et Busan (2011) attestent d\u2019une volont\u00e9 de s\u2019adapter \u00e0 un contexte, toujours mouvant, o\u00f9 le monde est de plus en plus interd\u00e9pendant. \u00c0 la base de ces rassemblements, une question : comment transformer les partenariats d\u2019aide en de v\u00e9ritables forces pour le d\u00e9veloppement ? Cinq principes ont ainsi \u00e9t\u00e9 institu\u00e9s comme devant r\u00e9gir les strat\u00e9gies  d\u2019aide au d\u00e9veloppement  : \n\n<ul><ul><li> Appropriation : Les pays en d\u00e9veloppement d\u00e9finissent leurs propres strat\u00e9gies de r\u00e9duction de la pauvret\u00e9, am\u00e9liorent leurs institutions et luttent contre la corruption.<\/li><li> Alignement : Les pays donneurs s\u2019alignent sur ces objectifs et s\u2019appuient sur les syst\u00e8mes locaux.<\/li><li> Harmonisation : Les pays donneurs se concertent, simplifient les proc\u00e9dures et partagent l\u2019information pour \u00e9viter les doublons.<\/li><li> R\u00e9sultats : Les pays en d\u00e9veloppement se concentrent sur les r\u00e9sultats souhait\u00e9s et leur \u00e9valuation.<\/li><li> Redevabilit\u00e9 mutuelle : Les donneurs et les partenaires sont responsables des r\u00e9sultats obtenus en mati\u00e8re de d\u00e9veloppement.<\/li><\/ul><\/ul>\n\n\nOn le voit, la pr\u00e9occupation centrale est donc la recherche de l\u2019efficacit\u00e9 de l\u2019aide internationale. \n\n\nL\u2019Union Europ\u00e9enne a traduit ces principes en une nouvelle politique de coop\u00e9ration (Agenda for change). La Belgique, \u00e0 son tour, suit l\u2019\u00e9volution du contexte international en r\u00e9formant la structure de la Direction G\u00e9n\u00e9rale de la Coop\u00e9ration et en faisant \u00e9voluer ses relations avec les acteurs qu\u2019elle finance, dont les ONG. Cette nouvelle vision, si elle cherche une plus grande coh\u00e9rence (entre autres effets b\u00e9n\u00e9fiques attendus de cette r\u00e9forme, signalons qu\u2019elle pourrait inciter les diff\u00e9rents acteurs \u00e0 plus de concertation et de collaboration), comporte des risques relev\u00e9s par le secteur : entre autres la perte de la diversit\u00e9 et donc de la richesse du secteur ainsi que son autonomie. En effet, \u00e0 nos yeux, la diversit\u00e9 associative, et donc la survie de petites associations, peut \u00eatre synonyme de cr\u00e9ativit\u00e9, r\u00e9activit\u00e9 et d\u2019adaptabilit\u00e9 : la cha\u00eene de prise de d\u00e9cision d\u2019une petite organisation est souvent adapt\u00e9e \u00e0 sa taille et lui permet de r\u00e9pondre plus facilement et rapidement  \u00e0 l\u2019actualit\u00e9. Par ailleurs, le nombre restreint de membres d\u2019une \u00e9quipe permet de g\u00e9rer plus facilement la tendance de \u00ab r\u00e9sistance au changement \u00bb et d\u2019ainsi s\u2019adapter aux contextes soci\u00e9taux mouvants. \n\n\nLe \u00ab screening  \u00bb   <span class=\"footnote_referrer\"><a role=\"button\" tabindex=\"0\" onclick=\"footnote_moveToReference_13941_1('footnote_plugin_reference_13941_1_1');\" onkeypress=\"footnote_moveToReference_13941_1('footnote_plugin_reference_13941_1_1');\" ><sup id=\"footnote_plugin_tooltip_13941_1_1\" class=\"footnote_plugin_tooltip_text\">[1]<\/sup><\/a><span id=\"footnote_plugin_tooltip_text_13941_1_1\" class=\"footnote_tooltip\">En fran\u00e7ais : \u201cexamen du syst\u00e8me performant de ma\u00eetrise de l&rsquo;organisation\u201d<\/span><\/span><script type=\"text\/javascript\"> jQuery('#footnote_plugin_tooltip_13941_1_1').tooltip({ tip: '#footnote_plugin_tooltip_text_13941_1_1', tipClass: 'footnote_tooltip', effect: 'fade', predelay: 0, fadeInSpeed: 200, delay: 400, fadeOutSpeed: 200, position: 'top center', relative: true, offset: [-7, 0], });<\/script>  du secteur, qui peut \u00eatre vu comme une \u00e9tape pr\u00e9alable \u00e0 une nouvelle r\u00e9forme du secteur, aura pour objectif de juger du professionnalisme des ONG et donc de la l\u00e9gitimit\u00e9 de leur acc\u00e8s \u00e0 des financements. En contr\u00f4lant des crit\u00e8res tels que la gestion financi\u00e8re ou des ressources humaines, par exemple, ne risque-t-on pas de laisser sur le c\u00f4t\u00e9 une s\u00e9rie de \u00ab petites \u00bb ONG ? \n\n\nLe \u00ab screening \u00bb du secteur de la coop\u00e9ration au d\u00e9veloppement ne risque-t-il pas de laisser sur le c\u00f4t\u00e9 une s\u00e9rie de \u00ab petites \u00bb ONG, et de perdre par l\u00e0-m\u00eame une diversit\u00e9 et  richesse associative ?\n\n\nLa tendance de la coop\u00e9ration gouvernementale \u00e0 r\u00e9duire la liste d\u00e9terminant les<a href=\"http:\/\/www.presscenter.org\/nl\/pressrelease\/20150521\/partnerlanden-van-de-gouvernementele-samenwerking?lang=fr\"> pays partenaires<\/a>  impose de facto au secteur de suivre sa ligne de priorit\u00e9 sur les pays dits fragiles et les zones post-conflit. Pour exemple, la sortie du P\u00e9rou de la liste de pays partenaires de la Belgique impliquera une r\u00e9duction non seulement de l\u2019aide (financement de projets) mais risque aussi d\u2019entra\u00eener une diminution des collaborations inter-associatives entre nos deux pays. Pourtant, comme nous le disions dans une <a href=\"https:\/\/www.justicepaix.be\/2015\/06\/29\/defis-de-l-education-au-developpement-comment-aborder-les-conflits-du-sud\/\">pr\u00e9c\u00e9dente analyse<\/a> , bien que les crit\u00e8res macro-\u00e9conomiques du P\u00e9rou le situent comme un Pays \u00e0 Revenu Interm\u00e9diaire (PRI), il m\u00e9rite un maintien de l\u2019attention internationale, ne serait-ce qu\u2019au vu de ses fortes in\u00e9galit\u00e9s \u00e9conomiques et des nombreux conflits sociaux qui y s\u00e9vissent. Cet exemple illustre la perte d\u2019autonomie que le secteur pourrait conna\u00eetre. \n\n\nNous sommes d\u00e8s lors en droit de nous demander si, in fine, le secteur ne court pas le risque d\u2019\u00eatre instrumentalis\u00e9. En effet, en restreignant l\u2019acc\u00e8s \u00e0 des financements et en cr\u00e9ant des modalit\u00e9s proches de l\u2019appel d\u2019offre (ce qui est pr\u00e9vu), la Coop\u00e9ration belge ne risque-t-elle pas de faire mener, sur le terrain,  des projets comportant ses propres priorit\u00e9s, imposant ainsi sa vision ?\n\n\nIl est important que le monde associatif continue \u00e0 r\u00e9fl\u00e9chir et \u00e0 se positionner sur ce sujet et \u00e0 interpeller, avec toute sa libert\u00e9 d\u2019expression, les administrations comp\u00e9tentes. Car, la coh\u00e9rence des politiques de d\u00e9veloppement est un d\u00e9fi commun et l\u2019associatif a pour missions d\u2019une part d\u2019identifier les incoh\u00e9rences  entre les discours politiques et les actes pos\u00e9s et d\u2019autre part de formuler des recommandations. Nous saluons \u00e0 cet \u00e9gard le travail qui est r\u00e9alis\u00e9 par les coupoles et f\u00e9d\u00e9rations associatives que sont le CNCD et Acodev. \n\n\nEnfin, le pouvoir d\u2019action des associations dans le secteur du d\u00e9veloppement se situe \u00e9galement dans le maintien de certains crit\u00e8res fondamentaux, tels que le dialogue et la concertation avec les partenaires et les citoyens. Pour s\u2019\u00e9tablir dans la confiance, les relations de coop\u00e9ration avec des partenaires locaux doivent \u00eatre durables. Or, les al\u00e9as de la vie politique impliquent de facto une instabilit\u00e9\u2026 les priorit\u00e9s changent en fonction du Ministre en place. \n\n\n<bloc>\u00c9loge de la participation\n\n\nFace \u00e0 ce contexte changeant, la m\u00e9thodologie de l\u2019\u00e9ducation permanente repr\u00e9sente, \u00e0 nos yeux,  une v\u00e9ritable valeur-ajout\u00e9e :  travailler aux changements de comportements collectifs et individuels des citoyens doit partir du dialogue entre les diff\u00e9rentes parties prenantes, d\u2019une sensibilisation des acteurs \u00e0 travers l\u2019\u00e9change et le d\u00e9bat, du respect des points de vue, du partage d\u2019une vision du bien commun non impos\u00e9e mais qui se construit en concertation. En effet, une norme r\u00e9gulant l\u2019un ou l\u2019autre aspect de la vie en soci\u00e9t\u00e9 est d\u2019autant plus pertinente et cr\u00e9dible qu\u2019elle repose sur l\u2019adh\u00e9sion des parties concern\u00e9es. <span class=\"footnote_referrer\"><a role=\"button\" tabindex=\"0\" onclick=\"footnote_moveToReference_13941_1('footnote_plugin_reference_13941_1_2');\" onkeypress=\"footnote_moveToReference_13941_1('footnote_plugin_reference_13941_1_2');\" ><sup id=\"footnote_plugin_tooltip_13941_1_2\" class=\"footnote_plugin_tooltip_text\">[2]<\/sup><\/a><span id=\"footnote_plugin_tooltip_text_13941_1_2\" class=\"footnote_tooltip\"> Habermas J. (1987), Th\u00e9orie de l\u2019agir communicationnel, Paris, Fayard et Habermas J. (1992), De l\u2019\u00e9thique de la discussion, Paris, Cerf<\/span><\/span><script type=\"text\/javascript\"> jQuery('#footnote_plugin_tooltip_13941_1_2').tooltip({ tip: '#footnote_plugin_tooltip_text_13941_1_2', tipClass: 'footnote_tooltip', effect: 'fade', predelay: 0, fadeInSpeed: 200, delay: 400, fadeOutSpeed: 200, position: 'top center', relative: true, offset: [-7, 0], });<\/script>  En ce sens, nous concevons  la sensibilisation \u00e0 un monde plus juste comme un processus d\u2019accompagnement des publics qui m\u00e8ne \u00e0 l\u2019action de ceux-ci en faveur du changement vers un monde plus juste, en paix, et d\u2019un mod\u00e8le de d\u00e9veloppement coop\u00e9ratif et durable. \n\n\nLa traditionnelle d\u00e9marche du \u00ab voir \u00bb, \u00ab juger \u00bb et \u00ab agir \u00bb se traduit donc par une volont\u00e9 de partir des r\u00e9alit\u00e9s concr\u00e8tes, donner des clefs de lecture,  r\u00e9fl\u00e9chir avec nos partenaires et publics et encourager \u00e0 l\u2019action et \u00e0 la construction d\u2019alternatives.\n\n\n\u00c0 partir de l\u2019exemple du th\u00e8me de la gestion des ressources naturelles dans le monde (qui est une des priorit\u00e9s du plan de travail de Justice et Paix dans la Coop\u00e9ration belge), nous montrons ici comment l\u2019interaction constante entre les domaines de l\u2019\u00e9ducation permanente et au d\u00e9veloppement ont permis de nourrir nos d\u00e9marches de sensibilisation citoyenne et d\u2019interpellation politique :  \n\n\n<h2>**Mettre la priorit\u00e9 sur la participation et l\u2019inclusion : l\u2019exemple de mod\u00e8les d\u00e9mocratiques participatifs<\/h2>\n\n\nDes mod\u00e8les d\u00e9mocratiques participatifs (compl\u00e9tant des mod\u00e8les d\u00e9mocratiques en voie de consolidation) existent dans les pays du Sud ! Nous voulons promouvoir l\u2019existence de m\u00e9canismes participatifs issus des contextes g\u00e9ographiques divers. Ainsi, l&rsquo;existence et le fonctionnement des rondes paysannes au P\u00e9rou  ou  les assembl\u00e9es des peuples en Am\u00e9rique latine) d\u00e9montrent que plus d\u2019engagement citoyen est possible. \n\n\n<h2>**S\u2019adapter aux r\u00e9alit\u00e9s du terrain : l\u2019exemple de la prise en compte des femmes comme actrices de changement\n<\/h2>\n\n\nLes revendications des associations du Sud pour une prise en compte d\u2019une lecture \u00ab genr\u00e9e \u00bb illustrent parfaitement la plus-value amen\u00e9e par ceux-l\u00e0 m\u00eame qui sont touch\u00e9s par nos actions. Si le r\u00f4le des femmes en mati\u00e8res de coh\u00e9sion sociale et de production de richesses sur le plan local n\u2019est plus \u00e0 d\u00e9montrer aujourd\u2019hui, force est de constater que les implications de l\u2019exploitation des ressources naturelles sur la situation des femmes et des jeunes filles sont loin d\u2019\u00eatre n\u00e9gligeables en termes de violences \u00e9conomiques et physiques (notamment sexuelles) \u00e0 leur encontre dans les zones d\u2019exploitation. En outre, elles sont en g\u00e9n\u00e9ral priv\u00e9es du pouvoir et du contr\u00f4le sur les ressources naturelles dont la propri\u00e9t\u00e9 et la gestion reviennent g\u00e9n\u00e9ralement aux hommes.  C\u2019est pourquoi les activit\u00e9s et les messages d\u00e9livr\u00e9s par le secteur de la coop\u00e9ration au d\u00e9veloppement doivent refl\u00e9ter non pas uniquement le r\u00f4le de \u00ab victime \u00bb des femmes, mais aussi leur exp\u00e9rience et leurs pr\u00e9occupations en mati\u00e8re de gestion des ressources naturelles, en vue de soutenir la r\u00e9alisation de leurs droits individuels et collectifs : Les femmes dans le Sud sont de v\u00e9ritables \u00ab pivots \u00bb de l\u2019\u00e9conomie domestique et communautaire.\n\n\n<h2>**Partir du v\u00e9cu de nos publics : l\u2019exemple du citoyen europ\u00e9en, consomm\u2019acteur ?<\/h2>\n\n\nIl est n\u00e9cessaire d\u2019appuyer une r\u00e9flexion et une action citoyennes sur notre consommation en ressources naturelles et sur les alternatives qui existent ou sont \u00e0 d\u00e9velopper : prise en compte des co\u00fbts \u00e9nerg\u00e9tiques dans la transformation d\u2019\u00e9nergies fossiles ; investissement dans les \u00e9nergies renouvelables ; appui aux avanc\u00e9es technologiques bas\u00e9es sur des syst\u00e8mes \u00e9conomiques alternatifs responsables et durables (fond\u00e9s sur la r\u00e9cup\u00e9ration et sur des changements de la logique de production\u2026). \u00c0 terme, c\u2019est l\u2019ensemble de notre syst\u00e8me de perception de valeurs qui doit \u00e9voluer avec l\u2019utilisation d\u2019autres indicateurs que le PIB pour \u00e9valuer le d\u00e9veloppement de nos soci\u00e9t\u00e9s, au Nord comme au Sud et atteindre un \u00e9quilibre entre croissance,  bien-\u00eatre social et respect de l\u2019environnement. \n\n\nCes trois priorit\u00e9s m\u00e9thodologiques impliquent que nous sommes dans une logique, non seulement d\u2019efficacit\u00e9 et d\u2019atteinte de r\u00e9sultats chiffr\u00e9s, mais aussi de respect de toutes les parties prenantes et du temps qui leur est n\u00e9cessaire pour cheminer avec nous. Entre \u00ab top-down \u00bb et \u00ab bottom up \u00bb, entre \u00ab efficacit\u00e9 de l\u2019atteinte d\u2019un r\u00e9sultat\u00bb et \u00ab respect du temps n\u00e9cessaire au processus  \u00bb, nous pensons qu\u2019un \u00e9quilibre peut \u00eatre trouv\u00e9 pour respecter \u00e0 la fois la n\u00e9cessaire redevabilit\u00e9 aupr\u00e8s des bailleurs de fonds et le principe d\u2019interaction, sources de richesse et de travail commun. \n\n\nTout aussi pertinentes et coh\u00e9rentes qu\u2019elles peuvent \u00eatre, les r\u00e8gles \u00e9dict\u00e9es par les bailleurs de fonds doivent \u00eatre d\u00e9pass\u00e9es . Car ce qui doit continuer \u00e0 inspirer et guider le monde associatif, c\u2019est ce que la base pense et dit. \n\n\nCe texte s\u2019inscrit dans le cadre d\u2019une d\u00e9marche collective volontaire qui a associ\u00e9 plusieurs organismes actifs dans le secteur de l\u2019\u00c9ducation permanente. Ces associations (Cefoc, Centre Avec, CESEP, Couples et Familles, Justice et Paix, Media Animation, Pax Christi, SAW-B, Ufapec) ont d\u00e9fini un th\u00e8me sur lequel travailler collectivement. A savoir : <strong>le r\u00f4le de contre-pouvoir des associations et l\u2019autonomie associative<\/strong>. Au d\u00e9part de l\u2019ancrage et des champs d\u2019action qui sont les siens, chaque association a produit une analyse qui refl\u00e8te son point de vue sur cette th\u00e9matique. Le processus entam\u00e9 sera poursuivi par un d\u00e9bat entre elles et avec les lecteurs.\n Les autres analyses produites dans ce cadre sont lisibles en suivant ces liens :\nL\u2019\u00e9ducation permanente en tension, par le CEFOC : http:\/\/www.cefoc.be\/L-Education-permanente-en-tensions\nEntre libert\u00e9 et d\u00e9pendance, les m\u00e9dias sur le fil, par M\u00e9dia-Animation : http:\/\/www.media-animation.be\/Entre-liberte-et-dependance-les.html\nEt si l\u2019\u00e9ducation permanente disparaissait, par le Centre Avec : www.centreavec.site\/Et-si-l-education-permanente-disparaissait\nLes associations comme r\u00e9sistance et riposte au n\u00e9olib\u00e9ralisme : http:\/\/www.saw-b.be\/spip\/IMG\/pdf\/a1512_associationnisme.pdf\n   \n<\/bloc>\n\n\nAxelle Fischer<div id='gallery-1' class='gallery galleryid-13941 gallery-columns-3 gallery-size-thumbnail'><figure class='gallery-item'>\n\t\t\t<div class='gallery-icon landscape'>\n\t\t\t\t<a href='https:\/\/www.justicepaix.be\/wp-content\/uploads\/2015\/12\/jpg_2015-12-03_rondes_paysannes_au_nord_du_perou-scaled.jpg'><img decoding=\"async\" width=\"150\" height=\"150\" src=\"https:\/\/www.justicepaix.be\/wp-content\/uploads\/2015\/12\/jpg_2015-12-03_rondes_paysannes_au_nord_du_perou-150x150.jpg\" class=\"attachment-thumbnail size-thumbnail\" alt=\"2015-12-03_rondes_paysannes_au_nord_du_perou.jpg\" \/><\/a>\n\t\t\t<\/div><\/figure>\n\t\t<\/div>\n\n<h2 class=\"wp-block-heading\">Documents joints<\/h2>\n\n\n\n<div class=\"wp-block-file\"><a href=\"http:\/\/demop.netbaz.be\/2021\/jp\/wp-content\/uploads\/2015\/12\/pdf_2015_analyse_les_defis_de_l_education_au_developpement_2_les_methodes_participatives_au_secours_de_l_autonomie.pdf\">2015_analyse_les_defis_de_l_education_au_developpement_2_les_methodes_participatives_au_secours_de_l_autonomie.pdf<\/a><\/div>\n\n\n<div class=\"speaker-mute footnotes_reference_container\"> <div class=\"footnote_container_prepare\"><p><span role=\"button\" tabindex=\"0\" class=\"footnote_reference_container_label pointer\" onclick=\"footnote_expand_collapse_reference_container_13941_1();\">Notes<\/span><span role=\"button\" tabindex=\"0\" class=\"footnote_reference_container_collapse_button\" style=\"display: none;\" onclick=\"footnote_expand_collapse_reference_container_13941_1();\">[<a id=\"footnote_reference_container_collapse_button_13941_1\">+<\/a>]<\/span><\/p><\/div> <div id=\"footnote_references_container_13941_1\" style=\"\"><table class=\"footnotes_table footnote-reference-container\"><caption class=\"accessibility\">Notes<\/caption> <tbody> \r\n\r\n<tr class=\"footnotes_plugin_reference_row\"> <th scope=\"row\" id=\"footnote_plugin_reference_13941_1_1\" class=\"footnote_plugin_index pointer\" onclick=\"footnote_moveToAnchor_13941_1('footnote_plugin_tooltip_13941_1_1');\"><a role=\"button\" tabindex=\"0\" class=\"footnote_plugin_link\" ><span class=\"footnote_index_arrow\">&#8593;<\/span>1<\/a><\/th> <td class=\"footnote_plugin_text\">En fran\u00e7ais : \u201cexamen du syst\u00e8me performant de ma\u00eetrise de l&rsquo;organisation\u201d<\/td><\/tr>\r\n\r\n<tr class=\"footnotes_plugin_reference_row\"> <th scope=\"row\" id=\"footnote_plugin_reference_13941_1_2\" class=\"footnote_plugin_index pointer\" onclick=\"footnote_moveToAnchor_13941_1('footnote_plugin_tooltip_13941_1_2');\"><a role=\"button\" tabindex=\"0\" class=\"footnote_plugin_link\" ><span class=\"footnote_index_arrow\">&#8593;<\/span>2<\/a><\/th> <td class=\"footnote_plugin_text\"> Habermas J. (1987), Th\u00e9orie de l\u2019agir communicationnel, Paris, Fayard et Habermas J. (1992), De l\u2019\u00e9thique de la discussion, Paris, Cerf<\/td><\/tr>\r\n\r\n <\/tbody> <\/table> <\/div><\/div><script type=\"text\/javascript\"> function footnote_expand_reference_container_13941_1() { jQuery('#footnote_references_container_13941_1').show(); jQuery('#footnote_reference_container_collapse_button_13941_1').text('\u2212'); } function footnote_collapse_reference_container_13941_1() { jQuery('#footnote_references_container_13941_1').hide(); jQuery('#footnote_reference_container_collapse_button_13941_1').text('+'); } function footnote_expand_collapse_reference_container_13941_1() { if (jQuery('#footnote_references_container_13941_1').is(':hidden')) { footnote_expand_reference_container_13941_1(); } else { footnote_collapse_reference_container_13941_1(); } } function footnote_moveToReference_13941_1(p_str_TargetID) { footnote_expand_reference_container_13941_1(); var l_obj_Target = jQuery('#' + p_str_TargetID); if (l_obj_Target.length) { jQuery( 'html, body' ).delay( 0 ); jQuery('html, body').animate({ scrollTop: l_obj_Target.offset().top - window.innerHeight * 0.2 }, 380); } } function footnote_moveToAnchor_13941_1(p_str_TargetID) { footnote_expand_reference_container_13941_1(); var l_obj_Target = jQuery('#' + p_str_TargetID); if (l_obj_Target.length) { jQuery( 'html, body' ).delay( 0 ); jQuery('html, body').animate({ scrollTop: l_obj_Target.offset().top - window.innerHeight * 0.2 }, 380); } }<\/script>","protected":false},"excerpt":{"rendered":"<p>This analysis looks at the issues around the global and Belgian contexts of development education and the way in which continuing education methods can allow the associative environment to maintain freedom of action and expression in relation to to the subsidizing power.<\/p>","protected":false},"author":57,"featured_media":13940,"comment_status":"closed","ping_status":"open","sticky":false,"template":"","format":"standard","meta":{"_acf_changed":false,"_seopress_robots_primary_cat":"","_seopress_titles_title":"","_seopress_titles_desc":"","_seopress_robots_index":"","footnotes":""},"categories":[2722],"tags":[2817,2795,2835,2843,2840,2830,2818,2811,2793],"class_list":["post-13941","post","type-post","status-publish","format-standard","has-post-thumbnail","hentry","category-articles-nos-publications","tag-amerique-latine","tag-article","tag-democratie","tag-education-au-developpement","tag-education-permanente","tag-genre","tag-perou","tag-ressources-naturelles","tag-societe-civile"],"acf":[],"_links":{"self":[{"href":"https:\/\/www.justicepaix.be\/en\/wp-json\/wp\/v2\/posts\/13941","targetHints":{"allow":["GET"]}}],"collection":[{"href":"https:\/\/www.justicepaix.be\/en\/wp-json\/wp\/v2\/posts"}],"about":[{"href":"https:\/\/www.justicepaix.be\/en\/wp-json\/wp\/v2\/types\/post"}],"author":[{"embeddable":true,"href":"https:\/\/www.justicepaix.be\/en\/wp-json\/wp\/v2\/users\/57"}],"replies":[{"embeddable":true,"href":"https:\/\/www.justicepaix.be\/en\/wp-json\/wp\/v2\/comments?post=13941"}],"version-history":[{"count":0,"href":"https:\/\/www.justicepaix.be\/en\/wp-json\/wp\/v2\/posts\/13941\/revisions"}],"wp:featuredmedia":[{"embeddable":true,"href":"https:\/\/www.justicepaix.be\/en\/wp-json\/wp\/v2\/media\/13940"}],"wp:attachment":[{"href":"https:\/\/www.justicepaix.be\/en\/wp-json\/wp\/v2\/media?parent=13941"}],"wp:term":[{"taxonomy":"category","embeddable":true,"href":"https:\/\/www.justicepaix.be\/en\/wp-json\/wp\/v2\/categories?post=13941"},{"taxonomy":"post_tag","embeddable":true,"href":"https:\/\/www.justicepaix.be\/en\/wp-json\/wp\/v2\/tags?post=13941"}],"curies":[{"name":"wp","href":"https:\/\/api.w.org\/{rel}","templated":true}]}}