{"id":13758,"date":"2015-10-12T09:21:13","date_gmt":"2015-10-12T09:21:13","guid":{"rendered":"https:\/\/demop.netbaz.be\/2021\/jp\/2015\/10\/12\/gsm-dechets-electroniques-et-recyclage\/"},"modified":"2021-04-14T11:47:42","modified_gmt":"2021-04-14T11:47:42","slug":"gsm-dechets-electroniques-et-recyclage","status":"publish","type":"post","link":"https:\/\/www.justicepaix.be\/en\/gsm-dechets-electroniques-et-recyclage\/","title":{"rendered":"GSM, electronic waste and recycling"},"content":{"rendered":"<p class=\"post_excerpt\">Nos GSM, en plus d\u2019\u00eatre produits \u00e0 base de minerais des conflits, d\u2019avoir une empreinte \u00e9cologique tr\u00e8s lourde et d\u2019\u00eatre assembl\u00e9s dans des usines d\u2019Asie aux conditions de travail d\u00e9plorables, contribuent \u00e0 cr\u00e9er des montagnes de d\u00e9chets probl\u00e9matiques, de plus en plus hautes chaque ann\u00e9e\u2026 et elles aussi d\u00e9localis\u00e9es dans les pays du Sud.\n<\/p>\n\n\n<!--more-->\n<a href=\"http:\/\/demop.netbaz.be\/2021\/jp\/wp-content\/uploads\/2015\/10\/pdf_2015-10_revue_valriane_gsm_dechets_electroniques_recyclage.pdf\">GSM, electronic waste and recycling<\/a>\n<h2 class=\"wp-block-heading\">Attachments<\/h2>\n\n\n\n<div class=\"wp-block-file\"><a href=\"http:\/\/demop.netbaz.be\/2021\/jp\/wp-content\/uploads\/2015\/10\/pdf_2015-10_revue_valriane_gsm_dechets_electroniques_recyclage.pdf\">GSM, electronic waste and recycling<\/a><\/div>","protected":false},"excerpt":{"rendered":"<p>Nos GSM, en plus d\u2019\u00eatre produits \u00e0 base de minerais des conflits, d\u2019avoir une empreinte \u00e9cologique tr\u00e8s lourde et d\u2019\u00eatre assembl\u00e9s dans des usines d\u2019Asie aux conditions de travail d\u00e9plorables, contribuent \u00e0 cr\u00e9er des montagnes de d\u00e9chets probl\u00e9matiques, de plus en plus hautes chaque ann\u00e9e\u2026 et elles aussi d\u00e9localis\u00e9es dans les pays du Sud.<\/p>","protected":false},"author":62,"featured_media":13756,"comment_status":"closed","ping_status":"open","sticky":false,"template":"","format":"standard","meta":{"_acf_changed":false,"_seopress_robots_primary_cat":"","_seopress_titles_title":"","_seopress_titles_desc":"","_seopress_robots_index":"","footnotes":""},"categories":[2846,2686],"tags":[2814,2824,2811],"class_list":["post-13758","post","type-post","status-publish","format-standard","has-post-thumbnail","hentry","category-dans-les-medias","category-pre-2015","tag-developpement-durable","tag-droits-humains","tag-ressources-naturelles"],"acf":[],"_links":{"self":[{"href":"https:\/\/www.justicepaix.be\/en\/wp-json\/wp\/v2\/posts\/13758","targetHints":{"allow":["GET"]}}],"collection":[{"href":"https:\/\/www.justicepaix.be\/en\/wp-json\/wp\/v2\/posts"}],"about":[{"href":"https:\/\/www.justicepaix.be\/en\/wp-json\/wp\/v2\/types\/post"}],"author":[{"embeddable":true,"href":"https:\/\/www.justicepaix.be\/en\/wp-json\/wp\/v2\/users\/62"}],"replies":[{"embeddable":true,"href":"https:\/\/www.justicepaix.be\/en\/wp-json\/wp\/v2\/comments?post=13758"}],"version-history":[{"count":0,"href":"https:\/\/www.justicepaix.be\/en\/wp-json\/wp\/v2\/posts\/13758\/revisions"}],"wp:featuredmedia":[{"embeddable":true,"href":"https:\/\/www.justicepaix.be\/en\/wp-json\/wp\/v2\/media\/13756"}],"wp:attachment":[{"href":"https:\/\/www.justicepaix.be\/en\/wp-json\/wp\/v2\/media?parent=13758"}],"wp:term":[{"taxonomy":"category","embeddable":true,"href":"https:\/\/www.justicepaix.be\/en\/wp-json\/wp\/v2\/categories?post=13758"},{"taxonomy":"post_tag","embeddable":true,"href":"https:\/\/www.justicepaix.be\/en\/wp-json\/wp\/v2\/tags?post=13758"}],"curies":[{"name":"wp","href":"https:\/\/api.w.org\/{rel}","templated":true}]}}