{"id":13734,"date":"2015-10-01T16:34:00","date_gmt":"2015-10-01T16:34:00","guid":{"rendered":"https:\/\/demop.netbaz.be\/2021\/jp\/2015\/10\/01\/pour-une-analyse-citoyenne-des-conflits-1082\/"},"modified":"2015-10-01T16:34:00","modified_gmt":"2015-10-01T16:34:00","slug":"pour-une-analyse-citoyenne-des-conflits-1082","status":"publish","type":"post","link":"https:\/\/www.justicepaix.be\/en\/pour-une-analyse-citoyenne-des-conflits-1082\/","title":{"rendered":"For a citizen analysis of conflicts"},"content":{"rendered":"<p class=\"post_excerpt\">Justice et Paix vous propose de vous interroger sur les motivations qui conduisent les acteurs \u00e9tatiques, non-\u00e9tatiques et supranationaux \u00e0 poser des actes sur la sc\u00e8ne internationale.<\/p>\n<p><!--more--><br \/>\nNous sommes inond\u00e9s au quotidien par des r\u00e9cits m\u00e9diatiques de conflits en cours partout dans le monde. Ensemble et sur base d\u2019un conflit concret, nous utiliserons une grille d\u2019analyse qui nous permettra de poser une r\u00e9flexion afin de mieux appr\u00e9hender ces informations. Et ainsi agir en citoyens actifs et responsables.<\/p>\n<p>Cette formation s&rsquo;adresse \u00e0 tous : citoyens, formateurs, enseignants, employ\u00e9s dans l&rsquo;associatif, d\u00e9cideurs politiques et \u00e9conomiques, etc.<\/p>\n<p><strong>Avec la participation de Paul Delmotte, professeur de politique internationale et d\u2019histoire contemporaine, retrait\u00e9 de l\u2019IHECS.<\/strong><\/p>\n<h2>Practical information:<\/h2>\n<p>&#8211; Dates :vendredi 6 novembre 2015, de 9h30 \u00e0 13h<br \/>\n\u2013 Address: Rue Maurice Li\u00e9tart, 31, 1150 Brussels<br \/>\n&#8211; Prix : 5 euros, comprenant documents de travail et pause-caf\u00e9  (\u00e0 verser avant le 4 novembre sur le compte BE30 0682 3529 1311 avec la mention : \u00ab formation 6 novembre 2015 \u00bb ou en liquide le jour-m\u00eame)<\/p>\n<h2>Registration:<\/h2>\n<p>Inscription obligatoire avant le 4 novembre via le formulaire en ligne ci-dessous.<\/p>\n<p><iframe src=\"https:\/\/docs.google.com\/forms\/d\/1i92U4yT93jUCqtzyL9Ut9KqCsq8hSS6n4DkQNgz18aY\/viewform?embedded=true\" width=\"700\" height=\"900\" frameborder=\"0\" marginheight=\"0\" marginwidth=\"0\">Loading\u2026<\/iframe><\/p>","protected":false},"excerpt":{"rendered":"<p>Justice et Paix vous propose de vous interroger sur les motivations qui conduisent les acteurs \u00e9tatiques, non-\u00e9tatiques et supranationaux \u00e0 poser des actes sur la sc\u00e8ne internationale.<\/p>","protected":false},"author":62,"featured_media":13733,"comment_status":"closed","ping_status":"open","sticky":false,"template":"","format":"standard","meta":{"_acf_changed":false,"_seopress_robots_primary_cat":"","_seopress_titles_title":"","_seopress_titles_desc":"","_seopress_robots_index":"","footnotes":""},"categories":[2686],"tags":[2858,2825],"class_list":["post-13734","post","type-post","status-publish","format-standard","has-post-thumbnail","hentry","category-pre-2015","tag-animation","tag-prevention-des-conflits"],"acf":[],"_links":{"self":[{"href":"https:\/\/www.justicepaix.be\/en\/wp-json\/wp\/v2\/posts\/13734","targetHints":{"allow":["GET"]}}],"collection":[{"href":"https:\/\/www.justicepaix.be\/en\/wp-json\/wp\/v2\/posts"}],"about":[{"href":"https:\/\/www.justicepaix.be\/en\/wp-json\/wp\/v2\/types\/post"}],"author":[{"embeddable":true,"href":"https:\/\/www.justicepaix.be\/en\/wp-json\/wp\/v2\/users\/62"}],"replies":[{"embeddable":true,"href":"https:\/\/www.justicepaix.be\/en\/wp-json\/wp\/v2\/comments?post=13734"}],"version-history":[{"count":0,"href":"https:\/\/www.justicepaix.be\/en\/wp-json\/wp\/v2\/posts\/13734\/revisions"}],"wp:featuredmedia":[{"embeddable":true,"href":"https:\/\/www.justicepaix.be\/en\/wp-json\/wp\/v2\/media\/13733"}],"wp:attachment":[{"href":"https:\/\/www.justicepaix.be\/en\/wp-json\/wp\/v2\/media?parent=13734"}],"wp:term":[{"taxonomy":"category","embeddable":true,"href":"https:\/\/www.justicepaix.be\/en\/wp-json\/wp\/v2\/categories?post=13734"},{"taxonomy":"post_tag","embeddable":true,"href":"https:\/\/www.justicepaix.be\/en\/wp-json\/wp\/v2\/tags?post=13734"}],"curies":[{"name":"wp","href":"https:\/\/api.w.org\/{rel}","templated":true}]}}