{"id":13407,"date":"2015-09-03T12:24:35","date_gmt":"2015-09-03T12:24:35","guid":{"rendered":"https:\/\/demop.netbaz.be\/2021\/jp\/2015\/09\/03\/les-activites-de-justice-et-paix\/"},"modified":"2021-04-14T12:21:55","modified_gmt":"2021-04-14T12:21:55","slug":"les-activites-de-justice-et-paix","status":"publish","type":"post","link":"https:\/\/www.justicepaix.be\/en\/les-activites-de-justice-et-paix\/","title":{"rendered":"Les activit\u00e9s de Justice et Paix"},"content":{"rendered":"<p class=\"post_excerpt\">Justice et Paix r\u00e9alise un travail d\u2019\u00e9tude et d\u2019\u00e9ducation des adultes relatif aux questions de justice, de paix, des droits humains, de promotion humaine et de d\u00e9veloppement des peuples. Ses activit\u00e9s comprennent la <a href=\"https:\/\/www.justicepaix.be\/en\/category\/our-publications\/\">publication d\u2019analyses et d\u2019\u00e9tudes<\/a>, l\u2019organisation d\u2019<a href=\"\/en\/rub83\/?onglet=84\">entertainment<\/a> and of <a href=\"\/en\/rub88\/?onglet=89\">training<\/a>, le <a href=\"https:\/\/www.justicepaix.be\/en\/category\/our-publications\/political-advocacy\/\">political advocacy<\/a> et diverses actions d\u2019information et de sensibilisation.<\/p>\n\n\n<!--more-->\n<img fetchpriority=\"high\" decoding=\"async\" class=\"aligncenter size-full wp-image-13403\" src=\"http:\/\/demop.netbaz.be\/2021\/jp\/wp-content\/uploads\/2015\/09\/jpg_justice_et_paix_activites.jpg\" alt=\"justice_et_paix_activites.jpg\" align=\"center\" width=\"710\" height=\"280\" srcset=\"https:\/\/www.justicepaix.be\/wp-content\/uploads\/2015\/09\/jpg_justice_et_paix_activites.jpg 710w, https:\/\/www.justicepaix.be\/wp-content\/uploads\/2015\/09\/jpg_justice_et_paix_activites-300x118.jpg 300w\" sizes=\"(max-width: 710px) 100vw, 710px\" \/>\n<bloc>Publication d&rsquo;analyses et \u00e9tudes\n\n<img decoding=\"async\" class=\"alignleft size-full wp-image-13404\" src=\"http:\/\/demop.netbaz.be\/2021\/jp\/wp-content\/uploads\/2015\/09\/jpg_justice_et_paix_activites_publications_analyses_et_etudes_cjp_200.jpg\" alt=\"justice_et_paix_activites_publications_analyses_et_etudes_cjp_200.jpg\" align=\"left\" width=\"200\" height=\"150\" \/>Justice et Paix publie r\u00e9guli\u00e8rement des analyses et des \u00e9tudes qui permettent \u00e0 ses publics de disposer de cl\u00e9s d\u2019analyses sur les sujets qu\u2019elle traite. Ces publications, que vous retrouverez dans les rubriques <a href=\"\/en\/rubrique75\/\">Items<\/a> And <a href=\"\/en\/rubrique76\/\">Studies<\/a> as well as in our review <a href=\"\/en\/rubrique77\/\">To Talk About Peace<\/a>, traitent de questions de soci\u00e9t\u00e9 en Belgique, en Europe ou dans les pays du Sud. Ces documents sont le r\u00e9sultat d\u2019un travail de r\u00e9flexion et pr\u00e9sentent une prise de position de Justice et Paix. De plus, ils interpellent le citoyen sur les pistes de solution et d\u2019action possibles.\n\nJustice et Paix m\u00e8ne actuellement un programme quinquennal (2012-2016) intitul\u00e9 Pour construire la paix, agir en citoyens solidaires dans un monde en crise(s). Ce programme est financ\u00e9 par la <a href=\"http:\/\/www.federation-wallonie-bruxelles.be\/\">Wallonia-Brussels Federation<\/a>.\n<\/bloc>\n\n<bloc>Organisation d&rsquo;animations et de formations\n\n<img decoding=\"async\" class=\"alignleft size-full wp-image-13405\" src=\"http:\/\/demop.netbaz.be\/2021\/jp\/wp-content\/uploads\/2015\/09\/jpg_justice_et_paix_activites_organisation_animation_formation_forfor_200.jpg\" alt=\"justice_et_paix_activites_organisation_animation_formation_forfor_200.jpg\" align=\"left\" width=\"200\" height=\"150\" \/>Justice and Peace organizes <a href=\"\/en\/rubrique83\/\">entertainment<\/a> And <a href=\"\/en\/rubrique88\/\">training<\/a> \u00e0 destination des citoyens, des enseignants du secondaire sup\u00e9rieur, de formateurs, d\u2019animateurs ainsi que d\u2019organisations de la soci\u00e9t\u00e9 civile. Elle met \u00e9galement des <a href=\"\/en\/rubrique93\/\">educational tools<\/a> \u00e0 leur disposition pour leur permettre d\u2019approfondir les questions de justice et de citoyennet\u00e9 mondiale avec leur propre public. \n\nConcernant l\u2019animation des adultes, Justice et Paix m\u00e8ne actuellement un programme quinquennal (2012-2016) intitul\u00e9 Pour construire la paix, agir en citoyens solidaires dans un monde en crise(s). Ce programme est financ\u00e9 par la <a href=\"http:\/\/www.federation-wallonie-bruxelles.be\/\">Wallonia-Brussels Federation<\/a>.\n\nEnfin, Justice et Paix accompagne les acteurs \u00e9ducatifs dans leur d\u00e9marche et leur conseille activit\u00e9s et outils p\u00e9dagogiques ad\u00e9quats. \nCette offre p\u00e9dagogique est aliment\u00e9e par le travail d\u2019\u00e9tude effectu\u00e9 en amont par l\u2019\u00e9quipe et est r\u00e9alis\u00e9e avec la collaboration du <a href=\"http:\/\/enseignement.catholique.be\/\">SeGEC<\/a> (Secr\u00e9tariat G\u00e9n\u00e9ral de l\u2019Enseignement Catholique).\n<\/bloc>\n\n\n<bloc>Political advocacy\n\n<img loading=\"lazy\" decoding=\"async\" class=\"alignleft size-full wp-image-13396\" src=\"http:\/\/demop.netbaz.be\/2021\/jp\/wp-content\/uploads\/2015\/09\/jpg_justice_et_paix_activites_plaidoyer_politique_conseil_securite_onu_200.jpg\" alt=\"justice_and_peace_activites_plaidoyer_politics_conseil_securite_onu_200.jpg\" align=\"left\" width=\"200\" height=\"150\" \/>Nos actions de <a href=\"\/en\/rubrique74\/\">advocacy<\/a>, sont adress\u00e9es aux d\u00e9cideurs politiques et \u00e9conomiques. S\u2019inspirant d\u2019une \u00e9tude rigoureuse des conflits et des enjeux internationaux, elles prennent la forme d\u2019interpellations, de prises de position, de <a href=\"\/en\/rubrique73\/\">Press Releases<\/a> et de m\u00e9morandums. Justice et Paix organise des rencontres politiques autour des th\u00e8mes et des zones g\u00e9ographiques sur lesquels elle travaille et collabore avec des repr\u00e9sentants politiques afin que ses revendications soient traduites en v\u00e9ritable changement politique.\n<\/bloc>\n\n<bloc>Information et sensibilisation : m\u00e9dias et \u00e9v\u00e9nements externes\n\n<img loading=\"lazy\" decoding=\"async\" class=\"alignleft size-full wp-image-13406\" src=\"http:\/\/demop.netbaz.be\/2021\/jp\/wp-content\/uploads\/2015\/09\/jpg_justice_et_paix_activites_information_et_sensibilisation_media_et_evenements_externes_table_ronde_minerais_de_conflits_valeriane_2014_200-2.jpg\" alt=\"justice_et_paix_activites_information_et_sensibilisation_media_et_evenements_externes_table_ronde_minerais_de_conflits_valeriane_2014_200-2.jpg\" align=\"left\" width=\"200\" height=\"150\" \/>Justice et Paix apporte sa r\u00e9flexion \u00e0 des \u00e9v\u00e9nements et des d\u00e9bats publics (annonc\u00e9s sur notre page <a href=\"\/en\/spip.php\/?page=agenda\">Diary<\/a>). Ces activit\u00e9s visent \u00e0 conscientiser les citoyens et \u00e0 les encourager \u00e0 devenir des acteurs de paix et de justice. Elles sont aussi une occasion de diffuser de l\u2019information sur les th\u00e9matiques trait\u00e9es.\nDans cette m\u00eame optique, Justice et Paix est r\u00e9guli\u00e8rement pr\u00e9sente <a href=\"\/en\/rubrique109\/\">dans les m\u00e9dias<\/a>.\nEnfin, elle publie le <a href=\"\/en\/rubrique77\/\">To Talk About Peace<\/a>, une revue d\u2019analyse sur les conflits internationaux et les enjeux de paix qui para\u00eet quatre fois par an.\n<\/bloc>\n\n<bloc>Rapports d&rsquo;activit\u00e9s <a name=\"rapport_activites\"><\/a>\n\nEnvie d&rsquo;en savoir un peu plus sur les activit\u00e9s de cette ann\u00e9e ou envie de consulter l&rsquo;historique de nos actions? Reportez-vous aux rapports d&rsquo;activit\u00e9s annuels:\n\n\n\n\n<table>\n<tbody>\n<tr class='row_even'>\n<td>Rapport d&rsquo;activit\u00e9s 2017<\/td>\n<td>Rapport d&rsquo;activit\u00e9s 2016<\/td><\/tr>\n<tr class='row_odd'>\n<td><div data-configid=\"25361634\/62329906\" style=\"width:200px; height:200px;\" class=\"issuuembed\"><\/div>\n<script type=\"text\/javascript\" src=\"\/\/e.issuu.com\/embed.js\" async=\"true\"><\/script><\/td>\n<td><div data-configid=\"25361634\/48946352\" style=\"width:200px; height:200px;\" class=\"issuuembed\"><\/div>\n<script type=\"text\/javascript\" src=\"\/\/e.issuu.com\/embed.js\" async=\"true\"><\/script><\/td><\/tr>\n<\/tbody>\n<\/table>\n\n\n\n\n\n<table>\n<tbody>\n<tr class='row_even'>\n<td>Rapport d&rsquo;activit\u00e9s 2015<\/td>\n<td>Rapport d&rsquo;activit\u00e9s 2014<\/td><\/tr>\n<tr class='row_odd'>\n<td><div data-configid=\"25361634\/36522771\" style=\"width:200px; height:200px;\" class=\"issuuembed\"><\/div>\n<script type=\"text\/javascript\" src=\"\/\/e.issuu.com\/embed.js\" async=\"true\"><\/script><\/td>\n<td><div data-configid=\"25361634\/48946811\" style=\"width:200px; height:200px;\" class=\"issuuembed\"><\/div>\n<script type=\"text\/javascript\" src=\"\/\/e.issuu.com\/embed.js\" async=\"true\"><\/script><\/td><\/tr>\n<\/tbody>\n<\/table>\n\n\n\n\n\n<table>\n<tbody>\n<tr class='row_even'>\n<td>Rapport d&rsquo;activit\u00e9s 2013<\/td>\n<td>Rapport d&rsquo;activit\u00e9s 2012<\/td><\/tr>\n<tr class='row_odd'>\n<td><div data-configid=\"25361634\/48946784\" style=\"width:200px; height:200px;\" class=\"issuuembed\"><\/div>\n<script type=\"text\/javascript\" src=\"\/\/e.issuu.com\/embed.js\" async=\"true\"><\/script><\/td>\n<td><div data-configid=\"25361634\/48946749\" style=\"width:200px; height:200px;\" class=\"issuuembed\"><\/div>\n<script type=\"text\/javascript\" src=\"\/\/e.issuu.com\/embed.js\" async=\"true\"><\/script><\/td><\/tr>\n<\/tbody>\n<\/table>\n\n\n\n\n<\/bloc><div id='gallery-1' class='gallery galleryid-13407 gallery-columns-3 gallery-size-thumbnail'><figure class='gallery-item'>\n\t\t\t<div class='gallery-icon landscape'>\n\t\t\t\t<a href='https:\/\/www.justicepaix.be\/wp-content\/uploads\/2015\/09\/jpg_justice_et_paix_activites.jpg'><img loading=\"lazy\" decoding=\"async\" width=\"150\" height=\"150\" src=\"https:\/\/www.justicepaix.be\/wp-content\/uploads\/2015\/09\/jpg_justice_et_paix_activites-150x150.jpg\" class=\"attachment-thumbnail size-thumbnail\" alt=\"justice_et_paix_activites.jpg\" \/><\/a>\n\t\t\t<\/div><\/figure><figure class='gallery-item'>\n\t\t\t<div class='gallery-icon landscape'>\n\t\t\t\t<a href='https:\/\/www.justicepaix.be\/wp-content\/uploads\/2015\/09\/jpg_justice_et_paix_activites_plaidoyer_politique_conseil_securite_onu_200.jpg'><img loading=\"lazy\" decoding=\"async\" width=\"150\" height=\"150\" src=\"https:\/\/www.justicepaix.be\/wp-content\/uploads\/2015\/09\/jpg_justice_et_paix_activites_plaidoyer_politique_conseil_securite_onu_200-150x150.jpg\" class=\"attachment-thumbnail size-thumbnail\" alt=\"justice_and_peace_activites_plaidoyer_politics_conseil_securite_onu_200.jpg\" \/><\/a>\n\t\t\t<\/div><\/figure><figure class='gallery-item'>\n\t\t\t<div class='gallery-icon landscape'>\n\t\t\t\t<a href='https:\/\/www.justicepaix.be\/wp-content\/uploads\/2015\/09\/jpg_justice_et_paix_activites_publications_analyses_et_etudes_cjp_200.jpg'><img loading=\"lazy\" decoding=\"async\" width=\"150\" height=\"150\" src=\"https:\/\/www.justicepaix.be\/wp-content\/uploads\/2015\/09\/jpg_justice_et_paix_activites_publications_analyses_et_etudes_cjp_200-150x150.jpg\" class=\"attachment-thumbnail size-thumbnail\" alt=\"justice_et_paix_activites_publications_analyses_et_etudes_cjp_200.jpg\" \/><\/a>\n\t\t\t<\/div><\/figure><figure class='gallery-item'>\n\t\t\t<div class='gallery-icon landscape'>\n\t\t\t\t<a href='https:\/\/www.justicepaix.be\/wp-content\/uploads\/2015\/09\/jpg_justice_et_paix_activites_organisation_animation_formation_forfor_200.jpg'><img loading=\"lazy\" decoding=\"async\" width=\"150\" height=\"150\" src=\"https:\/\/www.justicepaix.be\/wp-content\/uploads\/2015\/09\/jpg_justice_et_paix_activites_organisation_animation_formation_forfor_200-150x150.jpg\" class=\"attachment-thumbnail size-thumbnail\" alt=\"justice_et_paix_activites_organisation_animation_formation_forfor_200.jpg\" \/><\/a>\n\t\t\t<\/div><\/figure><figure class='gallery-item'>\n\t\t\t<div class='gallery-icon landscape'>\n\t\t\t\t<a href='https:\/\/www.justicepaix.be\/wp-content\/uploads\/2015\/09\/jpg_justice_et_paix_activites_information_et_sensibilisation_media_et_evenements_externes_table_ronde_minerais_de_conflits_valeriane_2014_200-2.jpg'><img loading=\"lazy\" decoding=\"async\" width=\"150\" height=\"150\" src=\"https:\/\/www.justicepaix.be\/wp-content\/uploads\/2015\/09\/jpg_justice_et_paix_activites_information_et_sensibilisation_media_et_evenements_externes_table_ronde_minerais_de_conflits_valeriane_2014_200-2-150x150.jpg\" class=\"attachment-thumbnail size-thumbnail\" alt=\"justice_et_paix_activites_information_et_sensibilisation_media_et_evenements_externes_table_ronde_minerais_de_conflits_valeriane_2014_200-2.jpg\" \/><\/a>\n\t\t\t<\/div><\/figure>\n\t\t<\/div>\n\n<h2 class=\"wp-block-heading\">Attachments<\/h2>\n\n\n\n<div class=\"wp-block-file\"><a href=\"http:\/\/demop.netbaz.be\/2021\/jp\/wp-content\/uploads\/2015\/09\/pdf_justice_et_paix_folder_de_presentation.pdf\">Folder de pr\u00e9sentation<\/a><\/div>\n\n\n\n<div class=\"wp-block-file\"><a href=\"http:\/\/demop.netbaz.be\/2021\/jp\/wp-content\/uploads\/2018\/06\/pdf_2017_cjp_rapport_activites-3.pdf\">Rapport d&rsquo;activit\u00e9s 2017<\/a><\/div>\n\n\n\n<div class=\"wp-block-file\"><a href=\"http:\/\/demop.netbaz.be\/2021\/jp\/wp-content\/uploads\/2018\/06\/pdf_2016_cjp_rapport_activites.pdf\">Rapport d&rsquo;activit\u00e9s 2016<\/a><\/div>\n\n\n\n<div class=\"wp-block-file\"><a href=\"http:\/\/demop.netbaz.be\/2021\/jp\/wp-content\/uploads\/2018\/06\/pdf_2015_cjp_rapport_activites-2.pdf\">Rapport d&rsquo;activit\u00e9s 2015<\/a><\/div>\n\n\n\n<div class=\"wp-block-file\"><a href=\"http:\/\/demop.netbaz.be\/2021\/jp\/wp-content\/uploads\/2018\/06\/pdf_2014_cjp_rapport_activites-2.pdf\">Rapport d&rsquo;activit\u00e9s 2014<\/a><\/div>\n\n\n\n<div class=\"wp-block-file\"><a href=\"http:\/\/demop.netbaz.be\/2021\/jp\/wp-content\/uploads\/2018\/06\/pdf_2013_cjp_rapport_activites-3.pdf\">Rapport d&rsquo;activit\u00e9s 2013<\/a><\/div>\n\n\n\n<div class=\"wp-block-file\"><a href=\"http:\/\/demop.netbaz.be\/2021\/jp\/wp-content\/uploads\/2018\/06\/pdf_2012_cjp_rapport_activites-2.pdf\">Rapport d&rsquo;activit\u00e9s 2012<\/a><\/div>","protected":false},"excerpt":{"rendered":"<p>Justice et Paix r\u00e9alise un travail d\u2019\u00e9tude et d\u2019\u00e9ducation des adultes relatif aux questions de justice, de paix, des droits humains, de promotion humaine et de d\u00e9veloppement des peuples. Ses activit\u00e9s comprennent la publication d\u2019analyses et d\u2019\u00e9tudes, l\u2019organisation d\u2019animations et de formations, le plaidoyer politique et diverses actions d\u2019information et de sensibilisation.<\/p>","protected":false},"author":62,"featured_media":13402,"comment_status":"closed","ping_status":"open","sticky":false,"template":"","format":"standard","meta":{"_acf_changed":false,"_seopress_robots_primary_cat":"","_seopress_titles_title":"","_seopress_titles_desc":"","_seopress_robots_index":"","footnotes":""},"categories":[2689],"tags":[],"class_list":["post-13407","post","type-post","status-publish","format-standard","has-post-thumbnail","hentry","category-activites"],"acf":[],"_links":{"self":[{"href":"https:\/\/www.justicepaix.be\/en\/wp-json\/wp\/v2\/posts\/13407","targetHints":{"allow":["GET"]}}],"collection":[{"href":"https:\/\/www.justicepaix.be\/en\/wp-json\/wp\/v2\/posts"}],"about":[{"href":"https:\/\/www.justicepaix.be\/en\/wp-json\/wp\/v2\/types\/post"}],"author":[{"embeddable":true,"href":"https:\/\/www.justicepaix.be\/en\/wp-json\/wp\/v2\/users\/62"}],"replies":[{"embeddable":true,"href":"https:\/\/www.justicepaix.be\/en\/wp-json\/wp\/v2\/comments?post=13407"}],"version-history":[{"count":0,"href":"https:\/\/www.justicepaix.be\/en\/wp-json\/wp\/v2\/posts\/13407\/revisions"}],"wp:featuredmedia":[{"embeddable":true,"href":"https:\/\/www.justicepaix.be\/en\/wp-json\/wp\/v2\/media\/13402"}],"wp:attachment":[{"href":"https:\/\/www.justicepaix.be\/en\/wp-json\/wp\/v2\/media?parent=13407"}],"wp:term":[{"taxonomy":"category","embeddable":true,"href":"https:\/\/www.justicepaix.be\/en\/wp-json\/wp\/v2\/categories?post=13407"},{"taxonomy":"post_tag","embeddable":true,"href":"https:\/\/www.justicepaix.be\/en\/wp-json\/wp\/v2\/tags?post=13407"}],"curies":[{"name":"wp","href":"https:\/\/api.w.org\/{rel}","templated":true}]}}