{"id":13359,"date":"2015-09-01T14:41:50","date_gmt":"2015-09-01T14:41:50","guid":{"rendered":"https:\/\/demop.netbaz.be\/2021\/jp\/2015\/09\/01\/qui-sont-les-acteurs-du-recyclage-de-nos-dechets-electroniques\/"},"modified":"2021-04-14T11:46:48","modified_gmt":"2021-04-14T11:46:48","slug":"qui-sont-les-acteurs-du-recyclage-de-nos-dechets-electroniques","status":"publish","type":"post","link":"https:\/\/www.justicepaix.be\/en\/qui-sont-les-acteurs-du-recyclage-de-nos-dechets-electroniques\/","title":{"rendered":"Who are the players in recycling our electronic waste?"},"content":{"rendered":"\n\n<p class=\"post_excerpt\">Une meilleure gestion des d\u00e9chets d\u2019\u00e9quipements \u00e9lectriques et \u00e9lectroniques (DEEE) est aujourd\u2019hui indispensable, tant pour des raisons environnementales et sociales qu\u2019\u00e9conomiques. Au cadre l\u00e9gislatif devant \u00eatre mis en place aux niveaux europ\u00e9en et national doivent r\u00e9pondre des engagements concrets de la part des entreprises et des gestes quotidiens des citoyens <\/p>\n\n\n<!--more-->\nDes appareils \u00e9lectriques et \u00e9lectroniques novateurs ne cessent d\u2019appara\u00eetre et rendent rapidement leurs pr\u00e9d\u00e9cesseurs obsol\u00e8tes : les lecteurs mp3 ont \u00e9clips\u00e9 les discmans et autres walkmans, les ventes mondiales de tablettes num\u00e9riques ont d\u00e9pass\u00e9 celles des ordinateurs portables depuis 2013. \n\nEn parall\u00e8le \u00e0 cette multiplication des avanc\u00e9es technologiques, le stock de d\u00e9chets \u00e9lectriques et \u00e9lectroniques s\u2019accro\u00eet de fa\u00e7on galopante. Ce syndrome de notre soci\u00e9t\u00e9 d\u2019hyperconsommation contraste avec l\u2019adage selon lequel \u00ab le meilleur d\u00e9chet est celui qu\u2019on ne produit pas \u00bb. In\u00e9vitablement, il en appelle \u00e0 nous questionner quant aux solutions disponibles pour valoriser nos appareils \u00e9lectriques et \u00e9lectroniques usag\u00e9s. \n\nIl n\u2019est nullement question ici de tomber dans une technophobie primaire : le propos s\u2019attache avant tout \u00e0 mettre l\u2019emphase sur les pratiques actuelles de recyclage, en soulignant leurs vertus<span class=\"footnote_referrer\"><a role=\"button\" tabindex=\"0\" onclick=\"footnote_moveToReference_13359_1('footnote_plugin_reference_13359_1_1');\" onkeypress=\"footnote_moveToReference_13359_1('footnote_plugin_reference_13359_1_1');\" ><sup id=\"footnote_plugin_tooltip_13359_1_1\" class=\"footnote_plugin_tooltip_text\">[1]<\/sup><\/a><span id=\"footnote_plugin_tooltip_text_13359_1_1\" class=\"footnote_tooltip\">L\u2019approche adopt\u00e9e se focalise principalement sur les b\u00e9n\u00e9fices environnementaux du recyclage.<\/span><\/span><script type=\"text\/javascript\"> jQuery('#footnote_plugin_tooltip_13359_1_1').tooltip({ tip: '#footnote_plugin_tooltip_text_13359_1_1', tipClass: 'footnote_tooltip', effect: 'fade', predelay: 0, fadeInSpeed: 200, delay: 400, fadeOutSpeed: 200, position: 'top center', relative: true, offset: [-7, 0], });<\/script>, en questionnant leur faisabilit\u00e9, en soutenant \u00e9galement des changements progressifs dans nos modes de production et de consommation. Il est affirm\u00e9 qu\u2019une meilleure gestion des d\u00e9chets et, hypoth\u00e9tiquement, l\u2019\u00e9mergence d\u2019une \u00e9conomie circulaire, doivent \u00e9maner de la rencontre entre des r\u00e8gles l\u00e9gales produites par les \u00c9tats et l\u2019Union europ\u00e9enne, des engagements priv\u00e9s innovants (pris par les entreprises) et un activisme civil (venant des citoyens). \n\n<bloc>\u00c9tat des lieux\n\nD\u2019apr\u00e8s l\u2019institut d\u2019\u00e9tudes de march\u00e9 allemand GfK et l\u2019association am\u00e9ricaine de l\u2019\u00e9lectronique grand public CEA, les consommateurs ont consacr\u00e9 \u00e0 travers le monde 1.024 milliards de dollars pour l\u2019achat de smartphones, tablettes, ordinateurs, gsm, t\u00e9l\u00e9viseurs et autres consoles de jeux vid\u00e9o en 2014. Ces deux organismes pr\u00e9voient d\u2019ores et d\u00e9j\u00e0 une explosion des ventes de nouveaux gadgets en tous genres dans les ann\u00e9es \u00e0 venir, parmi lesquels figurent notamment les objets connect\u00e9s \u00ab\u00a0intelligents\u00a0\u00bb, qu\u2019il s\u2019agisse de lunettes, de montres ou m\u00eame d\u2019ampoules reli\u00e9es au r\u00e9seau wifi<span class=\"footnote_referrer\"><a role=\"button\" tabindex=\"0\" onclick=\"footnote_moveToReference_13359_1('footnote_plugin_reference_13359_1_2');\" onkeypress=\"footnote_moveToReference_13359_1('footnote_plugin_reference_13359_1_2');\" ><sup id=\"footnote_plugin_tooltip_13359_1_2\" class=\"footnote_plugin_tooltip_text\">[2]<\/sup><\/a><span id=\"footnote_plugin_tooltip_text_13359_1_2\" class=\"footnote_tooltip\">www.la-croix.com\/Actualite\/Economie-Entreprises\/Economie\/Electronique-grand-public-les-depenses-mondiales-en-hausse-de-1-en-2014-2015-01-05-1262006<\/span><\/span><script type=\"text\/javascript\"> jQuery('#footnote_plugin_tooltip_13359_1_2').tooltip({ tip: '#footnote_plugin_tooltip_text_13359_1_2', tipClass: 'footnote_tooltip', effect: 'fade', predelay: 0, fadeInSpeed: 200, delay: 400, fadeOutSpeed: 200, position: 'top center', relative: true, offset: [-7, 0], });<\/script>. \nAlors que les innovations technologiques se multiplient \u00e0 un rythme exponentiel, leur diffusion ne s\u2019est pas accompagn\u00e9e de pratiques de recyclage ad\u00e9quates et optimales. Ainsi, si plus de 4 milliards de t\u00e9l\u00e9phones portables sont utilis\u00e9s aujourd\u2019hui dans le monde, seuls 3 % d\u2019entre eux sont recycl\u00e9s<span class=\"footnote_referrer\"><a role=\"button\" tabindex=\"0\" onclick=\"footnote_moveToReference_13359_1('footnote_plugin_reference_13359_1_3');\" onkeypress=\"footnote_moveToReference_13359_1('footnote_plugin_reference_13359_1_3');\" ><sup id=\"footnote_plugin_tooltip_13359_1_3\" class=\"footnote_plugin_tooltip_text\">[3]<\/sup><\/a><span id=\"footnote_plugin_tooltip_text_13359_1_3\" class=\"footnote_tooltip\">www.sita.fr\/deee<\/span><\/span><script type=\"text\/javascript\"> jQuery('#footnote_plugin_tooltip_13359_1_3').tooltip({ tip: '#footnote_plugin_tooltip_text_13359_1_3', tipClass: 'footnote_tooltip', effect: 'fade', predelay: 0, fadeInSpeed: 200, delay: 400, fadeOutSpeed: 200, position: 'top center', relative: true, offset: [-7, 0], });<\/script>. Ces chiffres sont d\u2019autant plus alarmants que les gisements de DEEE (D\u00e9chets d&rsquo;\u00e9quipements \u00e9lectriques et \u00e9lectroniques<span class=\"footnote_referrer\"><a role=\"button\" tabindex=\"0\" onclick=\"footnote_moveToReference_13359_1('footnote_plugin_reference_13359_1_4');\" onkeypress=\"footnote_moveToReference_13359_1('footnote_plugin_reference_13359_1_4');\" ><sup id=\"footnote_plugin_tooltip_13359_1_4\" class=\"footnote_plugin_tooltip_text\">[4]<\/sup><\/a><span id=\"footnote_plugin_tooltip_text_13359_1_4\" class=\"footnote_tooltip\">Les DEEE se partagent \u00e0 parts \u00e9gales entre d\u00e9chets \u00e9lectroniques (10 % de t\u00e9l\u00e9viseurs, 25 % d&rsquo;ordinateurs et mat\u00e9riels connexes et t\u00e9l\u00e9phones, 15 % de mat\u00e9riel hi-fi) et d\u00e9chets&nbsp;&#x2026; <span class=\"footnote_tooltip_continue\"  onclick=\"footnote_moveToReference_13359_1('footnote_plugin_reference_13359_1_4');\">Continuer la lecture<\/span><\/span><\/span><script type=\"text\/javascript\"> jQuery('#footnote_plugin_tooltip_13359_1_4').tooltip({ tip: '#footnote_plugin_tooltip_text_13359_1_4', tipClass: 'footnote_tooltip', effect: 'fade', predelay: 0, fadeInSpeed: 200, delay: 400, fadeOutSpeed: 200, position: 'top center', relative: true, offset: [-7, 0], });<\/script>) augmentent de 2 \u00e0 3% par an. \n\nEn ce sens, les d\u00e9chets font pleinement partie du processus de production moderne. Ils sont \u00ab ce qui reste de la consommation, ce dont le syst\u00e8me de production n\u2019a plus ou pas besoin, le trop, ce qui est d\u00e9laiss\u00e9 par manque d\u2019usage, ce qui est p\u00e9rim\u00e9, rejet\u00e9, oubli\u00e9, mis au rebut\u00bb<span class=\"footnote_referrer\"><a role=\"button\" tabindex=\"0\" onclick=\"footnote_moveToReference_13359_1('footnote_plugin_reference_13359_1_5');\" onkeypress=\"footnote_moveToReference_13359_1('footnote_plugin_reference_13359_1_5');\" ><sup id=\"footnote_plugin_tooltip_13359_1_5\" class=\"footnote_plugin_tooltip_text\">[5]<\/sup><\/a><span id=\"footnote_plugin_tooltip_text_13359_1_5\" class=\"footnote_tooltip\">HOUDAYER H\u00e9l\u00e8ne, \u00ab Les d\u00e9chets, m\u00e9tamorphoses et arts de d\u00e9choir \u00bb, Soci\u00e9t\u00e9s, 2013, Vol. CXIX, n\u00b01, pp.63-70.<\/span><\/span><script type=\"text\/javascript\"> jQuery('#footnote_plugin_tooltip_13359_1_5').tooltip({ tip: '#footnote_plugin_tooltip_text_13359_1_5', tipClass: 'footnote_tooltip', effect: 'fade', predelay: 0, fadeInSpeed: 200, delay: 400, fadeOutSpeed: 200, position: 'top center', relative: true, offset: [-7, 0], });<\/script>. Dans le langage \u00e9conomique, on parle d\u2019externalit\u00e9s. La production, mise en \u0153uvre pour satisfaire nos besoins de consommation, n\u2019a pas pour objet l\u2019\u00e9limination des produits dont la dur\u00e9e d\u2019utilisation a expir\u00e9. En cons\u00e9quence, nos villes sont devenues des mines (urban mining) regorgeant de DEEE que nous sommes, jusqu\u2019\u00e0 pr\u00e9sent, peu dispos\u00e9s \u00e0 nous r\u00e9approprier et \u00e0 incorporer de nouveau \u00e0 notre mode de vie. \n<\/bloc>\n\n<bloc>Pourquoi recycler les d\u00e9chets \u00e9lectriques et \u00e9lectroniques ? \n\n\u00ab Intrins\u00e8quement, l\u2019objet du recyclage est de r\u00e9cup\u00e9rer des mati\u00e8res premi\u00e8res \u00e0 partir de d\u00e9chets industriels ou domestiques, diminuant <em>ipso facto<\/em> leur quantit\u00e9<span class=\"footnote_referrer\"><a role=\"button\" tabindex=\"0\" onclick=\"footnote_moveToReference_13359_1('footnote_plugin_reference_13359_1_6');\" onkeypress=\"footnote_moveToReference_13359_1('footnote_plugin_reference_13359_1_6');\" ><sup id=\"footnote_plugin_tooltip_13359_1_6\" class=\"footnote_plugin_tooltip_text\">[6]<\/sup><\/a><span id=\"footnote_plugin_tooltip_text_13359_1_6\" class=\"footnote_tooltip\">RAMADE Fran\u00e7ois, <em>Introduction \u00e0 l&rsquo;\u00e9cochimie : Les substances  chimiques  de  l&rsquo;\u00e9cosph\u00e8re  \u00e0  l&rsquo;homme<\/em>, Paris : Lavoisier, 2011, 828 p.<\/span><\/span><script type=\"text\/javascript\"> jQuery('#footnote_plugin_tooltip_13359_1_6').tooltip({ tip: '#footnote_plugin_tooltip_text_13359_1_6', tipClass: 'footnote_tooltip', effect: 'fade', predelay: 0, fadeInSpeed: 200, delay: 400, fadeOutSpeed: 200, position: 'top center', relative: true, offset: [-7, 0], });<\/script>. Si le tri s\u00e9lectif du papier, carton, verre ou plastique est largement r\u00e9pandu en Europe, le d\u00e9veloppement d\u2019une pratique de recyclage syst\u00e9matique et performante des DEEE peine \u00e0 se d\u00e9velopper. \n\nEn r\u00e9alit\u00e9, la perception des d\u00e9chets comme un grand probl\u00e8me de sant\u00e9 et d\u2019environnement s\u2019est largement impos\u00e9e dans les pays les g\u00e9n\u00e9rant principalement. Les appareils \u00e9lectriques et \u00e9lectroniques sont en effet constitu\u00e9s d\u2019une multitude de substances, certaines d\u2019entre elles \u00e9tant extr\u00eamement dangereuses pour l&rsquo;environnement et l\u2019Homme lorsqu\u2019elles parviennent dans l\u2019air, dans le sol ou dans l\u2019eau (notamment le chrome, le s\u00e9l\u00e9nium, le cobalt, le mercure, le plomb ou encore le lithium). On comprendra ais\u00e9ment dans quelle mesure leur mise en d\u00e9charge et leur incin\u00e9ration doit \u00eatre drastiquement limit\u00e9e. \n\nDe nombreux pays occidentaux ont consid\u00e9r\u00e9 qu\u2019en raison des impacts \u00e9cologiques n\u00e9fastes concomitants au rejet des DEEE dans la nature, ces derniers devaient \u00eatre strictement tenus \u00e0 distance et exp\u00e9di\u00e9s \u00e0 moindres frais vers des d\u00e9charges clandestines en Afrique (Ghana, Nigeria&#8230;) ou en Asie (Chine, Inde, Pakistan, Bengladesh&#8230;). Or, le recyclage dans les pays du Sud est op\u00e9r\u00e9 par le secteur informel non r\u00e9gul\u00e9, o\u00f9 les produits \u00e9lectroniques en fin de vie sont retrait\u00e9s et manipul\u00e9s sans pr\u00e9caution, affectant les ouvriers et occasionnant une pollution et des d\u00e9g\u00e2ts environnementaux significatifs. \n\nDes r\u00e8glementations existent pourtant, dont nous parlerons ci-apr\u00e8s, de m\u00eame que des proc\u00e9d\u00e9s technologiques \u00ab propres \u00bb, qui permettraient de limiter ces impacts n\u00e9gatifs sur l\u2019Homme et l\u2019environnement en faveur d\u2019un recyclage b\u00e9n\u00e9fique \u00e0 bien des \u00e9gards. La r\u00e9alit\u00e9, de plus en plus tangible, est aussi celle de l\u2019int\u00e9r\u00eat pr\u00e9sent\u00e9 par les d\u00e9chets en tant que ressource \u00e0 exploiter. En effet, d\u2019autres mati\u00e8res composant nos DEEE sont valorisables, autrement dit r\u00e9utilisables. La plupart pr\u00e9sentent une forte valeur \u00e9conomique, tels que l\u2019or, l\u2019argent, le palladium, le nickel ou le titanium. A titre indicatif, les produits \u00e9lectriques et \u00e9lectroniques produits en 2011 \u00e0 travers le monde contenaient environ 320 tonnes d&rsquo;or, soit 7,7 % de la production mondiale. Or, la disponibilit\u00e9 de ces mati\u00e8res premi\u00e8res est limit\u00e9e et bon nombre d\u2019entre elles sont d\u00e9j\u00e0 en voie de p\u00e9nurie. Ainsi, des \u00e9l\u00e9ments strat\u00e9giques tels que le germanium, le gallium ou le s\u00e9l\u00e9nium, sont actuellement exploit\u00e9s \u00e0 une telle vitesse que leurs r\u00e9serves mondiales ne couvriront nos besoins que pour les prochaines trente ann\u00e9es. Face \u00e0 une telle rar\u00e9faction, le recyclage permet de r\u00e9utiliser des mati\u00e8res premi\u00e8res d\u00e9j\u00e0 extraites et, ainsi, de limiter l\u2019\u00e9puisement des gisements de minerais existants et par essence non renouvelables. \n\nLe recyclage permet par ailleurs de r\u00e9duire l\u2019impact environnemental qui d\u00e9coule de la production primaire des m\u00e9taux composant nos appareils \u00e9lectriques et \u00e9lectroniques. L\u2019extraction et la fonte des mati\u00e8res premi\u00e8res sont en effet des \u00e9tapes \u00e9nergivores rejetant d\u2019importantes quantit\u00e9s de dioxyde de carbone ainsi que des d\u00e9chets souvent toxiques, les st\u00e9riles miniers. Si les trois milliards de d\u00e9tenteurs de GSM \u00e0 travers le monde faisaient recycler leur mobile, 240 000 tonnes de mati\u00e8res premi\u00e8res seraient pr\u00e9serv\u00e9es, r\u00e9duisant ainsi l\u2019\u00e9quivalent en gaz \u00e0 effet de serre de quatre millions de v\u00e9hicules<span class=\"footnote_referrer\"><a role=\"button\" tabindex=\"0\" onclick=\"footnote_moveToReference_13359_1('footnote_plugin_reference_13359_1_7');\" onkeypress=\"footnote_moveToReference_13359_1('footnote_plugin_reference_13359_1_7');\" ><sup id=\"footnote_plugin_tooltip_13359_1_7\" class=\"footnote_plugin_tooltip_text\">[7]<\/sup><\/a><span id=\"footnote_plugin_tooltip_text_13359_1_7\" class=\"footnote_tooltip\">www.focus.de<\/span><\/span><script type=\"text\/javascript\"> jQuery('#footnote_plugin_tooltip_13359_1_7').tooltip({ tip: '#footnote_plugin_tooltip_text_13359_1_7', tipClass: 'footnote_tooltip', effect: 'fade', predelay: 0, fadeInSpeed: 200, delay: 400, fadeOutSpeed: 200, position: 'top center', relative: true, offset: [-7, 0], });<\/script>. \n\nAjoutons qu\u2019au-del\u00e0 de ses vertus \u00e9cologiques et sociales, le recyclage est \u00e9galement une activit\u00e9 tr\u00e8s rentable. Le co\u00fbt du recyclage d\u2019une mati\u00e8re issue d\u2019un DEEE reste largement inf\u00e9rieur \u00e0 celui de la production de cette m\u00eame mati\u00e8re \u00e0 partir du minerai. Selon un r\u00e9cent rapport de l\u2019Unep, la gestion des DEEE repr\u00e9sente un potentiel annuel de 410 milliards de dollars (360 milliards d\u2019euros). Sans compter les b\u00e9n\u00e9fices en termes de potentiel de cr\u00e9ation d\u2019emplois. Ce que l&rsquo;Union europ\u00e9enne a bien compris, puisqu\u2019elle a mis en \u0153uvre un ensemble l\u00e9gislatif afin d\u2019adapter la politique communautaire face \u00e0 l\u2019abondance de nos DEEE. \n\nPr\u00e9cisons toutefois qu\u2019un recyclage \u00e0 100 % de nos appareils \u00e9lectriques et \u00e9lectroniques rel\u00e8ve de l\u2019utopie. Tout d\u2019abord, parce que l\u2019usage dispersif que nous faisons de diverses mati\u00e8res premi\u00e8res (utilis\u00e9es par exemple comme pigments ou colorants dans les encres et les peintures) engendre une perte de ressources in\u00e9luctable. Le recyclage entra\u00eene souvent une d\u00e9gradation de l\u2019usage et certaines transformations sont irr\u00e9versibles. Le recyclage des DEEE soul\u00e8ve par ailleurs des probl\u00e8mes techniques qui ne sont toujours pas r\u00e9solus. Les composants des produits hautement technologiques sont en effet typiquement int\u00e9gr\u00e9s les uns aux autres, ce qui ne permet pas une r\u00e9cup\u00e9ration ais\u00e9e des ressources. Le recyclage des DEEE est ainsi plus compliqu\u00e9 que pour le recyclage du papier ou du verre notamment. Pour autant, malgr\u00e9 les limites que la pratique comporte, rien n\u2019emp\u00eache de s\u2019attacher \u00e0 mettre en \u0153uvre un taux de recyclage de 99.99 % de nos DEEE<span class=\"footnote_referrer\"><a role=\"button\" tabindex=\"0\" onclick=\"footnote_moveToReference_13359_1('footnote_plugin_reference_13359_1_8');\" onkeypress=\"footnote_moveToReference_13359_1('footnote_plugin_reference_13359_1_8');\" ><sup id=\"footnote_plugin_tooltip_13359_1_8\" class=\"footnote_plugin_tooltip_text\">[8]<\/sup><\/a><span id=\"footnote_plugin_tooltip_text_13359_1_8\" class=\"footnote_tooltip\">DE GUILLEBON Benoit, BIHOUIX Philippe, <em>Quel futur pour les m\u00e9taux ? : Rar\u00e9faction des m\u00e9taux : un nouveau d\u00e9fi pour la soci\u00e9t\u00e9<\/em>, Les Ulis : EDP Sciences, 2010, 299 pages.<\/span><\/span><script type=\"text\/javascript\"> jQuery('#footnote_plugin_tooltip_13359_1_8').tooltip({ tip: '#footnote_plugin_tooltip_text_13359_1_8', tipClass: 'footnote_tooltip', effect: 'fade', predelay: 0, fadeInSpeed: 200, delay: 400, fadeOutSpeed: 200, position: 'top center', relative: true, offset: [-7, 0], });<\/script>! \n\n<\/bloc>\n\nFlora Barland\nStagiaire \u00e0 Justice et Paix \n<h2 class=\"wp-block-heading\">Documents joints<\/h2>\n\n\n\n<div class=\"wp-block-file\"><a href=\"http:\/\/demop.netbaz.be\/2021\/jp\/wp-content\/uploads\/2015\/09\/pdf_2015_analyse_qui_sont_les_acteurs_du_recyclage_de_nos_dechets_electriques_et_electroniques.pdf\">Qui sont les acteurs du recyclage de nos d\u00e9chets \u00e9lectriques et \u00e9lectroniques ?<\/a><\/div>\n\n\n<div class=\"speaker-mute footnotes_reference_container\"> <div class=\"footnote_container_prepare\"><p><span role=\"button\" tabindex=\"0\" class=\"footnote_reference_container_label pointer\" onclick=\"footnote_expand_collapse_reference_container_13359_1();\">Notes<\/span><span role=\"button\" tabindex=\"0\" class=\"footnote_reference_container_collapse_button\" style=\"display: none;\" onclick=\"footnote_expand_collapse_reference_container_13359_1();\">[<a id=\"footnote_reference_container_collapse_button_13359_1\">+<\/a>]<\/span><\/p><\/div> <div id=\"footnote_references_container_13359_1\" style=\"\"><table class=\"footnotes_table footnote-reference-container\"><caption class=\"accessibility\">Notes<\/caption> <tbody> \r\n\r\n<tr class=\"footnotes_plugin_reference_row\"> <th scope=\"row\" id=\"footnote_plugin_reference_13359_1_1\" class=\"footnote_plugin_index pointer\" onclick=\"footnote_moveToAnchor_13359_1('footnote_plugin_tooltip_13359_1_1');\"><a role=\"button\" tabindex=\"0\" class=\"footnote_plugin_link\" ><span class=\"footnote_index_arrow\">&#8593;<\/span>1<\/a><\/th> <td class=\"footnote_plugin_text\">L\u2019approche adopt\u00e9e se focalise principalement sur les b\u00e9n\u00e9fices environnementaux du recyclage.<\/td><\/tr>\r\n\r\n<tr class=\"footnotes_plugin_reference_row\"> <th scope=\"row\" id=\"footnote_plugin_reference_13359_1_2\" class=\"footnote_plugin_index pointer\" onclick=\"footnote_moveToAnchor_13359_1('footnote_plugin_tooltip_13359_1_2');\"><a role=\"button\" tabindex=\"0\" class=\"footnote_plugin_link\" ><span class=\"footnote_index_arrow\">&#8593;<\/span>2<\/a><\/th> <td class=\"footnote_plugin_text\">www.la-croix.com\/Actualite\/Economie-Entreprises\/Economie\/Electronique-grand-public-les-depenses-mondiales-en-hausse-de-1-en-2014-2015-01-05-1262006<\/td><\/tr>\r\n\r\n<tr class=\"footnotes_plugin_reference_row\"> <th scope=\"row\" id=\"footnote_plugin_reference_13359_1_3\" class=\"footnote_plugin_index pointer\" onclick=\"footnote_moveToAnchor_13359_1('footnote_plugin_tooltip_13359_1_3');\"><a role=\"button\" tabindex=\"0\" class=\"footnote_plugin_link\" ><span class=\"footnote_index_arrow\">&#8593;<\/span>3<\/a><\/th> <td class=\"footnote_plugin_text\">www.sita.fr\/deee<\/td><\/tr>\r\n\r\n<tr class=\"footnotes_plugin_reference_row\"> <th scope=\"row\" id=\"footnote_plugin_reference_13359_1_4\" class=\"footnote_plugin_index pointer\" onclick=\"footnote_moveToAnchor_13359_1('footnote_plugin_tooltip_13359_1_4');\"><a role=\"button\" tabindex=\"0\" class=\"footnote_plugin_link\" ><span class=\"footnote_index_arrow\">&#8593;<\/span>4<\/a><\/th> <td class=\"footnote_plugin_text\">Les DEEE se partagent \u00e0 parts \u00e9gales entre d\u00e9chets \u00e9lectroniques (10 % de t\u00e9l\u00e9viseurs, 25 % d&rsquo;ordinateurs et mat\u00e9riels connexes et t\u00e9l\u00e9phones, 15 % de mat\u00e9riel hi-fi) et d\u00e9chets \u00e9lectriques (20 % de r\u00e9frig\u00e9rateurs et 30 % d&rsquo;autres \u00e9quipements \u00e9lectrom\u00e9nagers).<\/td><\/tr>\r\n\r\n<tr class=\"footnotes_plugin_reference_row\"> <th scope=\"row\" id=\"footnote_plugin_reference_13359_1_5\" class=\"footnote_plugin_index pointer\" onclick=\"footnote_moveToAnchor_13359_1('footnote_plugin_tooltip_13359_1_5');\"><a role=\"button\" tabindex=\"0\" class=\"footnote_plugin_link\" ><span class=\"footnote_index_arrow\">&#8593;<\/span>5<\/a><\/th> <td class=\"footnote_plugin_text\">HOUDAYER H\u00e9l\u00e8ne, \u00ab Les d\u00e9chets, m\u00e9tamorphoses et arts de d\u00e9choir \u00bb, Soci\u00e9t\u00e9s, 2013, Vol. CXIX, n\u00b01, pp.63-70.<\/td><\/tr>\r\n\r\n<tr class=\"footnotes_plugin_reference_row\"> <th scope=\"row\" id=\"footnote_plugin_reference_13359_1_6\" class=\"footnote_plugin_index pointer\" onclick=\"footnote_moveToAnchor_13359_1('footnote_plugin_tooltip_13359_1_6');\"><a role=\"button\" tabindex=\"0\" class=\"footnote_plugin_link\" ><span class=\"footnote_index_arrow\">&#8593;<\/span>6<\/a><\/th> <td class=\"footnote_plugin_text\">RAMADE Fran\u00e7ois, <em>Introduction \u00e0 l&rsquo;\u00e9cochimie : Les substances  chimiques  de  l&rsquo;\u00e9cosph\u00e8re  \u00e0  l&rsquo;homme<\/em>, Paris : Lavoisier, 2011, 828 p.<\/td><\/tr>\r\n\r\n<tr class=\"footnotes_plugin_reference_row\"> <th scope=\"row\" id=\"footnote_plugin_reference_13359_1_7\" class=\"footnote_plugin_index pointer\" onclick=\"footnote_moveToAnchor_13359_1('footnote_plugin_tooltip_13359_1_7');\"><a role=\"button\" tabindex=\"0\" class=\"footnote_plugin_link\" ><span class=\"footnote_index_arrow\">&#8593;<\/span>7<\/a><\/th> <td class=\"footnote_plugin_text\">www.focus.de<\/td><\/tr>\r\n\r\n<tr class=\"footnotes_plugin_reference_row\"> <th scope=\"row\" id=\"footnote_plugin_reference_13359_1_8\" class=\"footnote_plugin_index pointer\" onclick=\"footnote_moveToAnchor_13359_1('footnote_plugin_tooltip_13359_1_8');\"><a role=\"button\" tabindex=\"0\" class=\"footnote_plugin_link\" ><span class=\"footnote_index_arrow\">&#8593;<\/span>8<\/a><\/th> <td class=\"footnote_plugin_text\">DE GUILLEBON Benoit, BIHOUIX Philippe, <em>Quel futur pour les m\u00e9taux ? : Rar\u00e9faction des m\u00e9taux : un nouveau d\u00e9fi pour la soci\u00e9t\u00e9<\/em>, Les Ulis : EDP Sciences, 2010, 299 pages.<\/td><\/tr>\r\n\r\n <\/tbody> <\/table> <\/div><\/div><script type=\"text\/javascript\"> function footnote_expand_reference_container_13359_1() { jQuery('#footnote_references_container_13359_1').show(); jQuery('#footnote_reference_container_collapse_button_13359_1').text('\u2212'); } function footnote_collapse_reference_container_13359_1() { jQuery('#footnote_references_container_13359_1').hide(); jQuery('#footnote_reference_container_collapse_button_13359_1').text('+'); } function footnote_expand_collapse_reference_container_13359_1() { if (jQuery('#footnote_references_container_13359_1').is(':hidden')) { footnote_expand_reference_container_13359_1(); } else { footnote_collapse_reference_container_13359_1(); } } function footnote_moveToReference_13359_1(p_str_TargetID) { footnote_expand_reference_container_13359_1(); var l_obj_Target = jQuery('#' + p_str_TargetID); if (l_obj_Target.length) { jQuery( 'html, body' ).delay( 0 ); jQuery('html, body').animate({ scrollTop: l_obj_Target.offset().top - window.innerHeight * 0.2 }, 380); } } function footnote_moveToAnchor_13359_1(p_str_TargetID) { footnote_expand_reference_container_13359_1(); var l_obj_Target = jQuery('#' + p_str_TargetID); if (l_obj_Target.length) { jQuery( 'html, body' ).delay( 0 ); jQuery('html, body').animate({ scrollTop: l_obj_Target.offset().top - window.innerHeight * 0.2 }, 380); } }<\/script>","protected":false},"excerpt":{"rendered":"<p>Une meilleure gestion des d\u00e9chets d\u2019\u00e9quipements \u00e9lectriques et \u00e9lectroniques (DEEE) est aujourd\u2019hui indispensable, tant pour des raisons environnementales et sociales qu\u2019\u00e9conomiques. Au cadre l\u00e9gislatif devant \u00eatre mis en place aux niveaux europ\u00e9en et national doivent r\u00e9pondre des engagements concrets de la part des entreprises et des gestes quotidiens des citoyens<\/p>","protected":false},"author":62,"featured_media":13358,"comment_status":"closed","ping_status":"open","sticky":false,"template":"","format":"standard","meta":{"_acf_changed":false,"_seopress_robots_primary_cat":"","_seopress_titles_title":"","_seopress_titles_desc":"","_seopress_robots_index":"","footnotes":""},"categories":[2722],"tags":[2831,2795,2814,2845,2821,2832,2811],"class_list":["post-13359","post","type-post","status-publish","format-standard","has-post-thumbnail","hentry","category-articles-nos-publications","tag-acteurs-economiques","tag-article","tag-developpement-durable","tag-ecologie","tag-economie","tag-responsabilite-du-consommateur","tag-ressources-naturelles"],"acf":[],"_links":{"self":[{"href":"https:\/\/www.justicepaix.be\/en\/wp-json\/wp\/v2\/posts\/13359","targetHints":{"allow":["GET"]}}],"collection":[{"href":"https:\/\/www.justicepaix.be\/en\/wp-json\/wp\/v2\/posts"}],"about":[{"href":"https:\/\/www.justicepaix.be\/en\/wp-json\/wp\/v2\/types\/post"}],"author":[{"embeddable":true,"href":"https:\/\/www.justicepaix.be\/en\/wp-json\/wp\/v2\/users\/62"}],"replies":[{"embeddable":true,"href":"https:\/\/www.justicepaix.be\/en\/wp-json\/wp\/v2\/comments?post=13359"}],"version-history":[{"count":0,"href":"https:\/\/www.justicepaix.be\/en\/wp-json\/wp\/v2\/posts\/13359\/revisions"}],"wp:featuredmedia":[{"embeddable":true,"href":"https:\/\/www.justicepaix.be\/en\/wp-json\/wp\/v2\/media\/13358"}],"wp:attachment":[{"href":"https:\/\/www.justicepaix.be\/en\/wp-json\/wp\/v2\/media?parent=13359"}],"wp:term":[{"taxonomy":"category","embeddable":true,"href":"https:\/\/www.justicepaix.be\/en\/wp-json\/wp\/v2\/categories?post=13359"},{"taxonomy":"post_tag","embeddable":true,"href":"https:\/\/www.justicepaix.be\/en\/wp-json\/wp\/v2\/tags?post=13359"}],"curies":[{"name":"wp","href":"https:\/\/api.w.org\/{rel}","templated":true}]}}