{"id":13222,"date":"2015-06-01T15:16:52","date_gmt":"2015-06-01T15:16:52","guid":{"rendered":"https:\/\/demop.netbaz.be\/2021\/jp\/2015\/06\/01\/le-burundi-au-bord-de-l-implosion\/"},"modified":"2021-04-14T11:46:45","modified_gmt":"2021-04-14T11:46:45","slug":"le-burundi-au-bord-de-l-implosion","status":"publish","type":"post","link":"https:\/\/www.justicepaix.be\/en\/le-burundi-au-bord-de-l-implosion\/","title":{"rendered":"Burundi on the verge of implosion"},"content":{"rendered":"<p class=\"post_excerpt\">Quinze ans apr\u00e8s les accords d\u2019Arusha, des tensions parcourent de nouveau le Burundi qui doit choisir son pr\u00e9sident. La candidature, pour un troisi\u00e8me mandat, de Pierre Nkurunziza est la goutte qui a fait d\u00e9border le vase et provoqu\u00e9 une tentative de putsch. Les Burundais n\u2019aspirent pourtant qu\u2019\u00e0 la paix.<\/p>\n\n\n<!--more-->\n<a href=\"http:\/\/demop.netbaz.be\/2021\/jp\/wp-content\/uploads\/2015\/06\/pdf_2015-06_lappel_le_Burundi_au_bord_de_limplosion.pdf\">Burundi on the verge of implosion<\/a><div id='gallery-1' class='gallery galleryid-13222 gallery-columns-3 gallery-size-thumbnail'><figure class='gallery-item'>\n\t\t\t<div class='gallery-icon portrait'>\n\t\t\t\t<a href='https:\/\/www.justicepaix.be\/wp-content\/uploads\/2015\/06\/jpg_2015-06_lappel_le_Burundi_au_bord_de_limplosion-1.jpg'><img decoding=\"async\" width=\"150\" height=\"150\" src=\"https:\/\/www.justicepaix.be\/wp-content\/uploads\/2015\/06\/jpg_2015-06_lappel_le_Burundi_au_bord_de_limplosion-1-150x150.jpg\" class=\"attachment-thumbnail size-thumbnail\" alt=\"2015-06_lappel_le_Burundi_au_bord_de_limplosion-1.jpg\" \/><\/a>\n\t\t\t<\/div><\/figure>\n\t\t<\/div>\n\n<h2 class=\"wp-block-heading\">Attachments<\/h2>\n\n\n\n<div class=\"wp-block-file\"><a href=\"http:\/\/demop.netbaz.be\/2021\/jp\/wp-content\/uploads\/2015\/06\/pdf_2015-06_lappel_le_Burundi_au_bord_de_limplosion.pdf\">Burundi on the verge of implosion<\/a><\/div>","protected":false},"excerpt":{"rendered":"<p>Quinze ans apr\u00e8s les accords d\u2019Arusha, des tensions parcourent de nouveau le Burundi qui doit choisir son pr\u00e9sident. La candidature, pour un troisi\u00e8me mandat, de Pierre Nkurunziza est la goutte qui a fait d\u00e9border le vase et provoqu\u00e9 une tentative de putsch. Les Burundais n\u2019aspirent pourtant qu\u2019\u00e0 la paix.<\/p>","protected":false},"author":62,"featured_media":13220,"comment_status":"closed","ping_status":"open","sticky":false,"template":"","format":"standard","meta":{"_acf_changed":false,"_seopress_robots_primary_cat":"","_seopress_titles_title":"","_seopress_titles_desc":"","_seopress_robots_index":"","footnotes":""},"categories":[2846,2686],"tags":[2698,2835,2803,2825],"class_list":["post-13222","post","type-post","status-publish","format-standard","has-post-thumbnail","hentry","category-dans-les-medias","category-pre-2015","tag-burundi","tag-democratie","tag-elections","tag-prevention-des-conflits"],"acf":[],"_links":{"self":[{"href":"https:\/\/www.justicepaix.be\/en\/wp-json\/wp\/v2\/posts\/13222","targetHints":{"allow":["GET"]}}],"collection":[{"href":"https:\/\/www.justicepaix.be\/en\/wp-json\/wp\/v2\/posts"}],"about":[{"href":"https:\/\/www.justicepaix.be\/en\/wp-json\/wp\/v2\/types\/post"}],"author":[{"embeddable":true,"href":"https:\/\/www.justicepaix.be\/en\/wp-json\/wp\/v2\/users\/62"}],"replies":[{"embeddable":true,"href":"https:\/\/www.justicepaix.be\/en\/wp-json\/wp\/v2\/comments?post=13222"}],"version-history":[{"count":0,"href":"https:\/\/www.justicepaix.be\/en\/wp-json\/wp\/v2\/posts\/13222\/revisions"}],"wp:featuredmedia":[{"embeddable":true,"href":"https:\/\/www.justicepaix.be\/en\/wp-json\/wp\/v2\/media\/13220"}],"wp:attachment":[{"href":"https:\/\/www.justicepaix.be\/en\/wp-json\/wp\/v2\/media?parent=13222"}],"wp:term":[{"taxonomy":"category","embeddable":true,"href":"https:\/\/www.justicepaix.be\/en\/wp-json\/wp\/v2\/categories?post=13222"},{"taxonomy":"post_tag","embeddable":true,"href":"https:\/\/www.justicepaix.be\/en\/wp-json\/wp\/v2\/tags?post=13222"}],"curies":[{"name":"wp","href":"https:\/\/api.w.org\/{rel}","templated":true}]}}