{"id":13074,"date":"2015-04-18T12:43:00","date_gmt":"2015-04-18T12:43:00","guid":{"rendered":"https:\/\/demop.netbaz.be\/2021\/jp\/2015\/04\/18\/minerais-du-sang-faible-progres\/"},"modified":"2021-04-14T11:46:42","modified_gmt":"2021-04-14T11:46:42","slug":"minerais-du-sang-faible-progres","status":"publish","type":"post","link":"https:\/\/www.justicepaix.be\/en\/minerais-du-sang-faible-progres\/","title":{"rendered":"Blood ores: low progress"},"content":{"rendered":"<p class=\"post_excerpt\">C&rsquo;est une premi\u00e8re bataille politique et \u00e9thique qui s\u2019est jou\u00e9e ce mardi 14 avril 2015 en commission Commerce international du Parlement europ\u00e9en, sur le projet de l\u00e9gislation qui vise \u00e0 rompre le lien entre l\u2019exploitation et le commerce de certains minerais et les conflits arm\u00e9s. La commission a approuv\u00e9, moyennant un tr\u00e8s l\u00e9ger durcissement, le projet qui avait \u00e9t\u00e9 propos\u00e9 par la Commission europ\u00e9enne. <\/p>\n\n\n<!--more-->\n<a href=\"http:\/\/demop.netbaz.be\/2021\/jp\/wp-content\/uploads\/2015\/04\/pdf_Le_soir_minerais_du_sang_faible_progres.pdf\">Blood ores: low progress<\/a>\n\nLire aussi:\n&#8211; Campagne de Justice et Paix <a href=\"https:\/\/www.justicepaix.be\/en\/minerais-de-conflits\/\">Minerais des conflits.<\/a>\n&#8211; Articles sur les <a href=\"\/en\/mot6\/\">natural resources<\/a>\n<h2 class=\"wp-block-heading\">Attachments<\/h2>\n\n\n\n<div class=\"wp-block-file\"><a href=\"http:\/\/demop.netbaz.be\/2021\/jp\/wp-content\/uploads\/2015\/04\/pdf_Le_soir_minerais_du_sang_faible_progres.pdf\">Blood ores: low progress<\/a><\/div>","protected":false},"excerpt":{"rendered":"<p>C&rsquo;est une premi\u00e8re bataille politique et \u00e9thique qui s\u2019est jou\u00e9e ce mardi 14 avril 2015 en commission Commerce international du Parlement europ\u00e9en, sur le projet de l\u00e9gislation qui vise \u00e0 rompre le lien entre l\u2019exploitation et le commerce de certains minerais et les conflits arm\u00e9s. La commission a approuv\u00e9, moyennant un tr\u00e8s l\u00e9ger durcissement, le [&hellip;]<\/p>\n","protected":false},"author":62,"featured_media":13072,"comment_status":"closed","ping_status":"open","sticky":false,"template":"","format":"standard","meta":{"_acf_changed":false,"_seopress_robots_primary_cat":"","_seopress_titles_title":"","_seopress_titles_desc":"","_seopress_robots_index":"","footnotes":""},"categories":[2846,2686],"tags":[2831,2825,2811,2834],"class_list":["post-13074","post","type-post","status-publish","format-standard","has-post-thumbnail","hentry","category-dans-les-medias","category-pre-2015","tag-acteurs-economiques","tag-prevention-des-conflits","tag-ressources-naturelles","tag-union-europeenne"],"acf":[],"_links":{"self":[{"href":"https:\/\/www.justicepaix.be\/en\/wp-json\/wp\/v2\/posts\/13074","targetHints":{"allow":["GET"]}}],"collection":[{"href":"https:\/\/www.justicepaix.be\/en\/wp-json\/wp\/v2\/posts"}],"about":[{"href":"https:\/\/www.justicepaix.be\/en\/wp-json\/wp\/v2\/types\/post"}],"author":[{"embeddable":true,"href":"https:\/\/www.justicepaix.be\/en\/wp-json\/wp\/v2\/users\/62"}],"replies":[{"embeddable":true,"href":"https:\/\/www.justicepaix.be\/en\/wp-json\/wp\/v2\/comments?post=13074"}],"version-history":[{"count":0,"href":"https:\/\/www.justicepaix.be\/en\/wp-json\/wp\/v2\/posts\/13074\/revisions"}],"wp:featuredmedia":[{"embeddable":true,"href":"https:\/\/www.justicepaix.be\/en\/wp-json\/wp\/v2\/media\/13072"}],"wp:attachment":[{"href":"https:\/\/www.justicepaix.be\/en\/wp-json\/wp\/v2\/media?parent=13074"}],"wp:term":[{"taxonomy":"category","embeddable":true,"href":"https:\/\/www.justicepaix.be\/en\/wp-json\/wp\/v2\/categories?post=13074"},{"taxonomy":"post_tag","embeddable":true,"href":"https:\/\/www.justicepaix.be\/en\/wp-json\/wp\/v2\/tags?post=13074"}],"curies":[{"name":"wp","href":"https:\/\/api.w.org\/{rel}","templated":true}]}}