{"id":12994,"date":"2015-03-09T15:30:58","date_gmt":"2015-03-09T15:30:58","guid":{"rendered":"https:\/\/demop.netbaz.be\/2021\/jp\/2015\/03\/09\/au-kivu-une-paix-relative-une-economie-au-ralenti\/"},"modified":"2021-04-14T11:46:41","modified_gmt":"2021-04-14T11:46:41","slug":"in-kivu-relative-peace-a-slow-economy","status":"publish","type":"post","link":"https:\/\/www.justicepaix.be\/en\/au-kivu-une-paix-relative-une-economie-au-ralenti\/","title":{"rendered":"In Kivu: relative peace, a slow economy"},"content":{"rendered":"<p class=\"post_excerpt\">After two decades of bloody conflicts and hundreds of thousands of deaths, Kivu, in eastern Congo, seems to have returned to peace for a year. A relative peace which has not \u2013 for the moment \u2013 made it possible to revive economic activity or energize political life. Last January, this region was the focus of anti-Kabila riots.<\/p>\n\n\n<!--more-->\n<a href=\"http:\/\/demop.netbaz.be\/2021\/jp\/wp-content\/uploads\/2015\/03\/pdf_2015-03_Imagine_reportage_au_kivu.pdf\">In Kivu: relative peace, a slow economy<\/a><div id='gallery-1' class='gallery galleryid-12994 gallery-columns-3 gallery-size-thumbnail'><figure class='gallery-item'>\n\t\t\t<div class='gallery-icon landscape'>\n\t\t\t\t<a href='https:\/\/www.justicepaix.be\/wp-content\/uploads\/2015\/03\/jpg_2015-03_Imagine_reportage_au_kivu_H400.jpg'><img decoding=\"async\" width=\"150\" height=\"150\" src=\"https:\/\/www.justicepaix.be\/wp-content\/uploads\/2015\/03\/jpg_2015-03_Imagine_reportage_au_kivu_H400-150x150.jpg\" class=\"attachment-thumbnail size-thumbnail\" alt=\"2015-03_Imagine_reportage_au_kivu_H400.jpg\" \/><\/a>\n\t\t\t<\/div><\/figure>\n\t\t<\/div>\n\n<h2 class=\"wp-block-heading\">Attachments<\/h2>\n\n\n\n<div class=\"wp-block-file\"><a href=\"http:\/\/demop.netbaz.be\/2021\/jp\/wp-content\/uploads\/2015\/03\/pdf_2015-03_Imagine_reportage_au_kivu.pdf\">In Kivu: relative peace, a slow economy<\/a><\/div>","protected":false},"excerpt":{"rendered":"<p>Apr\u00e8s deux d\u00e9cennies de conflits sanglants et des centaines de milliers de morts, le Kivu, dans l\u2019est du Congo, semble renouer avec la paix depuis un an. Une paix relative qui n\u2019a pas \u2013 pour l\u2019instant \u2013 permis de relancer l\u2019activit\u00e9 \u00e9conomique ni de dynamiser la vie politique. En janvier dernier, cette r\u00e9gion \u00e9tait le [&hellip;]<\/p>\n","protected":false},"author":62,"featured_media":12992,"comment_status":"closed","ping_status":"open","sticky":false,"template":"","format":"standard","meta":{"_acf_changed":false,"_seopress_robots_primary_cat":"","_seopress_titles_title":"","_seopress_titles_desc":"","_seopress_robots_index":"","footnotes":""},"categories":[2846,2686],"tags":[2825,2792],"class_list":["post-12994","post","type-post","status-publish","format-standard","has-post-thumbnail","hentry","category-dans-les-medias","category-pre-2015","tag-prevention-des-conflits","tag-rd-congo"],"acf":[],"_links":{"self":[{"href":"https:\/\/www.justicepaix.be\/en\/wp-json\/wp\/v2\/posts\/12994","targetHints":{"allow":["GET"]}}],"collection":[{"href":"https:\/\/www.justicepaix.be\/en\/wp-json\/wp\/v2\/posts"}],"about":[{"href":"https:\/\/www.justicepaix.be\/en\/wp-json\/wp\/v2\/types\/post"}],"author":[{"embeddable":true,"href":"https:\/\/www.justicepaix.be\/en\/wp-json\/wp\/v2\/users\/62"}],"replies":[{"embeddable":true,"href":"https:\/\/www.justicepaix.be\/en\/wp-json\/wp\/v2\/comments?post=12994"}],"version-history":[{"count":0,"href":"https:\/\/www.justicepaix.be\/en\/wp-json\/wp\/v2\/posts\/12994\/revisions"}],"wp:featuredmedia":[{"embeddable":true,"href":"https:\/\/www.justicepaix.be\/en\/wp-json\/wp\/v2\/media\/12992"}],"wp:attachment":[{"href":"https:\/\/www.justicepaix.be\/en\/wp-json\/wp\/v2\/media?parent=12994"}],"wp:term":[{"taxonomy":"category","embeddable":true,"href":"https:\/\/www.justicepaix.be\/en\/wp-json\/wp\/v2\/categories?post=12994"},{"taxonomy":"post_tag","embeddable":true,"href":"https:\/\/www.justicepaix.be\/en\/wp-json\/wp\/v2\/tags?post=12994"}],"curies":[{"name":"wp","href":"https:\/\/api.w.org\/{rel}","templated":true}]}}