{"id":12813,"date":"2014-10-15T11:51:00","date_gmt":"2014-10-15T11:51:00","guid":{"rendered":"https:\/\/demop.netbaz.be\/2021\/jp\/2014\/10\/15\/71-eveques-denoncent-l-exploitation-abusive-des-ressources-naturelles\/"},"modified":"2014-10-15T11:51:00","modified_gmt":"2014-10-15T11:51:00","slug":"71-bishops-denounce-the-abusive-exploitation-of-natural-resources","status":"publish","type":"post","link":"https:\/\/www.justicepaix.be\/en\/71-eveques-denoncent-l-exploitation-abusive-des-ressources-naturelles\/","title":{"rendered":"71 bishops denounce the abusive exploitation of natural resources"},"content":{"rendered":"<p class=\"post_excerpt\">71 bishops around the world have spoken out in favor of a mandatory and responsible European regulation against \u201cconflict minerals\u201d. An opinion carried by Justice and Peace and CIDSE.<\/p>\n<p><!--more--><br \/>\n<a href=\"http:\/\/info.catho.be\/2014\/10\/14\/71-eveques-denoncent-lexploitation-abusive-des-ressources-naturelles\/#.VD5DNvl_uCk\">Read more<\/a><\/p>","protected":false},"excerpt":{"rendered":"<p>71 \u00e9v\u00eaques \u00e0 travers le monde se sont prononc\u00e9s en faveur d\u2019un r\u00e8glement europ\u00e9en obligatoire et responsable contre les \u00ab minerais des conflits \u00bb. Une opinion port\u00e9e par Justice et Paix et la CIDSE.<\/p>","protected":false},"author":1,"featured_media":0,"comment_status":"closed","ping_status":"open","sticky":false,"template":"","format":"standard","meta":{"_acf_changed":false,"_seopress_robots_primary_cat":"","_seopress_titles_title":"","_seopress_titles_desc":"","_seopress_robots_index":"","footnotes":""},"categories":[2846,2686],"tags":[2811,2834],"class_list":["post-12813","post","type-post","status-publish","format-standard","hentry","category-dans-les-medias","category-pre-2015","tag-ressources-naturelles","tag-union-europeenne"],"acf":[],"_links":{"self":[{"href":"https:\/\/www.justicepaix.be\/en\/wp-json\/wp\/v2\/posts\/12813","targetHints":{"allow":["GET"]}}],"collection":[{"href":"https:\/\/www.justicepaix.be\/en\/wp-json\/wp\/v2\/posts"}],"about":[{"href":"https:\/\/www.justicepaix.be\/en\/wp-json\/wp\/v2\/types\/post"}],"author":[{"embeddable":true,"href":"https:\/\/www.justicepaix.be\/en\/wp-json\/wp\/v2\/users\/1"}],"replies":[{"embeddable":true,"href":"https:\/\/www.justicepaix.be\/en\/wp-json\/wp\/v2\/comments?post=12813"}],"version-history":[{"count":0,"href":"https:\/\/www.justicepaix.be\/en\/wp-json\/wp\/v2\/posts\/12813\/revisions"}],"wp:attachment":[{"href":"https:\/\/www.justicepaix.be\/en\/wp-json\/wp\/v2\/media?parent=12813"}],"wp:term":[{"taxonomy":"category","embeddable":true,"href":"https:\/\/www.justicepaix.be\/en\/wp-json\/wp\/v2\/categories?post=12813"},{"taxonomy":"post_tag","embeddable":true,"href":"https:\/\/www.justicepaix.be\/en\/wp-json\/wp\/v2\/tags?post=12813"}],"curies":[{"name":"wp","href":"https:\/\/api.w.org\/{rel}","templated":true}]}}