{"id":12581,"date":"2014-03-14T09:45:46","date_gmt":"2014-03-14T09:45:46","guid":{"rendered":"https:\/\/demop.netbaz.be\/2021\/jp\/2014\/03\/14\/pour-deminer-le-secteur-minier-dans-les-pays-du-sud\/"},"modified":"2021-04-14T11:45:46","modified_gmt":"2021-04-14T11:45:46","slug":"pour-deminer-le-secteur-minier-dans-les-pays-du-sud","status":"publish","type":"post","link":"https:\/\/www.justicepaix.be\/en\/pour-deminer-le-secteur-minier-dans-les-pays-du-sud\/","title":{"rendered":"To demine the mining sector in the countries of the South"},"content":{"rendered":"<p class=\"post_excerpt\">Au c\u0153ur du syst\u00e8me n\u00e9olib\u00e9ral, ce sont les acteurs priv\u00e9s qui r\u00e8gnent en ma\u00eetres sur les activit\u00e9s \u00e9conomiques. Un dialogue est-il possible avec ces acteurs, particuli\u00e8rement ceux ayant des activit\u00e9s li\u00e9es au secteur extractif, pourtant consid\u00e9r\u00e9 comme \u00ab sensible \u00bb au regard de b\u00e9n\u00e9fices records qui y sont engrang\u00e9s et des impacts n\u00e9gatifs qu\u2019il peut entra\u00eener dans les pays du Sud ?<\/p>\n\n\n<!--more-->\nComme beaucoup d\u2019organisations de la soci\u00e9t\u00e9 civile, <em>Justice and Peace<\/em> s\u2019interroge sur les impasses du mod\u00e8le \u00e9conomique actuel.  Une opinion de Santiago Fischer, charg\u00e9 de plaidoyer.\n\n<a href=\"http:\/\/demop.netbaz.be\/2021\/jp\/wp-content\/uploads\/2014\/03\/pdf_Echo14032014.pdf\">Read the article<\/a>\n<h2 class=\"wp-block-heading\">Attachments<\/h2>\n\n\n\n<div class=\"wp-block-file\"><a href=\"http:\/\/demop.netbaz.be\/2021\/jp\/wp-content\/uploads\/2013\/10\/pdf__FR_afficherouge-2.pdf\">Affiche<\/a><\/div>\n\n\n\n<div class=\"wp-block-file\"><a href=\"http:\/\/demop.netbaz.be\/2021\/jp\/wp-content\/uploads\/2014\/03\/pdf_Echo14032014.pdf\">Read the article<\/a><\/div>","protected":false},"excerpt":{"rendered":"<p>Au c\u0153ur du syst\u00e8me n\u00e9olib\u00e9ral, ce sont les acteurs priv\u00e9s qui r\u00e8gnent en ma\u00eetres sur les activit\u00e9s \u00e9conomiques. Un dialogue est-il possible avec ces acteurs, particuli\u00e8rement ceux ayant des activit\u00e9s li\u00e9es au secteur extractif, pourtant consid\u00e9r\u00e9 comme \u00ab sensible \u00bb au regard de b\u00e9n\u00e9fices records qui y sont engrang\u00e9s et des impacts n\u00e9gatifs qu\u2019il peut [&hellip;]<\/p>\n","protected":false},"author":1,"featured_media":0,"comment_status":"closed","ping_status":"open","sticky":false,"template":"","format":"standard","meta":{"_acf_changed":false,"_seopress_robots_primary_cat":"","_seopress_titles_title":"","_seopress_titles_desc":"","_seopress_robots_index":"","footnotes":""},"categories":[2846,2686],"tags":[2831,2811],"class_list":["post-12581","post","type-post","status-publish","format-standard","hentry","category-dans-les-medias","category-pre-2015","tag-acteurs-economiques","tag-ressources-naturelles"],"acf":[],"_links":{"self":[{"href":"https:\/\/www.justicepaix.be\/en\/wp-json\/wp\/v2\/posts\/12581","targetHints":{"allow":["GET"]}}],"collection":[{"href":"https:\/\/www.justicepaix.be\/en\/wp-json\/wp\/v2\/posts"}],"about":[{"href":"https:\/\/www.justicepaix.be\/en\/wp-json\/wp\/v2\/types\/post"}],"author":[{"embeddable":true,"href":"https:\/\/www.justicepaix.be\/en\/wp-json\/wp\/v2\/users\/1"}],"replies":[{"embeddable":true,"href":"https:\/\/www.justicepaix.be\/en\/wp-json\/wp\/v2\/comments?post=12581"}],"version-history":[{"count":0,"href":"https:\/\/www.justicepaix.be\/en\/wp-json\/wp\/v2\/posts\/12581\/revisions"}],"wp:attachment":[{"href":"https:\/\/www.justicepaix.be\/en\/wp-json\/wp\/v2\/media?parent=12581"}],"wp:term":[{"taxonomy":"category","embeddable":true,"href":"https:\/\/www.justicepaix.be\/en\/wp-json\/wp\/v2\/categories?post=12581"},{"taxonomy":"post_tag","embeddable":true,"href":"https:\/\/www.justicepaix.be\/en\/wp-json\/wp\/v2\/tags?post=12581"}],"curies":[{"name":"wp","href":"https:\/\/api.w.org\/{rel}","templated":true}]}}