{"id":12507,"date":"2014-01-21T21:13:26","date_gmt":"2014-01-21T21:13:26","guid":{"rendered":"https:\/\/demop.netbaz.be\/2021\/jp\/2014\/01\/21\/chiapas-etat-des-lieux-vingt-ans-apres-le-soulevement-zapatiste-778\/"},"modified":"2021-04-14T11:45:44","modified_gmt":"2021-04-14T11:45:44","slug":"chiapas-state-of-affairs-twenty-years-after-the-zapatista-uprising-778","status":"publish","type":"post","link":"https:\/\/www.justicepaix.be\/en\/chiapas-etat-des-lieux-vingt-ans-apres-le-soulevement-zapatiste-778\/","title":{"rendered":"Chiapas: state of play twenty years after the Zapatista uprising"},"content":{"rendered":"\n\n<p class=\"post_excerpt\">Le 1er janvier 1994, l\u2019arm\u00e9e zapatiste de lib\u00e9ration nationale (Ejercito Zapatista de Liberaci\u00f3n Nacional : EZLN) se fait conna\u00eetre du monde en prenant les armes dans la province du Chiapas, au Mexique. Ces indig\u00e8nes encagoul\u00e9s se r\u00e9voltent contre la pauvret\u00e9 et l\u2019exclusion sociale dont ils se disent victimes depuis plus de 500 ans. La date de leur soul\u00e8vement n\u2019est pas choisie au hasard. C\u2019est ce m\u00eame jour qu\u2019entre en vigueur l\u2019Accord de Libre Echange Nord-Am\u00e9ricain (ALENA). <\/p>\n\n\n<!--more-->\nDepuis lors, le mouvement zapatiste s\u2019organise pour r\u00e9sister \u00e0 la strat\u00e9gie de contre-insurrection du gouvernement mais aussi \u00e0 sa politique n\u00e9olib\u00e9rale mat\u00e9rialis\u00e9e notamment par le \u00ab Projet d\u2019int\u00e9gration et de d\u00e9veloppement M\u00e9so-am\u00e9ricain \u00bb. Vingt ans apr\u00e8s le soul\u00e8vement de l\u2019EZLN, retour sur ce mouvement riche en enseignements pour tous ceux qui aspirent \u00e0 la r\u00e9alisation effective des droits fondamentaux.\n\n\n<bloc>Les raisons du soul\u00e8vement\n\nBien que le Mexique soit class\u00e9 quatorzi\u00e8me pays le plus riche de la plan\u00e8te en termes de PIB au d\u00e9but des ann\u00e9es \u201990, cela ne se ressent pas dans le niveau de vie de certaines communaut\u00e9s indig\u00e8nes du Chiapas. En effet, les richesses du pays sont tr\u00e8s in\u00e9galement r\u00e9parties. \n\nDans les campagnes, o\u00f9 r\u00e9side la majorit\u00e9 des indig\u00e8nes chiapan\u00e8ques (Tseltal, Tsotsil, Ch&rsquo;ol, Zoque, Tojolabal), les conditions de vie sont difficiles et l\u2019acc\u00e8s aux services de base restreint, bien que la r\u00e9gion soit tr\u00e8s riche en ressources naturelles (minerais, bois, eau, biodiversit\u00e9). La pauvret\u00e9 se traduit par une mortalit\u00e9 infantile largement sup\u00e9rieure \u00e0 la moyenne nationale, notamment due au manque d\u2019acc\u00e8s \u00e0 une nourriture vari\u00e9e. \n\nD\u2019apr\u00e8s le rapport faisant suite \u00e0 la visite au Mexique du Rapporteur sp\u00e9cial des Nations Unies sur le droit \u00e0 l&rsquo;alimentation, un enfant indig\u00e8ne sur trois de moins de cinq ans souffre de malnutrition chronique, contre un sur dix parmi les non indig\u00e8nes.<span class=\"footnote_referrer\"><a role=\"button\" tabindex=\"0\" onclick=\"footnote_moveToReference_12507_1('footnote_plugin_reference_12507_1_1');\" onkeypress=\"footnote_moveToReference_12507_1('footnote_plugin_reference_12507_1_1');\" ><sup id=\"footnote_plugin_tooltip_12507_1_1\" class=\"footnote_plugin_tooltip_text\">[1]<\/sup><\/a><span id=\"footnote_plugin_tooltip_text_12507_1_1\" class=\"footnote_tooltip\"><span class=\"footnote_url_wrap\">http:\/\/www.ohchr.org\/Documents\/HRBodies\/HRCouncil\/RegularSession\/Session19\/A-HRC-19-59-Add2_en.pdf,<\/span> consult\u00e9 le 7 novembre 2013.<\/span><\/span><script type=\"text\/javascript\"> jQuery('#footnote_plugin_tooltip_12507_1_1').tooltip({ tip: '#footnote_plugin_tooltip_text_12507_1_1', tipClass: 'footnote_tooltip', effect: 'fade', predelay: 0, fadeInSpeed: 200, delay: 400, fadeOutSpeed: 200, position: 'top center', relative: true, offset: [-7, 0], });<\/script>\n\nC\u2019est aussi au Chiapas que les enfants sont le moins longtemps scolaris\u00e9s, ce qui explique le taux d\u2019analphab\u00e9tisme le plus \u00e9lev\u00e9 du Mexique<span class=\"footnote_referrer\"><a role=\"button\" tabindex=\"0\" onclick=\"footnote_moveToReference_12507_1('footnote_plugin_reference_12507_1_2');\" onkeypress=\"footnote_moveToReference_12507_1('footnote_plugin_reference_12507_1_2');\" ><sup id=\"footnote_plugin_tooltip_12507_1_2\" class=\"footnote_plugin_tooltip_text\">[2]<\/sup><\/a><span id=\"footnote_plugin_tooltip_text_12507_1_2\" class=\"footnote_tooltip\"><span class=\"footnote_url_wrap\">http:\/\/www.sipaz.org\/es\/chiapas\/chiapas-en-datos\/402-ds-3-educacion.html,<\/span> consult\u00e9 le 7 novembre 2013.<\/span><\/span><script type=\"text\/javascript\"> jQuery('#footnote_plugin_tooltip_12507_1_2').tooltip({ tip: '#footnote_plugin_tooltip_text_12507_1_2', tipClass: 'footnote_tooltip', effect: 'fade', predelay: 0, fadeInSpeed: 200, delay: 400, fadeOutSpeed: 200, position: 'top center', relative: true, offset: [-7, 0], });<\/script>\n \n\nCette situation a r\u00e9volt\u00e9 des indig\u00e8nes chiapan\u00e8ques qui avaient d\u00e9j\u00e0 clandestinement cr\u00e9e une arm\u00e9e en 1983. Dix ans plus tard, ils d\u00e9cident donc de prendre d\u2019assaut les cinq principales villes de la r\u00e9gion. Le gouvernement mexicain de l\u2019\u00e9poque r\u00e9prime fortement la r\u00e9bellion indig\u00e8ne mais gr\u00e2ce \u00e0 la pression populaire, un cessez-le-feu est sign\u00e9 apr\u00e8s seulement douze jours de combats. \n\nS\u2019engage alors pour la premi\u00e8re fois un dialogue national entre l\u2019EZLN, le gouvernement et la soci\u00e9t\u00e9 civile sur la situation des indig\u00e8nes, gr\u00e2ce \u00e0 la m\u00e9diation de l\u2019\u00e9v\u00eaque Samuel Ruiz. Ce dialogue aboutit en 1996 aux Accords de San Andr\u00e9s, sur la  reconnaissance des \u00ab droits et cultures indig\u00e8nes \u00bb. <span class=\"footnote_referrer\"><a role=\"button\" tabindex=\"0\" onclick=\"footnote_moveToReference_12507_1('footnote_plugin_reference_12507_1_3');\" onkeypress=\"footnote_moveToReference_12507_1('footnote_plugin_reference_12507_1_3');\" ><sup id=\"footnote_plugin_tooltip_12507_1_3\" class=\"footnote_plugin_tooltip_text\">[3]<\/sup><\/a><span id=\"footnote_plugin_tooltip_text_12507_1_3\" class=\"footnote_tooltip\">Texte int\u00e9gral des <a href=\"http:\/\/www.redindigena.net\/leyes\/mex\/docs\/chia\/sanandres.html \">Accords de San Andr\u00e9s<\/a> <\/span><\/span><script type=\"text\/javascript\"> jQuery('#footnote_plugin_tooltip_12507_1_3').tooltip({ tip: '#footnote_plugin_tooltip_text_12507_1_3', tipClass: 'footnote_tooltip', effect: 'fade', predelay: 0, fadeInSpeed: 200, delay: 400, fadeOutSpeed: 200, position: 'top center', relative: true, offset: [-7, 0], });<\/script>\n\nCes accords incluent par exemple le droit de d\u00e9terminer son mode de vie et suppose ainsi le droit des indig\u00e8nes \u00e0 \u00eatre consult\u00e9s avant la mise en place de tout projet risquant d\u2019alt\u00e9rer celui-ci. Mais malgr\u00e9 cette entente, le gouvernement continue d\u2019envoyer des militaires dans les campagnes et ne respecte pas l\u2019accord conclu. En signe de protestation, L\u2019EZLN rejette les Accords de San Andr\u00e9s en 2001 et interrompt toute n\u00e9gociation avec le gouvernement.\n<\/bloc>\n\n\n<bloc>Autonomisation des communaut\u00e9s zapatistes\n\nLes communaut\u00e9s zapatistes s\u2019engagent d\u00e8s lors unilat\u00e9ralement dans un processus d\u2019autonomisation pour mettre en pratique sur les territoires qu\u2019elles contr\u00f4lent leurs treize revendications: sant\u00e9, justice, d\u00e9mocratie, toit, \u00e9ducation, terre, paix, alimentation, libert\u00e9, travail, communication, ind\u00e9pendance et culture. \n\nDans un souci de coh\u00e9rence, les communaut\u00e9s zapatistes rompent toute relation avec le gouvernement et ne b\u00e9n\u00e9ficient donc plus d\u2019aucun appui de l\u2019\u00c9tat. Par contre, les communaut\u00e9s rebelles sont accompagn\u00e9es par les membres du dioc\u00e8se de San Cristobal de las Casas qui adh\u00e8rent \u00e0 des revendications zapatistes, notamment \u00e0 \u00ab la recherche de dignit\u00e9, de justice et de paix, et dans le respect de l\u2019environnement et de la vie \u00bb. <span class=\"footnote_referrer\"><a role=\"button\" tabindex=\"0\" onclick=\"footnote_moveToReference_12507_1('footnote_plugin_reference_12507_1_4');\" onkeypress=\"footnote_moveToReference_12507_1('footnote_plugin_reference_12507_1_4');\" ><sup id=\"footnote_plugin_tooltip_12507_1_4\" class=\"footnote_plugin_tooltip_text\">[4]<\/sup><\/a><span id=\"footnote_plugin_tooltip_text_12507_1_4\" class=\"footnote_tooltip\">Entretien avec le P\u00e8re Jos\u00e9 Aviles Arriola, Vicaire de Justice et Paix \u00e0 San Cristobal de las Casas, San Cristobal de las Casas, le 25 octobre 2013.<\/span><\/span><script type=\"text\/javascript\"> jQuery('#footnote_plugin_tooltip_12507_1_4').tooltip({ tip: '#footnote_plugin_tooltip_text_12507_1_4', tipClass: 'footnote_tooltip', effect: 'fade', predelay: 0, fadeInSpeed: 200, delay: 400, fadeOutSpeed: 200, position: 'top center', relative: true, offset: [-7, 0], });<\/script>\n\nL\u2019\u00e9v\u00eaque Samuel Ruiz fonde ainsi le Centre des Droits de l\u2019Homme Fray Bartolom\u00e9 de las Casas qui travaille avec \u00ab la population exclue et organis\u00e9e du Chiapas \u00bb. <span class=\"footnote_referrer\"><a role=\"button\" tabindex=\"0\" onclick=\"footnote_moveToReference_12507_1('footnote_plugin_reference_12507_1_5');\" onkeypress=\"footnote_moveToReference_12507_1('footnote_plugin_reference_12507_1_5');\" ><sup id=\"footnote_plugin_tooltip_12507_1_5\" class=\"footnote_plugin_tooltip_text\">[5]<\/sup><\/a><span id=\"footnote_plugin_tooltip_text_12507_1_5\" class=\"footnote_tooltip\"><span class=\"footnote_url_wrap\">http:\/\/www.frayba.org.mx\/sobre_nosotros.php,<\/span> consult\u00e9 le 7 novembre 2013.<\/span><\/span><script type=\"text\/javascript\"> jQuery('#footnote_plugin_tooltip_12507_1_5').tooltip({ tip: '#footnote_plugin_tooltip_text_12507_1_5', tipClass: 'footnote_tooltip', effect: 'fade', predelay: 0, fadeInSpeed: 200, delay: 400, fadeOutSpeed: 200, position: 'top center', relative: true, offset: [-7, 0], });<\/script>\n\n\nLes Zapatistes continuent aujourd\u2019hui encore de construire leur autonomie, gr\u00e2ce \u00e0 la cr\u00e9ation d\u2019\u00e9coles, de centres de soins, de banques populaires, de coop\u00e9ratives productrices de caf\u00e9. Le respect du principe mandar obedeciendo ; \u00ab commander en ob\u00e9issant \u00bb (NDLR : aux ordres du peuple) est toujours d\u2019actualit\u00e9. \n\nEn effet, chaque d\u00e9cision importante est prise en Assembl\u00e9e g\u00e9n\u00e9rale et les membres des \u00ab Conseils de bon gouvernement \u00bb doivent ensuite ob\u00e9ir aux d\u00e9cisions prises par l\u2019Assembl\u00e9e. Cette instance est la plus haute autorit\u00e9 dans l\u2019\u00e9chelle administrative de l\u2019organisation zapatiste. Des repr\u00e9sentants b\u00e9n\u00e9voles, qui sont en rotation constante, y si\u00e8gent avec des mandats r\u00e9vocables \u00e0 tout instant.\n<\/bloc>\n\n\n<bloc>Les ressources qui permettent aux Zapatistes de lutter\t\n\nLa d\u00e9mocratie directe participative est donc l\u2019une des cl\u00e9s de l\u2019organisation politique des Zapatistes. Sur le terrain, les avanc\u00e9es sociales sont difficiles \u00e0 \u00e9valuer. Les Zapatistes restent extr\u00eamement pauvres malgr\u00e9 les terres r\u00e9cup\u00e9r\u00e9es et travaill\u00e9es collectivement. \n\nCependant, comme le dit un compagnon zapatiste \u00ab\u00a0les communaut\u00e9s sont peut-\u00eatre pauvres en termes d\u2019acc\u00e8s aux soins, d\u2019acc\u00e8s au march\u00e9 du travail ou d\u2019\u00e9ducation, mais le mouvement zapatiste a donn\u00e9 aux habitants des montagnes du sud-est mexicain des outils pour prendre en main leur avenir, en am\u00e9liorant leur autosuffisance, en cr\u00e9ant une autre \u00e9ducation, en permettant une plus large participation f\u00e9minine aux d\u00e9cisions. \n\nCela a enrichi les gens en termes de dignit\u00e9 mais aussi de fiert\u00e9 de leurs origines mayas. La cr\u00e9ativit\u00e9 de toutes ces personnes est \u00e9videmment une grande ressource, tout comme la perp\u00e9tuation de nos savoirs ancestraux. Mais la plus grande ressource du mouvement, c\u2019est la ressource humaine, organis\u00e9e vers un m\u00eame objectif d\u2019autonomie et d\u2019autosuffisance\u00a0\u00bb.\n\nLes Zapatistes ne sont pas tant respect\u00e9s pour leur courage d\u2019avoir pris les armes, mais plut\u00f4t pour la long\u00e9vit\u00e9 de leur mouvement et l\u2019apport essentiel de celui-ci \u00e0 la d\u00e9mocratie. Aujourd\u2019hui, des sympathisants du monde entier viennent \u00e0 l\u2019Escuelita <span class=\"footnote_referrer\"><a role=\"button\" tabindex=\"0\" onclick=\"footnote_moveToReference_12507_1('footnote_plugin_reference_12507_1_6');\" onkeypress=\"footnote_moveToReference_12507_1('footnote_plugin_reference_12507_1_6');\" ><sup id=\"footnote_plugin_tooltip_12507_1_6\" class=\"footnote_plugin_tooltip_text\">[6]<\/sup><\/a><span id=\"footnote_plugin_tooltip_text_12507_1_6\" class=\"footnote_tooltip\">La \u00ab petite \u00e9cole \u00bb, initi\u00e9e en \u00e9t\u00e9 2013, souhaite prodiguer les apprentissages des Zapatistes \u00e0 des sympathisants du monde entier. Au vu du succ\u00e8s, une deuxi\u00e8me \u00e9dition est organis\u00e9e en&nbsp;&#x2026; <span class=\"footnote_tooltip_continue\"  onclick=\"footnote_moveToReference_12507_1('footnote_plugin_reference_12507_1_6');\">Continuer la lecture<\/span><\/span><\/span><script type=\"text\/javascript\"> jQuery('#footnote_plugin_tooltip_12507_1_6').tooltip({ tip: '#footnote_plugin_tooltip_text_12507_1_6', tipClass: 'footnote_tooltip', effect: 'fade', predelay: 0, fadeInSpeed: 200, delay: 400, fadeOutSpeed: 200, position: 'top center', relative: true, offset: [-7, 0], });<\/script> (la petite \u00e9cole) pour apprendre ce qui a permis de cr\u00e9er une alternative viable. \n\nDurant l\u2019\u00e9t\u00e9 2013, plus de 1700 personnes ont afflu\u00e9 du monde entier pour vivre dans des familles zapatistes et participer au cours intitul\u00e9 \u00ab\u00a0La libert\u00e9 selon les Zapatistes\u00a0\u00bb. C\u2019est le plus grand exercice de communication et d&rsquo;ouverture de l&rsquo;EZLN depuis sa cr\u00e9ation. \n<\/bloc>\n\n\n<bloc>Le \u00ab\u00a0Projet M\u00e9so-am\u00e9ricain\u00a0\u00bb, pour quel d\u00e9veloppement ?\n\nMalgr\u00e9 des succ\u00e8s engrang\u00e9s, la vision des Zapatistes se heurte aux projets de d\u00e9veloppement du gouvernement, pour qui la nature et ses ressources naturelles ne sont qu\u2019un outil au service de la croissance \u00e9conomique. \n\nLe Chiapas jouit d\u2019une situation g\u00e9ographique strat\u00e9gique. Situ\u00e9 \u00e0 la fronti\u00e8re sud du Mexique, c\u2019est la porte d\u2019entr\u00e9e vers le nord du Mexique et les \u00c9tats-Unis mais aussi une route commerciale in\u00e9vitable vers le reste de l\u2019Am\u00e9rique Centrale.\n\nPour d\u00e9velopper ce potentiel, le gouvernement a prolong\u00e9 le Plan Puebla-Panama <span class=\"footnote_referrer\"><a role=\"button\" tabindex=\"0\" onclick=\"footnote_moveToReference_12507_1('footnote_plugin_reference_12507_1_7');\" onkeypress=\"footnote_moveToReference_12507_1('footnote_plugin_reference_12507_1_7');\" ><sup id=\"footnote_plugin_tooltip_12507_1_7\" class=\"footnote_plugin_tooltip_text\">[7]<\/sup><\/a><span id=\"footnote_plugin_tooltip_text_12507_1_7\" class=\"footnote_tooltip\">Le plan Puebla-Panama (ou PPP) est un plan pr\u00e9sent\u00e9 par le gouvernement Mexicain en 2001, destin\u00e9 \u00e0 d\u00e9velopper le sud du pays et l&rsquo;Am\u00e9rique centrale. Ce projet a suscit\u00e9 de vives&nbsp;&#x2026; <span class=\"footnote_tooltip_continue\"  onclick=\"footnote_moveToReference_12507_1('footnote_plugin_reference_12507_1_7');\">Continuer la lecture<\/span><\/span><\/span><script type=\"text\/javascript\"> jQuery('#footnote_plugin_tooltip_12507_1_7').tooltip({ tip: '#footnote_plugin_tooltip_text_12507_1_7', tipClass: 'footnote_tooltip', effect: 'fade', predelay: 0, fadeInSpeed: 200, delay: 400, fadeOutSpeed: 200, position: 'top center', relative: true, offset: [-7, 0], });<\/script> au sein du \u00ab Projet M\u00e9so-am\u00e9ricain \u00bb. Ce projet, qui int\u00e8gre 10 pays d\u2019Am\u00e9rique Centrale, souhaite \u00ab\u00a0faciliter la conception, le financement et la mise en \u0153uvre des programmes, projets et activit\u00e9s d&rsquo;int\u00e9r\u00eat r\u00e9gional. (\u2026) \n\nLes pays partenaires travaillent \u00e0 promouvoir la croissance \u00e9conomique et le d\u00e9veloppement en Am\u00e9rique centrale\u00a0\u00bb. <span class=\"footnote_referrer\"><a role=\"button\" tabindex=\"0\" onclick=\"footnote_moveToReference_12507_1('footnote_plugin_reference_12507_1_8');\" onkeypress=\"footnote_moveToReference_12507_1('footnote_plugin_reference_12507_1_8');\" ><sup id=\"footnote_plugin_tooltip_12507_1_8\" class=\"footnote_plugin_tooltip_text\">[8]<\/sup><\/a><span id=\"footnote_plugin_tooltip_text_12507_1_8\" class=\"footnote_tooltip\"><span class=\"footnote_url_wrap\">http:\/\/www.proyectomesoamerica.org\/<\/span><\/span><\/span><script type=\"text\/javascript\"> jQuery('#footnote_plugin_tooltip_12507_1_8').tooltip({ tip: '#footnote_plugin_tooltip_text_12507_1_8', tipClass: 'footnote_tooltip', effect: 'fade', predelay: 0, fadeInSpeed: 200, delay: 400, fadeOutSpeed: 200, position: 'top center', relative: true, offset: [-7, 0], });<\/script>\n\nAu Chiapas, ce projet comprend le d\u00e9veloppement des infrastructures routi\u00e8res et des installations g\u00e9n\u00e9ratrices d\u2019\u00e9lectricit\u00e9 (barrages et champs \u00e9oliens), l\u2019ouverture de concessions mini\u00e8res, l\u2019augmentation de l\u2019investissement dans les biocarburants, la construction d\u2019un nouveau complexe touristique ainsi que l\u2019agrandissement des a\u00e9roports r\u00e9gionaux.\n\nTous ces projets mettent en p\u00e9ril le mode de vie paysan et indig\u00e8ne, d\u2019o\u00f9 la r\u00e9sistance d\u2019une frange de la population, pour qui l\u2019agriculture est le seul moyen de subsistance voulu. La plupart des paysans et des indig\u00e8nes souhaitent plut\u00f4t un d\u00e9veloppement prenant en compte le concept maya du \u00ab\u00a0Lekil Kuxlejal\u00a0\u00bb qui renvoie \u00e0 l\u2019harmonie de la vie, l\u2019unit\u00e9, l\u2019int\u00e9gration de l&rsquo;individu \u00e0 la communaut\u00e9 et \u00e0 la nature, au Bien commun de l\u2019Humanit\u00e9. \n\nOn retrouve d\u2019ailleurs ce concept dans d\u2019autres pays d\u2019Am\u00e9rique du Sud, par exemple en Equateur et en Bolivie o\u00f9 le \u00ab Buen Vivir \u00bb (\u00ab Bien vivre \u00bb) est inscrit dans la Constitution.\n\nIl est important de signaler qu\u2019au-del\u00e0 des Zapatistes, il existe au Chiapas une multitude de mouvements sociaux rassembl\u00e9s en associations, syndicats, coop\u00e9ratives, mouvements religieux, qui s\u2019organisent pour r\u00e9sister \u00e0 la construction des diverses infrastructures pr\u00e9vues dans le Projet M\u00e9so-am\u00e9ricain. Les manifestations, p\u00e9titions, blocages de routes et occupations de b\u00e2timents officiels sont fr\u00e9quents. \n<\/bloc>\n\n\n<bloc>Violences et client\u00e9lisme\n\nPour tenter d\u2019affaiblir la contestation, le gouvernement mexicain utilise diverses strat\u00e9gies.\n\nL\u2019\u00c9tat du Chiapas s\u2019est davantage militaris\u00e9 \u00e0 partir de 2006 avec la collaboration des \u00c9tats-Unis, officiellement pour lutter contre le crime organis\u00e9. Des incursions incessantes sont men\u00e9es dans les communaut\u00e9s rebelles, et les humiliations et s\u00e9questrations y sont l\u00e9gion. Il y a \u00e9galement des cas de torture. Amnist\u00eda Internacional; [Culpables conocidos, victimas ignoradas. [<a href=\"http:\/\/www.amnistiainternacional.org\/publicaciones\/63-culpables-conocidos-victimas-ignoradas-tortura-y-maltrato-en-mexico.html\">Tortura y maltrato en M\u00e9xico<\/a>, Mexique, 2012]] \n\n \n\nCe n\u2019est jamais l\u2019arm\u00e9e mexicaine qui use directement de la force. Elle pr\u00e9f\u00e8re former des paramilitaires qui accomplissent les atrocit\u00e9s, comme ce fut le cas dans la communaut\u00e9 d\u2019Acteal o\u00f9 45 villageois perdirent la vie le 22 d\u00e9cembre 1997. <span class=\"footnote_referrer\"><a role=\"button\" tabindex=\"0\" onclick=\"footnote_moveToReference_12507_1('footnote_plugin_reference_12507_1_9');\" onkeypress=\"footnote_moveToReference_12507_1('footnote_plugin_reference_12507_1_9');\" ><sup id=\"footnote_plugin_tooltip_12507_1_9\" class=\"footnote_plugin_tooltip_text\">[9]<\/sup><\/a><span id=\"footnote_plugin_tooltip_text_12507_1_9\" class=\"footnote_tooltip\">Pour plus d\u2019informations, voir: <span class=\"footnote_url_wrap\">http:\/\/acteal.blogspot.mx\/<\/span><\/span><\/span><script type=\"text\/javascript\"> jQuery('#footnote_plugin_tooltip_12507_1_9').tooltip({ tip: '#footnote_plugin_tooltip_text_12507_1_9', tipClass: 'footnote_tooltip', effect: 'fade', predelay: 0, fadeInSpeed: 200, delay: 400, fadeOutSpeed: 200, position: 'top center', relative: true, offset: [-7, 0], });<\/script>\n\n\n\nAu-del\u00e0 de l\u2019usage disproportionn\u00e9 de la force et de la violation courante des droits humains les plus fondamentaux, le gouvernement utilise le harc\u00e8lement judiciaire contre les leaders qui s\u2019opposent aux projets gouvernementaux. Cela s\u2019av\u00e8re tr\u00e8s efficace pour limiter leurs droits \u00e0 la libert\u00e9 d&rsquo;expression, d&rsquo;association et de r\u00e9union. C\u2019est aussi tr\u00e8s co\u00fbteux pour les inculp\u00e9s qui doivent d\u00e9penser de l\u2019argent et consacrer beaucoup de temps pour leur d\u00e9fense.\n\nMettant en \u0153uvre une politique client\u00e9liste, le gouvernement n\u2019h\u00e9site pas \u00e0 offrir des cadeaux \u00e0 ses fid\u00e8les, pendant que les autres s\u2019enfoncent dans la pauvret\u00e9. Le gouvernement \u00ab utilise le Tr\u00e9sor public en vue de g\u00e9n\u00e9rer une d\u00e9pendance aux programmes sociaux gouvernementaux, dans l\u2019intention de rompre les relations des communaut\u00e9s indig\u00e8nes avec des mouvements rebelles \u00bb. <span class=\"footnote_referrer\"><a role=\"button\" tabindex=\"0\" onclick=\"footnote_moveToReference_12507_1('footnote_plugin_reference_12507_1_10');\" onkeypress=\"footnote_moveToReference_12507_1('footnote_plugin_reference_12507_1_10');\" ><sup id=\"footnote_plugin_tooltip_12507_1_10\" class=\"footnote_plugin_tooltip_text\">[10]<\/sup><\/a><span id=\"footnote_plugin_tooltip_text_12507_1_10\" class=\"footnote_tooltip\">Centre des droits de l\u2019Homme Fray Bartolom\u00e9 de las Casas, Entre la pol\u00edtica sist\u00e9micay las alternativas de vida, Informe sobre la situaci\u00f3n de los derechos humanos en Chiapas durante los&nbsp;&#x2026; <span class=\"footnote_tooltip_continue\"  onclick=\"footnote_moveToReference_12507_1('footnote_plugin_reference_12507_1_10');\">Continuer la lecture<\/span><\/span><\/span><script type=\"text\/javascript\"> jQuery('#footnote_plugin_tooltip_12507_1_10').tooltip({ tip: '#footnote_plugin_tooltip_text_12507_1_10', tipClass: 'footnote_tooltip', effect: 'fade', predelay: 0, fadeInSpeed: 200, delay: 400, fadeOutSpeed: 200, position: 'top center', relative: true, offset: [-7, 0], });<\/script>\n\n \n\nLe P\u00e8re Jos\u00e9 Aviles Arriola, vicaire de la Commission Justice et Paix de San Cristobal de las Casas, affirme que \u00ab\u00a0le gouvernement ment lorsqu\u2019il dit que le Chiapas est en train de sortir de la pauvret\u00e9 parce qu\u2019il y a davantage de consommation de produits de premi\u00e8re n\u00e9cessit\u00e9. Les denr\u00e9es alimentaires de base distribu\u00e9es par l\u2019\u00c9tat sont en fait produites par les grandes entreprises agroalimentaires. L\u2019argent g\u00e9n\u00e9reusement donn\u00e9 aux pauvres retourne donc dans les poches du grand capital\u00a0\u00bb. \n\nMalgr\u00e9 cette politique r\u00e9pressive, les Zapatistes  montrent des voies alternatives de d\u00e9veloppement. D\u00e8s le d\u00e9but du mouvement, l\u2019accent a \u00e9t\u00e9 mis sur la dimension internationale et le caract\u00e8re anti-syst\u00e9mique des revendications. L\u2019opposition au n\u00e9o-lib\u00e9ralisme est centrale. \n\nEn 1996, la r\u00e9union \u00ab Intergalactique \u00bb qu\u2019ils ont organis\u00e9e en est une des expressions privil\u00e9gi\u00e9es, par ailleurs pr\u00e9curseur du Forum Social Mondial. S\u2019il existe certaines difficult\u00e9s d\u2019organisation pratique au quotidien, ce mouvement continue d\u2019avancer avec beaucoup d\u2019humilit\u00e9, en apprenant de ses erreurs. Le grand nombre de jeunes se revendiquant fi\u00e8rement zapatistes montre bien que le mouvement est loin de s\u2019essouffler. \n\nLe succ\u00e8s de l\u2019Escuelita confirme aussi l\u2019espoir et la curiosit\u00e9 qu\u2019ils continuent de susciter \u00e0 travers le monde. La participation tr\u00e8s active des femmes dans la vie politique zapatiste, malgr\u00e9 le climat tr\u00e8s machiste du Mexique, n\u2019est qu\u2019un exemple parmi d\u2019autres des transformations positives que les Zapatistes ont mises en pratique. \n<\/bloc>\n\n<bloc>Quel soutien apporter ?\n\nAlors que les accords de libre-commerce UE-Am\u00e9rique Centrale viennent d\u2019\u00eatre ratifi\u00e9s, il est n\u00e9cessaire que les dirigeants europ\u00e9ens et belges exigent le respect des droits humains de la part du gouvernement mexicain. L\u2019exploitation des ressources chiapan\u00e8ques dont jouiront les Europ\u00e9ens ne peut se faire au d\u00e9triment des populations indig\u00e8nes. \n\nLa d\u00e9militarisation de la zone, et notamment le d\u00e9sarmement des paramilitaires, est indispensable pour am\u00e9liorer la situation au Chiapas. Il est aussi possible de prendre part aux \u00ab actions urgentes \u00bb du Centre des droits de l\u2019Homme Fray Bartolom\u00e9 de las Casas, qui alerte r\u00e9guli\u00e8rement le public sur la situation des droits fondamentaux au Chiapas et des actions possibles \u00e0 entreprendre. Il est tout aussi urgent de demander la lib\u00e9ration imm\u00e9diate de tous les prisonniers politiques. \n\nPour favoriser le processus d\u00e9mocratique au Mexique, l\u2019Union europ\u00e9enne doit aussi insister pour que l\u2019\u00c9tat mexicain applique la convention 169 de l\u2019Organisation Internationale du Travail (OIT), qui reconna\u00eet le droit des populations indig\u00e8nes d\u2019\u00eatre consult\u00e9es avant chaque projet affectant leur mode de vie. \n<\/bloc>\n\nStefan Reinhold\n<h2 class=\"wp-block-heading\">Documents joints<\/h2>\n\n\n\n<div class=\"wp-block-file\"><a href=\"http:\/\/demop.netbaz.be\/2021\/jp\/wp-content\/uploads\/2014\/01\/pdf_2014_Analyse_Chiapas_etat_des_lieux_vingt_ans_apres_les_soulevement_zapatiste.pdf\">Chiapas : \u00e9tat des lieux vingt ans apr\u00e8s le soul\u00e8vement zapatiste<\/a><\/div>\n\n\n<div class=\"speaker-mute footnotes_reference_container\"> <div class=\"footnote_container_prepare\"><p><span role=\"button\" tabindex=\"0\" class=\"footnote_reference_container_label pointer\" onclick=\"footnote_expand_collapse_reference_container_12507_1();\">Notes<\/span><span role=\"button\" tabindex=\"0\" class=\"footnote_reference_container_collapse_button\" style=\"display: none;\" onclick=\"footnote_expand_collapse_reference_container_12507_1();\">[<a id=\"footnote_reference_container_collapse_button_12507_1\">+<\/a>]<\/span><\/p><\/div> <div id=\"footnote_references_container_12507_1\" style=\"\"><table class=\"footnotes_table footnote-reference-container\"><caption class=\"accessibility\">Notes<\/caption> <tbody> \r\n\r\n<tr class=\"footnotes_plugin_reference_row\"> <th scope=\"row\" id=\"footnote_plugin_reference_12507_1_1\" class=\"footnote_plugin_index pointer\" onclick=\"footnote_moveToAnchor_12507_1('footnote_plugin_tooltip_12507_1_1');\"><a role=\"button\" tabindex=\"0\" class=\"footnote_plugin_link\" ><span class=\"footnote_index_arrow\">&#8593;<\/span>1<\/a><\/th> <td class=\"footnote_plugin_text\"><span class=\"footnote_url_wrap\">http:\/\/www.ohchr.org\/Documents\/HRBodies\/HRCouncil\/RegularSession\/Session19\/A-HRC-19-59-Add2_en.pdf,<\/span> consult\u00e9 le 7 novembre 2013.<\/td><\/tr>\r\n\r\n<tr class=\"footnotes_plugin_reference_row\"> <th scope=\"row\" id=\"footnote_plugin_reference_12507_1_2\" class=\"footnote_plugin_index pointer\" onclick=\"footnote_moveToAnchor_12507_1('footnote_plugin_tooltip_12507_1_2');\"><a role=\"button\" tabindex=\"0\" class=\"footnote_plugin_link\" ><span class=\"footnote_index_arrow\">&#8593;<\/span>2<\/a><\/th> <td class=\"footnote_plugin_text\"><span class=\"footnote_url_wrap\">http:\/\/www.sipaz.org\/es\/chiapas\/chiapas-en-datos\/402-ds-3-educacion.html,<\/span> consult\u00e9 le 7 novembre 2013.<\/td><\/tr>\r\n\r\n<tr class=\"footnotes_plugin_reference_row\"> <th scope=\"row\" id=\"footnote_plugin_reference_12507_1_3\" class=\"footnote_plugin_index pointer\" onclick=\"footnote_moveToAnchor_12507_1('footnote_plugin_tooltip_12507_1_3');\"><a role=\"button\" tabindex=\"0\" class=\"footnote_plugin_link\" ><span class=\"footnote_index_arrow\">&#8593;<\/span>3<\/a><\/th> <td class=\"footnote_plugin_text\">Texte int\u00e9gral des <a href=\"http:\/\/www.redindigena.net\/leyes\/mex\/docs\/chia\/sanandres.html \">Accords de San Andr\u00e9s<\/a> <\/td><\/tr>\r\n\r\n<tr class=\"footnotes_plugin_reference_row\"> <th scope=\"row\" id=\"footnote_plugin_reference_12507_1_4\" class=\"footnote_plugin_index pointer\" onclick=\"footnote_moveToAnchor_12507_1('footnote_plugin_tooltip_12507_1_4');\"><a role=\"button\" tabindex=\"0\" class=\"footnote_plugin_link\" ><span class=\"footnote_index_arrow\">&#8593;<\/span>4<\/a><\/th> <td class=\"footnote_plugin_text\">Entretien avec le P\u00e8re Jos\u00e9 Aviles Arriola, Vicaire de Justice et Paix \u00e0 San Cristobal de las Casas, San Cristobal de las Casas, le 25 octobre 2013.<\/td><\/tr>\r\n\r\n<tr class=\"footnotes_plugin_reference_row\"> <th scope=\"row\" id=\"footnote_plugin_reference_12507_1_5\" class=\"footnote_plugin_index pointer\" onclick=\"footnote_moveToAnchor_12507_1('footnote_plugin_tooltip_12507_1_5');\"><a role=\"button\" tabindex=\"0\" class=\"footnote_plugin_link\" ><span class=\"footnote_index_arrow\">&#8593;<\/span>5<\/a><\/th> <td class=\"footnote_plugin_text\"><span class=\"footnote_url_wrap\">http:\/\/www.frayba.org.mx\/sobre_nosotros.php,<\/span> consult\u00e9 le 7 novembre 2013.<\/td><\/tr>\r\n\r\n<tr class=\"footnotes_plugin_reference_row\"> <th scope=\"row\" id=\"footnote_plugin_reference_12507_1_6\" class=\"footnote_plugin_index pointer\" onclick=\"footnote_moveToAnchor_12507_1('footnote_plugin_tooltip_12507_1_6');\"><a role=\"button\" tabindex=\"0\" class=\"footnote_plugin_link\" ><span class=\"footnote_index_arrow\">&#8593;<\/span>6<\/a><\/th> <td class=\"footnote_plugin_text\">La \u00ab petite \u00e9cole \u00bb, initi\u00e9e en \u00e9t\u00e9 2013, souhaite prodiguer les apprentissages des Zapatistes \u00e0 des sympathisants du monde entier. Au vu du succ\u00e8s, une deuxi\u00e8me \u00e9dition est organis\u00e9e en d\u00e9cembre 2013.<\/td><\/tr>\r\n\r\n<tr class=\"footnotes_plugin_reference_row\"> <th scope=\"row\" id=\"footnote_plugin_reference_12507_1_7\" class=\"footnote_plugin_index pointer\" onclick=\"footnote_moveToAnchor_12507_1('footnote_plugin_tooltip_12507_1_7');\"><a role=\"button\" tabindex=\"0\" class=\"footnote_plugin_link\" ><span class=\"footnote_index_arrow\">&#8593;<\/span>7<\/a><\/th> <td class=\"footnote_plugin_text\">Le plan Puebla-Panama (ou PPP) est un plan pr\u00e9sent\u00e9 par le gouvernement Mexicain en 2001, destin\u00e9 \u00e0 d\u00e9velopper le sud du pays et l&rsquo;Am\u00e9rique centrale. Ce projet a suscit\u00e9 de vives critiques et une opposition au Chiapas, notamment des paysans devant \u00eatre d\u00e9log\u00e9s de leurs terres.<\/td><\/tr>\r\n\r\n<tr class=\"footnotes_plugin_reference_row\"> <th scope=\"row\" id=\"footnote_plugin_reference_12507_1_8\" class=\"footnote_plugin_index pointer\" onclick=\"footnote_moveToAnchor_12507_1('footnote_plugin_tooltip_12507_1_8');\"><a role=\"button\" tabindex=\"0\" class=\"footnote_plugin_link\" ><span class=\"footnote_index_arrow\">&#8593;<\/span>8<\/a><\/th> <td class=\"footnote_plugin_text\"><span class=\"footnote_url_wrap\">http:\/\/www.proyectomesoamerica.org\/<\/span><\/td><\/tr>\r\n\r\n<tr class=\"footnotes_plugin_reference_row\"> <th scope=\"row\" id=\"footnote_plugin_reference_12507_1_9\" class=\"footnote_plugin_index pointer\" onclick=\"footnote_moveToAnchor_12507_1('footnote_plugin_tooltip_12507_1_9');\"><a role=\"button\" tabindex=\"0\" class=\"footnote_plugin_link\" ><span class=\"footnote_index_arrow\">&#8593;<\/span>9<\/a><\/th> <td class=\"footnote_plugin_text\">Pour plus d\u2019informations, voir: <span class=\"footnote_url_wrap\">http:\/\/acteal.blogspot.mx\/<\/span><\/td><\/tr>\r\n\r\n<tr class=\"footnotes_plugin_reference_row\"> <th scope=\"row\" id=\"footnote_plugin_reference_12507_1_10\" class=\"footnote_plugin_index pointer\" onclick=\"footnote_moveToAnchor_12507_1('footnote_plugin_tooltip_12507_1_10');\"><a role=\"button\" tabindex=\"0\" class=\"footnote_plugin_link\" ><span class=\"footnote_index_arrow\">&#8593;<\/span>10<\/a><\/th> <td class=\"footnote_plugin_text\">Centre des droits de l\u2019Homme Fray Bartolom\u00e9 de las Casas, Entre la pol\u00edtica sist\u00e9micay las alternativas de vida, Informe sobre la situaci\u00f3n de los derechos humanos en Chiapas durante los gobiernos federal y estatal 2006-2012, Mexique, 2012.<\/td><\/tr>\r\n\r\n <\/tbody> <\/table> <\/div><\/div><script type=\"text\/javascript\"> function footnote_expand_reference_container_12507_1() { jQuery('#footnote_references_container_12507_1').show(); jQuery('#footnote_reference_container_collapse_button_12507_1').text('\u2212'); } function footnote_collapse_reference_container_12507_1() { jQuery('#footnote_references_container_12507_1').hide(); jQuery('#footnote_reference_container_collapse_button_12507_1').text('+'); } function footnote_expand_collapse_reference_container_12507_1() { if (jQuery('#footnote_references_container_12507_1').is(':hidden')) { footnote_expand_reference_container_12507_1(); } else { footnote_collapse_reference_container_12507_1(); } } function footnote_moveToReference_12507_1(p_str_TargetID) { footnote_expand_reference_container_12507_1(); var l_obj_Target = jQuery('#' + p_str_TargetID); if (l_obj_Target.length) { jQuery( 'html, body' ).delay( 0 ); jQuery('html, body').animate({ scrollTop: l_obj_Target.offset().top - window.innerHeight * 0.2 }, 380); } } function footnote_moveToAnchor_12507_1(p_str_TargetID) { footnote_expand_reference_container_12507_1(); var l_obj_Target = jQuery('#' + p_str_TargetID); if (l_obj_Target.length) { jQuery( 'html, body' ).delay( 0 ); jQuery('html, body').animate({ scrollTop: l_obj_Target.offset().top - window.innerHeight * 0.2 }, 380); } }<\/script>","protected":false},"excerpt":{"rendered":"<p>Le 1er janvier 1994, l\u2019arm\u00e9e zapatiste de lib\u00e9ration nationale (Ejercito Zapatista de Liberaci\u00f3n Nacional : EZLN) se fait conna\u00eetre du monde en prenant les armes dans la province du Chiapas, au Mexique. Ces indig\u00e8nes encagoul\u00e9s se r\u00e9voltent contre la pauvret\u00e9 et l\u2019exclusion sociale dont ils se disent victimes depuis plus de 500 ans. La date [&hellip;]<\/p>\n","protected":false},"author":1,"featured_media":12506,"comment_status":"closed","ping_status":"open","sticky":false,"template":"","format":"standard","meta":{"_acf_changed":false,"_seopress_robots_primary_cat":"","_seopress_titles_title":"","_seopress_titles_desc":"","_seopress_robots_index":"","footnotes":""},"categories":[2722],"tags":[2817,2795,2824,2771,2838,2811],"class_list":["post-12507","post","type-post","status-publish","format-standard","has-post-thumbnail","hentry","category-articles-nos-publications","tag-amerique-latine","tag-article","tag-droits-humains","tag-mexique","tag-pauvrete","tag-ressources-naturelles"],"acf":[],"_links":{"self":[{"href":"https:\/\/www.justicepaix.be\/en\/wp-json\/wp\/v2\/posts\/12507","targetHints":{"allow":["GET"]}}],"collection":[{"href":"https:\/\/www.justicepaix.be\/en\/wp-json\/wp\/v2\/posts"}],"about":[{"href":"https:\/\/www.justicepaix.be\/en\/wp-json\/wp\/v2\/types\/post"}],"author":[{"embeddable":true,"href":"https:\/\/www.justicepaix.be\/en\/wp-json\/wp\/v2\/users\/1"}],"replies":[{"embeddable":true,"href":"https:\/\/www.justicepaix.be\/en\/wp-json\/wp\/v2\/comments?post=12507"}],"version-history":[{"count":0,"href":"https:\/\/www.justicepaix.be\/en\/wp-json\/wp\/v2\/posts\/12507\/revisions"}],"wp:featuredmedia":[{"embeddable":true,"href":"https:\/\/www.justicepaix.be\/en\/wp-json\/wp\/v2\/media\/12506"}],"wp:attachment":[{"href":"https:\/\/www.justicepaix.be\/en\/wp-json\/wp\/v2\/media?parent=12507"}],"wp:term":[{"taxonomy":"category","embeddable":true,"href":"https:\/\/www.justicepaix.be\/en\/wp-json\/wp\/v2\/categories?post=12507"},{"taxonomy":"post_tag","embeddable":true,"href":"https:\/\/www.justicepaix.be\/en\/wp-json\/wp\/v2\/tags?post=12507"}],"curies":[{"name":"wp","href":"https:\/\/api.w.org\/{rel}","templated":true}]}}