{"id":12490,"date":"2014-01-10T15:38:27","date_gmt":"2014-01-10T15:38:27","guid":{"rendered":"https:\/\/demop.netbaz.be\/2021\/jp\/2014\/01\/10\/chiapas-etat-des-lieux-vingt-ans-apres-le-soulevement-zapatiste\/"},"modified":"2021-04-14T11:45:44","modified_gmt":"2021-04-14T11:45:44","slug":"chiapas-state-of-affairs-twenty-years-after-the-zapatista-uprising-779","status":"publish","type":"post","link":"https:\/\/www.justicepaix.be\/en\/chiapas-etat-des-lieux-vingt-ans-apres-le-soulevement-zapatiste\/","title":{"rendered":"Chiapas: state of play twenty years after the Zapatista uprising"},"content":{"rendered":"<p class=\"post_excerpt\">On January 1, 1994, the Zapatista National Liberation Army (Ej\u00e9rcito Zapatista de Liberaci\u00f3n Nacional, EZLN) made itself known to the world by taking up arms in the province of Chiapas, Mexico. These hooded natives are revolting against the poverty and social exclusion of which they claim to be victims for more than five hundred years. The date of their uprising was not chosen at random. It was on this same day that the North American Free Trade Agreement (NAFTA) came into force. Since then, the Zapatista movement has been organizing to resist the government&#039;s counter-insurgency strategy, but also its neoliberal policy materialized in particular by the \u201cMeso-American Integration and Development Project\u201d. <\/p>\n\n\n<!--more-->\nAn article by Stefan Reinhold, from the Latin America group of Justice and Peace.\n\n<a href=\"http:\/\/www.revuenouvelle.be\/spip.php?page=abstract&#038;id_article=3088\">Read the article on the Revue Nouvelle website<\/a>\n\n<a href=\"http:\/\/demop.netbaz.be\/2021\/jp\/wp-content\/uploads\/2014\/01\/pdf_revuenouvellejanvier2014ter-2.pdf\">Read part 1<\/a> \n<a href=\"http:\/\/demop.netbaz.be\/2021\/jp\/wp-content\/uploads\/2014\/01\/pdf_revuenouvellejanvier2014bis-2.pdf\">Read part 2<\/a> \n<a href=\"http:\/\/demop.netbaz.be\/2021\/jp\/wp-content\/uploads\/2014\/01\/pdf_revuenouvellejanvier2014-2.pdf\">Read part 3<\/a> \n<h2 class=\"wp-block-heading\">Attachments<\/h2>\n\n\n\n<div class=\"wp-block-file\"><a href=\"http:\/\/demop.netbaz.be\/2021\/jp\/wp-content\/uploads\/2014\/01\/pdf_revuenouvellejanvier2014ter-2.pdf\">Read part 1<\/a><\/div>\n\n\n\n<div class=\"wp-block-file\"><a href=\"http:\/\/demop.netbaz.be\/2021\/jp\/wp-content\/uploads\/2014\/01\/pdf_revuenouvellejanvier2014bis-2.pdf\">Read part 2<\/a><\/div>\n\n\n\n<div class=\"wp-block-file\"><a href=\"http:\/\/demop.netbaz.be\/2021\/jp\/wp-content\/uploads\/2014\/01\/pdf_revuenouvellejanvier2014-2.pdf\">Read part 3<\/a><\/div>","protected":false},"excerpt":{"rendered":"<p>Le 1er janvier 1994, l\u2019Arm\u00e9e zapatiste de lib\u00e9ration nationale (Ej\u00e9rcito Zapatista de Liberaci\u00f3n Nacional, EZLN) se fait connaitre du monde en prenant les armes dans la province du Chiapas, au Mexique. Ces indig\u00e8nes encagoul\u00e9s se r\u00e9voltent contre la pauvret\u00e9 et l\u2019exclusion sociale dont ils se disent victimes depuis plus de cinq-cents ans. La date de [&hellip;]<\/p>\n","protected":false},"author":1,"featured_media":0,"comment_status":"closed","ping_status":"open","sticky":false,"template":"","format":"standard","meta":{"_acf_changed":false,"_seopress_robots_primary_cat":"","_seopress_titles_title":"","_seopress_titles_desc":"","_seopress_robots_index":"","footnotes":""},"categories":[2846,2686],"tags":[2817,2771,2825],"class_list":["post-12490","post","type-post","status-publish","format-standard","hentry","category-dans-les-medias","category-pre-2015","tag-amerique-latine","tag-mexique","tag-prevention-des-conflits"],"acf":[],"_links":{"self":[{"href":"https:\/\/www.justicepaix.be\/en\/wp-json\/wp\/v2\/posts\/12490","targetHints":{"allow":["GET"]}}],"collection":[{"href":"https:\/\/www.justicepaix.be\/en\/wp-json\/wp\/v2\/posts"}],"about":[{"href":"https:\/\/www.justicepaix.be\/en\/wp-json\/wp\/v2\/types\/post"}],"author":[{"embeddable":true,"href":"https:\/\/www.justicepaix.be\/en\/wp-json\/wp\/v2\/users\/1"}],"replies":[{"embeddable":true,"href":"https:\/\/www.justicepaix.be\/en\/wp-json\/wp\/v2\/comments?post=12490"}],"version-history":[{"count":0,"href":"https:\/\/www.justicepaix.be\/en\/wp-json\/wp\/v2\/posts\/12490\/revisions"}],"wp:attachment":[{"href":"https:\/\/www.justicepaix.be\/en\/wp-json\/wp\/v2\/media?parent=12490"}],"wp:term":[{"taxonomy":"category","embeddable":true,"href":"https:\/\/www.justicepaix.be\/en\/wp-json\/wp\/v2\/categories?post=12490"},{"taxonomy":"post_tag","embeddable":true,"href":"https:\/\/www.justicepaix.be\/en\/wp-json\/wp\/v2\/tags?post=12490"}],"curies":[{"name":"wp","href":"https:\/\/api.w.org\/{rel}","templated":true}]}}