{"id":12410,"date":"2013-12-16T12:22:00","date_gmt":"2013-12-16T12:22:00","guid":{"rendered":"https:\/\/demop.netbaz.be\/2021\/jp\/2013\/12\/16\/l-approvisionnement-en-minerais-des-europeens-a-n-importe-quel-prix-744\/"},"modified":"2021-04-14T11:45:42","modified_gmt":"2021-04-14T11:45:42","slug":"l-approvisionnement-en-minerais-des-europeens-a-n-importe-quel-prix-744","status":"publish","type":"post","link":"https:\/\/www.justicepaix.be\/en\/l-approvisionnement-en-minerais-des-europeens-a-n-importe-quel-prix-744\/","title":{"rendered":"The supply of minerals to Europeans at any price?"},"content":{"rendered":"<p class=\"post_excerpt\">The Nouvelle magazine devotes an article to the supply of natural resources, with the contribution of Justice et Paix.<\/p>\n\n\n<!--more-->\nLa contextualisation d&rsquo;un document majeur de la Commission europ\u00e9enne d\u00e9bouche sur l&rsquo;examen de la diplomatie des ressources naturelles. \u00ab\u00a0Si tu veux la paix, pr\u00e9pare la guerre.\u00a0\u00bb Cette recommandation bien connue de Clausewitz est d&rsquo;application dans le domaine des mati\u00e8res premi\u00e8res&#8230; au nom du d\u00e9veloppement et sous la banni\u00e8re des droits de l&rsquo;Homme. Cette mise en pratique pr\u00eate \u00e0 r\u00e9flexion.\n\n<a href=\"http:\/\/demop.netbaz.be\/2021\/jp\/wp-content\/uploads\/2013\/12\/pdf_058-066_dossier_Triest_indd.pdf\">Read the article<\/a>\n<h2 class=\"wp-block-heading\">Attachments<\/h2>\n\n\n\n<div class=\"wp-block-file\"><a href=\"http:\/\/demop.netbaz.be\/2021\/jp\/wp-content\/uploads\/2013\/11\/pdf_058-066_dossier_Triest_indd.pdf\">Read the article<\/a><\/div>","protected":false},"excerpt":{"rendered":"<p>The Nouvelle magazine devotes an article to the supply of natural resources, with the contribution of Justice et Paix.<\/p>","protected":false},"author":1,"featured_media":0,"comment_status":"closed","ping_status":"open","sticky":false,"template":"","format":"standard","meta":{"_acf_changed":false,"_seopress_robots_primary_cat":"","_seopress_titles_title":"","_seopress_titles_desc":"","_seopress_robots_index":"","footnotes":""},"categories":[2846,2686],"tags":[2811],"class_list":["post-12410","post","type-post","status-publish","format-standard","hentry","category-dans-les-medias","category-pre-2015","tag-ressources-naturelles"],"acf":[],"_links":{"self":[{"href":"https:\/\/www.justicepaix.be\/en\/wp-json\/wp\/v2\/posts\/12410","targetHints":{"allow":["GET"]}}],"collection":[{"href":"https:\/\/www.justicepaix.be\/en\/wp-json\/wp\/v2\/posts"}],"about":[{"href":"https:\/\/www.justicepaix.be\/en\/wp-json\/wp\/v2\/types\/post"}],"author":[{"embeddable":true,"href":"https:\/\/www.justicepaix.be\/en\/wp-json\/wp\/v2\/users\/1"}],"replies":[{"embeddable":true,"href":"https:\/\/www.justicepaix.be\/en\/wp-json\/wp\/v2\/comments?post=12410"}],"version-history":[{"count":0,"href":"https:\/\/www.justicepaix.be\/en\/wp-json\/wp\/v2\/posts\/12410\/revisions"}],"wp:attachment":[{"href":"https:\/\/www.justicepaix.be\/en\/wp-json\/wp\/v2\/media?parent=12410"}],"wp:term":[{"taxonomy":"category","embeddable":true,"href":"https:\/\/www.justicepaix.be\/en\/wp-json\/wp\/v2\/categories?post=12410"},{"taxonomy":"post_tag","embeddable":true,"href":"https:\/\/www.justicepaix.be\/en\/wp-json\/wp\/v2\/tags?post=12410"}],"curies":[{"name":"wp","href":"https:\/\/api.w.org\/{rel}","templated":true}]}}