{"id":12277,"date":"2013-06-17T09:58:48","date_gmt":"2013-06-17T09:58:48","guid":{"rendered":"https:\/\/demop.netbaz.be\/2021\/jp\/2013\/06\/17\/japon-les-r-evolutions-de-la-defense\/"},"modified":"2021-04-14T11:45:36","modified_gmt":"2021-04-14T11:45:36","slug":"japan-defense-revolutions","status":"publish","type":"post","link":"https:\/\/www.justicepaix.be\/en\/japon-les-r-evolutions-de-la-defense\/","title":{"rendered":"Japan: defense (r)evolutions"},"content":{"rendered":"\n\n<p class=\"post_excerpt\">L\u2019aggravation du conflit territorial opposant la Chine au Japon autour des \u00eeles Senkaku et la r\u00e9cente hausse du budget japonais de la d\u00e9fense ont \u00e9veill\u00e9 l\u2019inqui\u00e9tude de certains observateurs percevant cette situation comme autant d\u2019indices d\u2019une remilitarisation du pays. Toutefois, ces d\u00e9veloppements ne peuvent \u00eatre pleinement appr\u00e9hend\u00e9s que par la prise en compte de l\u2019histoire militaire du Japon et l\u2019analyse des facteurs internes et externes de ces \u00e9volutions.\n\n<\/p>\n\n\n<!--more-->\nLe 13 mai dernier, trois navires gouvernementaux chinois sont entr\u00e9s dans les eaux territoriales des \u00eeles Senkaku (Diaoyu en chinois) disput\u00e9es au Japon en mer de Chine orientale. Il s\u2019agit du dernier incident en date de l\u2019\u00e9preuve de force dans laquelle les deux pays se sont engag\u00e9s, depuis que Tokyo a nationalis\u00e9 trois de ces cinq \u00eeles en les achetant \u00e0 leur propri\u00e9taire priv\u00e9 en septembre 2012. La Chine a depuis r\u00e9guli\u00e8rement envoy\u00e9 des navires, mais aussi ponctuellement des avions autour de cet archipel inhabit\u00e9, alors qu\u2019en parall\u00e8le, Tokyo annon\u00e7ait la constitution d\u2019une force sp\u00e9ciale de 600 hommes et 12 navires pour surveiller et prot\u00e9ger les Senkaku.\n\nCette position de fermet\u00e9 par rapport \u00e0 la Chine a \u00e9t\u00e9 favoris\u00e9e par le retour au pouvoir du PLD (Parti Lib\u00e9ral D\u00e9mocrate, conservateur)\u2009<span class=\"footnote_referrer\"><a role=\"button\" tabindex=\"0\" onclick=\"footnote_moveToReference_12277_1('footnote_plugin_reference_12277_1_1');\" onkeypress=\"footnote_moveToReference_12277_1('footnote_plugin_reference_12277_1_1');\" ><sup id=\"footnote_plugin_tooltip_12277_1_1\" class=\"footnote_plugin_tooltip_text\">[1]<\/sup><\/a><span id=\"footnote_plugin_tooltip_text_12277_1_1\" class=\"footnote_tooltip\">Le PLD a en outre gouvern\u00e9 le Japon presque sans interruption depuis sa cr\u00e9ation en 1955, sauf pendant un interm\u00e8de de dix mois entre 1993 et 1994, et entre ao\u00fbt 2009 et d\u00e9cembre 2012 suite \u00e0&nbsp;&#x2026; <span class=\"footnote_tooltip_continue\"  onclick=\"footnote_moveToReference_12277_1('footnote_plugin_reference_12277_1_1');\">Continuer la lecture<\/span><\/span><\/span><script type=\"text\/javascript\"> jQuery('#footnote_plugin_tooltip_12277_1_1').tooltip({ tip: '#footnote_plugin_tooltip_text_12277_1_1', tipClass: 'footnote_tooltip', effect: 'fade', predelay: 0, fadeInSpeed: 200, delay: 400, fadeOutSpeed: 200, position: 'top center', relative: true, offset: [-7, 0], });<\/script> lors des \u00e9lections l\u00e9gislatives de d\u00e9cembre 2012. Cette domination du PLD inqui\u00e8te particuli\u00e8rement les pacifistes, le premier ministre Shinzo Abe ayant inscrit dans son programme \u00e9lectoral l\u2019augmentation des d\u00e9penses militaires. Il n\u2019a d\u2019ailleurs pas d\u00e9rog\u00e9 \u00e0 sa r\u00e9putation de \u201cfaucon\u201d en mati\u00e8re de politique \u00e9trang\u00e8re en pr\u00e9venant en avril que le Japon expulserait par la force tout \u00e9ventuel d\u00e9barquement chinois sur les Senkaku. Dans un contexte o\u00f9 l\u2019environnement s\u00e9curitaire japonais est de plus en plus tendu, et alors que la Cor\u00e9e du Nord a proc\u00e9d\u00e9 \u00e0 deux lancements tests de missiles l\u2019ann\u00e9e derni\u00e8re et \u00e0 un essai nucl\u00e9aire en f\u00e9vrier, un nombre croissant de voix plaide en faveur d\u2019une politique \u00e9trang\u00e8re plus agressive et \u00e9mancip\u00e9e de l\u2019influence des \u00c9tats-Unis. Ce qui l\u2019\u00e9loignerait des principes qui ont, au cours des derni\u00e8res d\u00e9cennies, fa\u00e7onn\u00e9 la politique de d\u00e9fense du Japon.\n\n<bloc> Particularisme de la d\u00e9fense japonaise\n\nOfficiellement, suite \u00e0 sa d\u00e9faite militaire \u00e0 l\u2019issue de la Seconde guerre mondiale, le Japon ne poss\u00e8de pas d\u2019arm\u00e9e, mais des Forces d\u2019autod\u00e9fense (FAD). L\u2019article 9 de la Constitution japonaise de 1945 \u00e9dicte en effet qu\u2019\u201cil ne sera jamais maintenu de forces terrestres, navales et a\u00e9riennes, ou autre potentiel de guerre au Japon\u201d. Dans les faits, le Japon a cependant rapidement constitu\u00e9 les fondations de ce qui deviendra une v\u00e9ritable arm\u00e9e, les strat\u00e8ges am\u00e9ricains ayant d\u00e8s 1950 r\u00e9alis\u00e9 qu\u2019un Japon r\u00e9arm\u00e9 \u00e9tait crucial pour la stabilit\u00e9 de la r\u00e9gion du fait de la Guerre de Cor\u00e9e dans un premier temps, puis de la Guerre froide dans un second\u2009<span class=\"footnote_referrer\"><a role=\"button\" tabindex=\"0\" onclick=\"footnote_moveToReference_12277_1('footnote_plugin_reference_12277_1_2');\" onkeypress=\"footnote_moveToReference_12277_1('footnote_plugin_reference_12277_1_2');\" ><sup id=\"footnote_plugin_tooltip_12277_1_2\" class=\"footnote_plugin_tooltip_text\">[2]<\/sup><\/a><span id=\"footnote_plugin_tooltip_text_12277_1_2\" class=\"footnote_tooltip\"> A.K.N. Ahmed, \u201cAn Emerging Military Power\u201d, Economic and Political Weekly, vol. 23, N.34, 20 ao\u00fbt 1988, p. 1738<\/span><\/span><script type=\"text\/javascript\"> jQuery('#footnote_plugin_tooltip_12277_1_2').tooltip({ tip: '#footnote_plugin_tooltip_text_12277_1_2', tipClass: 'footnote_tooltip', effect: 'fade', predelay: 0, fadeInSpeed: 200, delay: 400, fadeOutSpeed: 200, position: 'top center', relative: true, offset: [-7, 0], });<\/script>. \n\n\u00c0 ce titre, 2004 constitue un tournant d\u00e9cisif, avec l\u2019envoi, pour la premi\u00e8re fois depuis la fin de la Seconde guerre mondiale, de troupes japonaises sur un sol \u00e9tranger\u2009<span class=\"footnote_referrer\"><a role=\"button\" tabindex=\"0\" onclick=\"footnote_moveToReference_12277_1('footnote_plugin_reference_12277_1_3');\" onkeypress=\"footnote_moveToReference_12277_1('footnote_plugin_reference_12277_1_3');\" ><sup id=\"footnote_plugin_tooltip_12277_1_3\" class=\"footnote_plugin_tooltip_text\">[3]<\/sup><\/a><span id=\"footnote_plugin_tooltip_text_12277_1_3\" class=\"footnote_tooltip\">Notamment l\u2019envoi de membres des FAD au Cambodge en 1991 et de 53 gardiens de la paix au Mozambique en 1993.<\/span><\/span><script type=\"text\/javascript\"> jQuery('#footnote_plugin_tooltip_12277_1_3').tooltip({ tip: '#footnote_plugin_tooltip_text_12277_1_3', tipClass: 'footnote_tooltip', effect: 'fade', predelay: 0, fadeInSpeed: 200, delay: 400, fadeOutSpeed: 200, position: 'top center', relative: true, offset: [-7, 0], });<\/script>. Cette tendance \u00e0 une \u201cnormalisation\u201d du Japon s\u2019est poursuivie jusqu\u2019en 2011, date \u00e0 laquelle le pays a ouvert sa premi\u00e8re base militaire permanente \u00e0 l\u2019\u00e9tranger \u00e0 Djibouti. Engag\u00e9es depuis 2009 dans la lutte anti-piraterie au large de la Somalie, les FAD ont donc pu b\u00e9n\u00e9ficier d\u2019installations aux c\u00f4t\u00e9s des militaires fran\u00e7ais et am\u00e9ricains d\u00e9j\u00e0 implant\u00e9s dans la Corne de l\u2019Afrique.\n<\/bloc>\n\n<bloc> Moteurs du changement\n\nCes \u00e9volutions ont \u00e9t\u00e9 provoqu\u00e9es principalement par les nombreux changements apparus sur la sc\u00e8ne internationale depuis la fin de la Guerre froide. Loin de faire perdre au Japon son r\u00f4le strat\u00e9gique, la chute de l\u2019URSS l\u2019a au contraire renforc\u00e9 et replac\u00e9 comme acteur incontournable dans la nouvelle g\u00e9opolitique qui se dessine en Asie du Sud-Est. \u00c1 cet \u00e9gard, la premi\u00e8re Guerre du Golfe a \u00e9t\u00e9 d\u00e9terminante pour le Japon, provoquant ce que certains commentateurs ont appel\u00e9 un v\u00e9ritable \u201cchoc\u201d\u2009<span class=\"footnote_referrer\"><a role=\"button\" tabindex=\"0\" onclick=\"footnote_moveToReference_12277_1('footnote_plugin_reference_12277_1_4');\" onkeypress=\"footnote_moveToReference_12277_1('footnote_plugin_reference_12277_1_4');\" ><sup id=\"footnote_plugin_tooltip_12277_1_4\" class=\"footnote_plugin_tooltip_text\">[4]<\/sup><\/a><span id=\"footnote_plugin_tooltip_text_12277_1_4\" class=\"footnote_tooltip\">Hiroshi Nakanishi, \u201cLa guerre du Golfe et la diplomatie japonaise\u201d, 16 d\u00e9cembre 2012, www.nippon.com <\/span><\/span><script type=\"text\/javascript\"> jQuery('#footnote_plugin_tooltip_12277_1_4').tooltip({ tip: '#footnote_plugin_tooltip_text_12277_1_4', tipClass: 'footnote_tooltip', effect: 'fade', predelay: 0, fadeInSpeed: 200, delay: 400, fadeOutSpeed: 200, position: 'top center', relative: true, offset: [-7, 0], });<\/script>. Se contentant d\u2019une assistance purement \u00e9conomique, Tokyo s\u2019est heurt\u00e9e aux critiques des pays qui envoyaient des troupes, notamment les \u00c9tats-Unis. Le constat de son impuissance face \u00e0 un conflit international, alors m\u00eame qu\u2019il se trouvait \u00e0 l\u2019apog\u00e9e de sa prosp\u00e9rit\u00e9 \u00e9conomique, a amen\u00e9 le Japon \u00e0 prendre conscience que ses troupes ne pouvaient pas rester \u00e0 l\u2019\u00e9cart des initiatives internationales. Il a ainsi accord\u00e9 un soutien sans faille aux \u00c9tats-Unis, sous la forme d\u2019une mission navale de soutien logistique en Afghanistan, puis par l\u2019envoi d\u2019une unit\u00e9 de maintien de la paix en Irak en 2003.\n<\/bloc>\n\n<bloc> Une d\u00e9fense plus pragmatique qu\u2019agressive\n\nMalgr\u00e9 une rh\u00e9torique de fa\u00e7ade, tout porte \u00e0 croire qu\u2019une refonte en profondeur de la politique de d\u00e9fense nippone n\u2019est pas la priorit\u00e9 du gouvernement. Depuis son arriv\u00e9e au pouvoir, Shinzo Abe a en effet consacr\u00e9 son attention au red\u00e9marrage de l\u2019\u00e9conomie japonaise. Plus encore, le Japon fait m\u00eame figure d\u2019exception en Asie\u2009<span class=\"footnote_referrer\"><a role=\"button\" tabindex=\"0\" onclick=\"footnote_moveToReference_12277_1('footnote_plugin_reference_12277_1_5');\" onkeypress=\"footnote_moveToReference_12277_1('footnote_plugin_reference_12277_1_5');\" ><sup id=\"footnote_plugin_tooltip_12277_1_5\" class=\"footnote_plugin_tooltip_text\">[5]<\/sup><\/a><span id=\"footnote_plugin_tooltip_text_12277_1_5\" class=\"footnote_tooltip\"> Edouard Pflimlin, \u201cLe Japon relance ses d\u00e9penses militaires face \u00e0 la menace chinoise\u201d, Le Monde, 9 janvier 2013<\/span><\/span><script type=\"text\/javascript\"> jQuery('#footnote_plugin_tooltip_12277_1_5').tooltip({ tip: '#footnote_plugin_tooltip_text_12277_1_5', tipClass: 'footnote_tooltip', effect: 'fade', predelay: 0, fadeInSpeed: 200, delay: 400, fadeOutSpeed: 200, position: 'top center', relative: true, offset: [-7, 0], });<\/script>. Alors que les d\u00e9penses militaires de l\u2019Inde ont augment\u00e9 de 59% depuis 2002 et celles du Vietnam de 83% depuis 2003, le Japon les a, quant \u00e0 lui, r\u00e9duites de 2,5% entre 2002 et 2011\u2009<span class=\"footnote_referrer\"><a role=\"button\" tabindex=\"0\" onclick=\"footnote_moveToReference_12277_1('footnote_plugin_reference_12277_1_6');\" onkeypress=\"footnote_moveToReference_12277_1('footnote_plugin_reference_12277_1_6');\" ><sup id=\"footnote_plugin_tooltip_12277_1_6\" class=\"footnote_plugin_tooltip_text\">[6]<\/sup><\/a><span id=\"footnote_plugin_tooltip_text_12277_1_6\" class=\"footnote_tooltip\">Stockholm International Peace Research Institute (SIPRI), Yearbook 2012, p. 154<\/span><\/span><script type=\"text\/javascript\"> jQuery('#footnote_plugin_tooltip_12277_1_6').tooltip({ tip: '#footnote_plugin_tooltip_text_12277_1_6', tipClass: 'footnote_tooltip', effect: 'fade', predelay: 0, fadeInSpeed: 200, delay: 400, fadeOutSpeed: 200, position: 'top center', relative: true, offset: [-7, 0], });<\/script>. \n\nLa tendance est \u00e0 la coop\u00e9ration. En 2009, la marine japonaise a organis\u00e9 un exercice militaire conjoint avec l\u2019Australie et a depuis pris part \u00e0 de nombreuses man\u0153uvres multinationales en Asie du Sud-Est. Des accords ont \u00e9galement \u00e9t\u00e9 sign\u00e9s avec Singapour et les Philippines. Le pays semble donc \u00eatre de plus en plus per\u00e7u comme la seule nation de la r\u00e9gion dont la puissance maritime est suffisante pour contrebalancer celle de la Chine\u2009<span class=\"footnote_referrer\"><a role=\"button\" tabindex=\"0\" onclick=\"footnote_moveToReference_12277_1('footnote_plugin_reference_12277_1_7');\" onkeypress=\"footnote_moveToReference_12277_1('footnote_plugin_reference_12277_1_7');\" ><sup id=\"footnote_plugin_tooltip_12277_1_7\" class=\"footnote_plugin_tooltip_text\">[7]<\/sup><\/a><span id=\"footnote_plugin_tooltip_text_12277_1_7\" class=\"footnote_tooltip\">Martin Fackler, \u201cJapan is Flexing its Military Muscle to Counter a Rising China\u201d, The New York Times, 26 novembre 2012<\/span><\/span><script type=\"text\/javascript\"> jQuery('#footnote_plugin_tooltip_12277_1_7').tooltip({ tip: '#footnote_plugin_tooltip_text_12277_1_7', tipClass: 'footnote_tooltip', effect: 'fade', predelay: 0, fadeInSpeed: 200, delay: 400, fadeOutSpeed: 200, position: 'top center', relative: true, offset: [-7, 0], });<\/script>, et de nombreux pays sont pr\u00eats \u00e0 mettre de c\u00f4t\u00e9 l\u2019exp\u00e9rience de la Seconde guerre mondiale pour b\u00e9n\u00e9ficier de sa protection. \n\nActuellement, le Japon essaie d\u2019op\u00e9rer un retour sur l\u2019\u00e9chiquier mondial et r\u00e9gional, alors que la mont\u00e9e en puissance de la Chine et les provocations de la Cor\u00e9e du Nord l\u2019emp\u00eachent de se d\u00e9tacher de la coupole am\u00e9ricaine. \n\nBien que la d\u00e9fense japonaise ait \u00e9volu\u00e9 pour s\u2019adapter \u00e0 son nouvel environnement, aucune volont\u00e9 de domination r\u00e9gionale ne peut \u00eatre imput\u00e9e \u00e0 Tokyo. A court et moyen termes, le Japon sera donc probablement amen\u00e9 \u00e0 conserver son r\u00f4le d\u2019alli\u00e9 des Am\u00e9ricains en Asie et des autres pays se sentant menac\u00e9s par P\u00e9kin. \nAu sein de l\u2019ensemble des pays d\u2019Asie du Sud-Est, des syst\u00e8mes militaires avanc\u00e9s sont en train de prolif\u00e9rer dans une r\u00e9gion d\u00e9nu\u00e9e de tout m\u00e9canisme pouvant d\u00e9samorcer une crise \u00e9ventuelle, tandis que les relations militaires bilat\u00e9rales demeurent \u00e0 un stade embryonnaire\u2009<span class=\"footnote_referrer\"><a role=\"button\" tabindex=\"0\" onclick=\"footnote_moveToReference_12277_1('footnote_plugin_reference_12277_1_8');\" onkeypress=\"footnote_moveToReference_12277_1('footnote_plugin_reference_12277_1_8');\" ><sup id=\"footnote_plugin_tooltip_12277_1_8\" class=\"footnote_plugin_tooltip_text\">[8]<\/sup><\/a><span id=\"footnote_plugin_tooltip_text_12277_1_8\" class=\"footnote_tooltip\">Alicia P. Q. Wittmeyer, \u201cWhy Japan and China could accidentally end up at war\u201d, Foreign Policy, 19 mars 2013<\/span><\/span><script type=\"text\/javascript\"> jQuery('#footnote_plugin_tooltip_12277_1_8').tooltip({ tip: '#footnote_plugin_tooltip_text_12277_1_8', tipClass: 'footnote_tooltip', effect: 'fade', predelay: 0, fadeInSpeed: 200, delay: 400, fadeOutSpeed: 200, position: 'top center', relative: true, offset: [-7, 0], });<\/script>. C\u2019est dans ce contexte aussi marqu\u00e9 par la m\u00e9fiance r\u00e9ciproque qu\u2019un risque tangible d\u2019escalade militaire demeure donc particuli\u00e8rement probable.\n\nLes relations entre le Japon et ses voisins sont faites d\u2019interd\u00e9pendances \u00e9conomiques et de d\u00e9fiance en raison de son pass\u00e9 imp\u00e9rialiste. Briser le cercle vicieux qui alimente ce sentiment de m\u00e9fiance mutuelle est donc primordial. C\u2019est pourquoi il est important que des acteurs ext\u00e9rieurs \u00e0 la r\u00e9gion, tels que l\u2019Union europ\u00e9enne ou les \u00c9tats-Unis, encouragent les pays de la r\u00e9gion \u00e0 d\u00e9velopper des institutions de concertation afin de pr\u00e9venir et g\u00e9rer d\u2019\u00e9ventuelles crises. Ce qui contribuera \u00e0 la stabilit\u00e9 et la s\u00e9curit\u00e9 d\u2019une r\u00e9gion qui occupe d\u00e9sormais une importance strat\u00e9gique dans l\u2019ordre mondial.\n<\/bloc>\n\n<strong>Le Japon pendant la guerre froide<\/strong>\nPendant la Guerre froide, la politique de d\u00e9fense japonaise a suivi les lignes directrices de la \u201cdoctrine Yoshida\u201d, \u00e0 travers laquelle le Japon renon\u00e7ait \u00e0 jouer un r\u00f4le strat\u00e9gique mondial, pla\u00e7ant le pays sous la protection militaire des \u00c9tats-Unis, tandis que Tokyo se concentrait sur son redressement et son d\u00e9veloppement \u00e9conomiques. Le d\u00e9veloppement progressif des FAD au cours des ann\u00e9es 1970 et 1980 s\u2019est effectu\u00e9 en concertation avec les \u00c9tats-Unis ; les forces japonaises ayant pour principale fonction de compl\u00e9ter les forces am\u00e9ricaines, dans une perspective purement d\u00e9fensive. L.T.N.\n\n\n<em> <em>Laetitia Tran Ngoc<\/em> <\/em>\n\n<h2 class=\"wp-block-heading\">Documents joints<\/h2>\n\n\n\n<div class=\"wp-block-file\"><a href=\"http:\/\/demop.netbaz.be\/2021\/jp\/wp-content\/uploads\/2013\/06\/pdf_2013_Analyse_Japon_les_revolutions_de_la_defense.pdf\">Japon : les (r)\u00e9volutions de la d\u00e9fense<\/a><\/div>\n\n\n<div class=\"speaker-mute footnotes_reference_container\"> <div class=\"footnote_container_prepare\"><p><span role=\"button\" tabindex=\"0\" class=\"footnote_reference_container_label pointer\" onclick=\"footnote_expand_collapse_reference_container_12277_1();\">Notes<\/span><span role=\"button\" tabindex=\"0\" class=\"footnote_reference_container_collapse_button\" style=\"display: none;\" onclick=\"footnote_expand_collapse_reference_container_12277_1();\">[<a id=\"footnote_reference_container_collapse_button_12277_1\">+<\/a>]<\/span><\/p><\/div> <div id=\"footnote_references_container_12277_1\" style=\"\"><table class=\"footnotes_table footnote-reference-container\"><caption class=\"accessibility\">Notes<\/caption> <tbody> \r\n\r\n<tr class=\"footnotes_plugin_reference_row\"> <th scope=\"row\" id=\"footnote_plugin_reference_12277_1_1\" class=\"footnote_plugin_index pointer\" onclick=\"footnote_moveToAnchor_12277_1('footnote_plugin_tooltip_12277_1_1');\"><a role=\"button\" tabindex=\"0\" class=\"footnote_plugin_link\" ><span class=\"footnote_index_arrow\">&#8593;<\/span>1<\/a><\/th> <td class=\"footnote_plugin_text\"> Le PLD a en outre gouvern\u00e9 le Japon presque sans interruption depuis sa cr\u00e9ation en 1955, sauf pendant un interm\u00e8de de dix mois entre 1993 et 1994, et entre ao\u00fbt 2009 et d\u00e9cembre 2012 suite \u00e0 la nette victoire de son principal rival, le Parti d\u00e9mocrate du Japon (PDJ) de centre-gauche.<\/td><\/tr>\r\n\r\n<tr class=\"footnotes_plugin_reference_row\"> <th scope=\"row\" id=\"footnote_plugin_reference_12277_1_2\" class=\"footnote_plugin_index pointer\" onclick=\"footnote_moveToAnchor_12277_1('footnote_plugin_tooltip_12277_1_2');\"><a role=\"button\" tabindex=\"0\" class=\"footnote_plugin_link\" ><span class=\"footnote_index_arrow\">&#8593;<\/span>2<\/a><\/th> <td class=\"footnote_plugin_text\"> A.K.N. Ahmed, \u201cAn Emerging Military Power\u201d, Economic and Political Weekly, vol. 23, N.34, 20 ao\u00fbt 1988, p. 1738<\/td><\/tr>\r\n\r\n<tr class=\"footnotes_plugin_reference_row\"> <th scope=\"row\" id=\"footnote_plugin_reference_12277_1_3\" class=\"footnote_plugin_index pointer\" onclick=\"footnote_moveToAnchor_12277_1('footnote_plugin_tooltip_12277_1_3');\"><a role=\"button\" tabindex=\"0\" class=\"footnote_plugin_link\" ><span class=\"footnote_index_arrow\">&#8593;<\/span>3<\/a><\/th> <td class=\"footnote_plugin_text\">Notamment l\u2019envoi de membres des FAD au Cambodge en 1991 et de 53 gardiens de la paix au Mozambique en 1993.<\/td><\/tr>\r\n\r\n<tr class=\"footnotes_plugin_reference_row\"> <th scope=\"row\" id=\"footnote_plugin_reference_12277_1_4\" class=\"footnote_plugin_index pointer\" onclick=\"footnote_moveToAnchor_12277_1('footnote_plugin_tooltip_12277_1_4');\"><a role=\"button\" tabindex=\"0\" class=\"footnote_plugin_link\" ><span class=\"footnote_index_arrow\">&#8593;<\/span>4<\/a><\/th> <td class=\"footnote_plugin_text\">Hiroshi Nakanishi, \u201cLa guerre du Golfe et la diplomatie japonaise\u201d, 16 d\u00e9cembre 2012, www.nippon.com <\/td><\/tr>\r\n\r\n<tr class=\"footnotes_plugin_reference_row\"> <th scope=\"row\" id=\"footnote_plugin_reference_12277_1_5\" class=\"footnote_plugin_index pointer\" onclick=\"footnote_moveToAnchor_12277_1('footnote_plugin_tooltip_12277_1_5');\"><a role=\"button\" tabindex=\"0\" class=\"footnote_plugin_link\" ><span class=\"footnote_index_arrow\">&#8593;<\/span>5<\/a><\/th> <td class=\"footnote_plugin_text\"> Edouard Pflimlin, \u201cLe Japon relance ses d\u00e9penses militaires face \u00e0 la menace chinoise\u201d, Le Monde, 9 janvier 2013<\/td><\/tr>\r\n\r\n<tr class=\"footnotes_plugin_reference_row\"> <th scope=\"row\" id=\"footnote_plugin_reference_12277_1_6\" class=\"footnote_plugin_index pointer\" onclick=\"footnote_moveToAnchor_12277_1('footnote_plugin_tooltip_12277_1_6');\"><a role=\"button\" tabindex=\"0\" class=\"footnote_plugin_link\" ><span class=\"footnote_index_arrow\">&#8593;<\/span>6<\/a><\/th> <td class=\"footnote_plugin_text\">Stockholm International Peace Research Institute (SIPRI), Yearbook 2012, p. 154<\/td><\/tr>\r\n\r\n<tr class=\"footnotes_plugin_reference_row\"> <th scope=\"row\" id=\"footnote_plugin_reference_12277_1_7\" class=\"footnote_plugin_index pointer\" onclick=\"footnote_moveToAnchor_12277_1('footnote_plugin_tooltip_12277_1_7');\"><a role=\"button\" tabindex=\"0\" class=\"footnote_plugin_link\" ><span class=\"footnote_index_arrow\">&#8593;<\/span>7<\/a><\/th> <td class=\"footnote_plugin_text\">Martin Fackler, \u201cJapan is Flexing its Military Muscle to Counter a Rising China\u201d, The New York Times, 26 novembre 2012<\/td><\/tr>\r\n\r\n<tr class=\"footnotes_plugin_reference_row\"> <th scope=\"row\" id=\"footnote_plugin_reference_12277_1_8\" class=\"footnote_plugin_index pointer\" onclick=\"footnote_moveToAnchor_12277_1('footnote_plugin_tooltip_12277_1_8');\"><a role=\"button\" tabindex=\"0\" class=\"footnote_plugin_link\" ><span class=\"footnote_index_arrow\">&#8593;<\/span>8<\/a><\/th> <td class=\"footnote_plugin_text\">Alicia P. Q. Wittmeyer, \u201cWhy Japan and China could accidentally end up at war\u201d, Foreign Policy, 19 mars 2013<\/td><\/tr>\r\n\r\n <\/tbody> <\/table> <\/div><\/div><script type=\"text\/javascript\"> function footnote_expand_reference_container_12277_1() { jQuery('#footnote_references_container_12277_1').show(); jQuery('#footnote_reference_container_collapse_button_12277_1').text('\u2212'); } function footnote_collapse_reference_container_12277_1() { jQuery('#footnote_references_container_12277_1').hide(); jQuery('#footnote_reference_container_collapse_button_12277_1').text('+'); } function footnote_expand_collapse_reference_container_12277_1() { if (jQuery('#footnote_references_container_12277_1').is(':hidden')) { footnote_expand_reference_container_12277_1(); } else { footnote_collapse_reference_container_12277_1(); } } function footnote_moveToReference_12277_1(p_str_TargetID) { footnote_expand_reference_container_12277_1(); var l_obj_Target = jQuery('#' + p_str_TargetID); if (l_obj_Target.length) { jQuery( 'html, body' ).delay( 0 ); jQuery('html, body').animate({ scrollTop: l_obj_Target.offset().top - window.innerHeight * 0.2 }, 380); } } function footnote_moveToAnchor_12277_1(p_str_TargetID) { footnote_expand_reference_container_12277_1(); var l_obj_Target = jQuery('#' + p_str_TargetID); if (l_obj_Target.length) { jQuery( 'html, body' ).delay( 0 ); jQuery('html, body').animate({ scrollTop: l_obj_Target.offset().top - window.innerHeight * 0.2 }, 380); } }<\/script>","protected":false},"excerpt":{"rendered":"<p>L\u2019aggravation du conflit territorial opposant la Chine au Japon autour des \u00eeles Senkaku et la r\u00e9cente hausse du budget japonais de la d\u00e9fense ont \u00e9veill\u00e9 l\u2019inqui\u00e9tude de certains observateurs percevant cette situation comme autant d\u2019indices d\u2019une remilitarisation du pays. Toutefois, ces d\u00e9veloppements ne peuvent \u00eatre pleinement appr\u00e9hend\u00e9s que par la prise en compte de l\u2019histoire [&hellip;]<\/p>\n","protected":false},"author":1,"featured_media":0,"comment_status":"closed","ping_status":"open","sticky":false,"template":"","format":"standard","meta":{"_acf_changed":false,"_seopress_robots_primary_cat":"","_seopress_titles_title":"","_seopress_titles_desc":"","_seopress_robots_index":"","footnotes":""},"categories":[2722],"tags":[2795,2805,2827,2825],"class_list":["post-12277","post","type-post","status-publish","format-standard","hentry","category-articles-nos-publications","tag-article","tag-geopolitique","tag-paix-securite-defense","tag-prevention-des-conflits"],"acf":[],"_links":{"self":[{"href":"https:\/\/www.justicepaix.be\/en\/wp-json\/wp\/v2\/posts\/12277","targetHints":{"allow":["GET"]}}],"collection":[{"href":"https:\/\/www.justicepaix.be\/en\/wp-json\/wp\/v2\/posts"}],"about":[{"href":"https:\/\/www.justicepaix.be\/en\/wp-json\/wp\/v2\/types\/post"}],"author":[{"embeddable":true,"href":"https:\/\/www.justicepaix.be\/en\/wp-json\/wp\/v2\/users\/1"}],"replies":[{"embeddable":true,"href":"https:\/\/www.justicepaix.be\/en\/wp-json\/wp\/v2\/comments?post=12277"}],"version-history":[{"count":0,"href":"https:\/\/www.justicepaix.be\/en\/wp-json\/wp\/v2\/posts\/12277\/revisions"}],"wp:attachment":[{"href":"https:\/\/www.justicepaix.be\/en\/wp-json\/wp\/v2\/media?parent=12277"}],"wp:term":[{"taxonomy":"category","embeddable":true,"href":"https:\/\/www.justicepaix.be\/en\/wp-json\/wp\/v2\/categories?post=12277"},{"taxonomy":"post_tag","embeddable":true,"href":"https:\/\/www.justicepaix.be\/en\/wp-json\/wp\/v2\/tags?post=12277"}],"curies":[{"name":"wp","href":"https:\/\/api.w.org\/{rel}","templated":true}]}}