{"id":11763,"date":"2011-10-01T00:00:00","date_gmt":"2011-10-01T00:00:00","guid":{"rendered":"https:\/\/demop.netbaz.be\/2021\/jp\/2011\/10\/01\/bientot-un-traite-international-sur-le-commerce-des-armes\/"},"modified":"2021-04-14T11:45:17","modified_gmt":"2021-04-14T11:45:17","slug":"soon-an-international-treaty-on-the-arms-trade","status":"publish","type":"post","link":"https:\/\/www.justicepaix.be\/en\/bientot-un-traite-international-sur-le-commerce-des-armes\/","title":{"rendered":"Soon an international arms trade treaty?"},"content":{"rendered":"<p class=\"post_excerpt\">A few days after the death of Gaddafi in Libya and therefore the total liberation of the country, it is time to question one of the reasons which allowed these bloodthirsty regimes to persist for so many years: the sale of arms. We can therefore ask ourselves the question of the need to better regulate this trade.<\/p>\n\n\n<!--more-->\n\n<h2 class=\"wp-block-heading\">Attachments<\/h2>\n\n\n\n<div class=\"wp-block-file\"><a href=\"http:\/\/demop.netbaz.be\/2021\/jp\/wp-content\/uploads\/2011\/11\/pdf_2011_Analyse_Bientot_un_traite_international_sur_le_commerce_des_armes.pdf\">Soon an international arms trade treaty?<\/a><\/div>","protected":false},"excerpt":{"rendered":"<p>Quelques jours apr\u00e8s la mort de Kadhafi en Libye et donc la lib\u00e9ration totale du pays, il est temps de nous interroger sur une des raisons ayant permis le maintient pendant tant d\u2019ann\u00e9es de ces r\u00e9gimes sanguinaires : la vente d\u2019armes. Nous pouvons donc nous poser la question de la n\u00e9cessit\u00e9 de mieux r\u00e9guler ce [&hellip;]<\/p>\n","protected":false},"author":1,"featured_media":0,"comment_status":"closed","ping_status":"open","sticky":false,"template":"","format":"standard","meta":{"_acf_changed":false,"_seopress_robots_primary_cat":"","_seopress_titles_title":"","_seopress_titles_desc":"","_seopress_robots_index":"","footnotes":""},"categories":[2722],"tags":[2799,2795,2824,2821,2807,2827,2825,2793],"class_list":["post-11763","post","type-post","status-publish","format-standard","hentry","category-articles-nos-publications","tag-armes-desarmement","tag-article","tag-droits-humains","tag-economie","tag-organisations-internationales","tag-paix-securite-defense","tag-prevention-des-conflits","tag-societe-civile"],"acf":[],"_links":{"self":[{"href":"https:\/\/www.justicepaix.be\/en\/wp-json\/wp\/v2\/posts\/11763","targetHints":{"allow":["GET"]}}],"collection":[{"href":"https:\/\/www.justicepaix.be\/en\/wp-json\/wp\/v2\/posts"}],"about":[{"href":"https:\/\/www.justicepaix.be\/en\/wp-json\/wp\/v2\/types\/post"}],"author":[{"embeddable":true,"href":"https:\/\/www.justicepaix.be\/en\/wp-json\/wp\/v2\/users\/1"}],"replies":[{"embeddable":true,"href":"https:\/\/www.justicepaix.be\/en\/wp-json\/wp\/v2\/comments?post=11763"}],"version-history":[{"count":0,"href":"https:\/\/www.justicepaix.be\/en\/wp-json\/wp\/v2\/posts\/11763\/revisions"}],"wp:attachment":[{"href":"https:\/\/www.justicepaix.be\/en\/wp-json\/wp\/v2\/media?parent=11763"}],"wp:term":[{"taxonomy":"category","embeddable":true,"href":"https:\/\/www.justicepaix.be\/en\/wp-json\/wp\/v2\/categories?post=11763"},{"taxonomy":"post_tag","embeddable":true,"href":"https:\/\/www.justicepaix.be\/en\/wp-json\/wp\/v2\/tags?post=11763"}],"curies":[{"name":"wp","href":"https:\/\/api.w.org\/{rel}","templated":true}]}}