{"id":11626,"date":"2011-06-14T15:23:37","date_gmt":"2011-06-14T15:23:37","guid":{"rendered":"https:\/\/demop.netbaz.be\/2021\/jp\/2011\/06\/14\/peut-on-s-opposer-a-une-loi-sur-l-exportation-des-armes-legeres\/"},"modified":"2021-04-14T11:45:12","modified_gmt":"2021-04-14T11:45:12","slug":"peut-on-s-opposer-a-une-loi-sur-l-exportation-des-armes-legeres","status":"publish","type":"post","link":"https:\/\/www.justicepaix.be\/en\/peut-on-s-opposer-a-une-loi-sur-l-exportation-des-armes-legeres\/","title":{"rendered":"Can we oppose a law on the export of small arms?"},"content":{"rendered":"<p class=\"post_excerpt\">Le gouvernement wallon s\u2019est engag\u00e9 dans un processus de r\u00e9vision de la proc\u00e9dure d\u2019octroi des licences d\u2019exportation d\u2019armes, visant \u00e0 se doter d\u2019une loi en la mati\u00e8re. La n\u00e9cessit\u00e9 d\u2019une l\u00e9gislation claire encadrant l\u2019exportation des armes wallonnes est une \u00e9vidence d\u00e9mocratique. Pourtant, il appara\u00eetrait que le processus soit quelque peu enrou\u00e9.<\/p>\n\n\n<!--more-->\n\n<h2 class=\"wp-block-heading\">Attachments<\/h2>\n\n\n\n<div class=\"wp-block-file\"><a href=\"http:\/\/demop.netbaz.be\/2021\/jp\/wp-content\/uploads\/2011\/06\/pdf_2011_Analyse_Peut_on_s_opposer_a_une_loi_qur_l_exportation_des_armes_legeres.pdf\">Peut-on s\u2019opposer \u00e0 une loi sur l\u2019exportation des armes l\u00e9g\u00e8res ?<\/a><\/div>","protected":false},"excerpt":{"rendered":"<p>Le gouvernement wallon s\u2019est engag\u00e9 dans un processus de r\u00e9vision de la proc\u00e9dure d\u2019octroi des licences d\u2019exportation d\u2019armes, visant \u00e0 se doter d\u2019une loi en la mati\u00e8re. La n\u00e9cessit\u00e9 d\u2019une l\u00e9gislation claire encadrant l\u2019exportation des armes wallonnes est une \u00e9vidence d\u00e9mocratique. Pourtant, il appara\u00eetrait que le processus soit quelque peu enrou\u00e9.<\/p>","protected":false},"author":1,"featured_media":0,"comment_status":"closed","ping_status":"open","sticky":false,"template":"","format":"standard","meta":{"_acf_changed":false,"_seopress_robots_primary_cat":"","_seopress_titles_title":"","_seopress_titles_desc":"","_seopress_robots_index":"","footnotes":""},"categories":[2722],"tags":[2799,2795,2824,2821,2827,2825,2834],"class_list":["post-11626","post","type-post","status-publish","format-standard","hentry","category-articles-nos-publications","tag-armes-desarmement","tag-article","tag-droits-humains","tag-economie","tag-paix-securite-defense","tag-prevention-des-conflits","tag-union-europeenne"],"acf":[],"_links":{"self":[{"href":"https:\/\/www.justicepaix.be\/en\/wp-json\/wp\/v2\/posts\/11626","targetHints":{"allow":["GET"]}}],"collection":[{"href":"https:\/\/www.justicepaix.be\/en\/wp-json\/wp\/v2\/posts"}],"about":[{"href":"https:\/\/www.justicepaix.be\/en\/wp-json\/wp\/v2\/types\/post"}],"author":[{"embeddable":true,"href":"https:\/\/www.justicepaix.be\/en\/wp-json\/wp\/v2\/users\/1"}],"replies":[{"embeddable":true,"href":"https:\/\/www.justicepaix.be\/en\/wp-json\/wp\/v2\/comments?post=11626"}],"version-history":[{"count":0,"href":"https:\/\/www.justicepaix.be\/en\/wp-json\/wp\/v2\/posts\/11626\/revisions"}],"wp:attachment":[{"href":"https:\/\/www.justicepaix.be\/en\/wp-json\/wp\/v2\/media?parent=11626"}],"wp:term":[{"taxonomy":"category","embeddable":true,"href":"https:\/\/www.justicepaix.be\/en\/wp-json\/wp\/v2\/categories?post=11626"},{"taxonomy":"post_tag","embeddable":true,"href":"https:\/\/www.justicepaix.be\/en\/wp-json\/wp\/v2\/tags?post=11626"}],"curies":[{"name":"wp","href":"https:\/\/api.w.org\/{rel}","templated":true}]}}