{"id":11621,"date":"2011-06-06T13:47:30","date_gmt":"2011-06-06T13:47:30","guid":{"rendered":"https:\/\/demop.netbaz.be\/2021\/jp\/2011\/06\/06\/justice-et-paix-s-engage-resultats-de-l-edition-2011-des-20-km-de-bruxelles\/"},"modified":"2011-06-06T13:47:30","modified_gmt":"2011-06-06T13:47:30","slug":"justice-et-paix-s-engage-resultats-de-l-edition-2011-des-20-km-de-bruxelles","status":"publish","type":"post","link":"https:\/\/www.justicepaix.be\/en\/justice-et-paix-s-engage-resultats-de-l-edition-2011-des-20-km-de-bruxelles\/","title":{"rendered":"Justice and Peace is committed! Results of the 2011 edition of the 20 km of Brussels"},"content":{"rendered":"<p class=\"post_excerpt\">L\u2019\u00e9quipe compos\u00e9e de permanents et b\u00e9n\u00e9voles a bel et bien parcouru la distance et r\u00e9alis\u00e9 de belles performances.  Merci \u00e0 vous tous pour votre soutien ! Notre \u00e9quipe a couru parmi les 30 000 participants.<\/p>\n<p><!--more--><br \/>\nVoici les r\u00e9sultats des 6 coureurs de l&rsquo;\u00e9quipe ainsi que leur classement :<\/p>\n<p>&#8211; GURNING Edouard ==> 1:37:29 (3312 \u00e8me)<br \/>\n&#8211; NOLENS S\u00e9bastien==> 1:45:56 (6612 \u00e8me)<br \/>\n&#8211; FISCHER Santiago==> 1:55:55 (11519 \u00e8me)<br \/>\n&#8211; MALCHAIR Laure ==> 2:15:39 (20160 \u00e8me)<br \/>\n&#8211; SANDERMANS Sandrine ==> 2:16:11 (20335 \u00e8me)<br \/>\n&#8211; HUSTINX Sophie ==> 2:33:58 (24071 \u00e8me)<\/p>\n<p><a href=\"http:\/\/20km.chronorace.be\/\">Voir les r\u00e9sultats<\/a> sur le site des 20 km. Pour acc\u00e9der aux r\u00e9sultats,  il vous suffit de taper \u00ab\u00a0justice et paix\u00a0\u00bb dans l&rsquo;espace \u00ab\u00a0Company\/team\/groupe\u00a0\u00bb de la page \u00ab\u00a0r\u00e9sultats\u00a0\u00bb.<\/p>","protected":false},"excerpt":{"rendered":"<p>L\u2019\u00e9quipe compos\u00e9e de permanents et b\u00e9n\u00e9voles a bel et bien parcouru la distance et r\u00e9alis\u00e9 de belles performances. Merci \u00e0 vous tous pour votre soutien ! Notre \u00e9quipe a couru parmi les 30 000 participants.<\/p>","protected":false},"author":1,"featured_media":0,"comment_status":"closed","ping_status":"open","sticky":false,"template":"","format":"standard","meta":{"_acf_changed":false,"_seopress_robots_primary_cat":"","_seopress_titles_title":"","_seopress_titles_desc":"","_seopress_robots_index":"","footnotes":""},"categories":[2686],"tags":[],"class_list":["post-11621","post","type-post","status-publish","format-standard","hentry","category-pre-2015"],"acf":[],"_links":{"self":[{"href":"https:\/\/www.justicepaix.be\/en\/wp-json\/wp\/v2\/posts\/11621","targetHints":{"allow":["GET"]}}],"collection":[{"href":"https:\/\/www.justicepaix.be\/en\/wp-json\/wp\/v2\/posts"}],"about":[{"href":"https:\/\/www.justicepaix.be\/en\/wp-json\/wp\/v2\/types\/post"}],"author":[{"embeddable":true,"href":"https:\/\/www.justicepaix.be\/en\/wp-json\/wp\/v2\/users\/1"}],"replies":[{"embeddable":true,"href":"https:\/\/www.justicepaix.be\/en\/wp-json\/wp\/v2\/comments?post=11621"}],"version-history":[{"count":0,"href":"https:\/\/www.justicepaix.be\/en\/wp-json\/wp\/v2\/posts\/11621\/revisions"}],"wp:attachment":[{"href":"https:\/\/www.justicepaix.be\/en\/wp-json\/wp\/v2\/media?parent=11621"}],"wp:term":[{"taxonomy":"category","embeddable":true,"href":"https:\/\/www.justicepaix.be\/en\/wp-json\/wp\/v2\/categories?post=11621"},{"taxonomy":"post_tag","embeddable":true,"href":"https:\/\/www.justicepaix.be\/en\/wp-json\/wp\/v2\/tags?post=11621"}],"curies":[{"name":"wp","href":"https:\/\/api.w.org\/{rel}","templated":true}]}}