{"id":11511,"date":"2011-02-01T00:00:00","date_gmt":"2011-02-01T00:00:00","guid":{"rendered":"https:\/\/demop.netbaz.be\/2021\/jp\/2011\/02\/01\/les-grands-projets-miniers-mettent-la-pression-sur-les-terres-aux-philippines\/"},"modified":"2021-04-14T11:45:07","modified_gmt":"2021-04-14T11:45:07","slug":"les-grands-projets-miniers-mettent-la-pression-sur-les-terres-aux-philippines","status":"publish","type":"post","link":"https:\/\/www.justicepaix.be\/en\/les-grands-projets-miniers-mettent-la-pression-sur-les-terres-aux-philippines\/","title":{"rendered":"Large mining projects put pressure on land in the Philippines"},"content":{"rendered":"<p class=\"post_excerpt\">Durant le mandat de l\u2019ancienne Pr\u00e9sidente des Philippines (2001-2010), Gloria Macapagal-Arroyo,  le gouvernement philippin s\u2019est clairement positionn\u00e9 comme un gouvernement \u00ab pro-mines \u00bb. Il a fait adopter un \u00ab Programme de Revitalisation Mini\u00e8re \u00bb et \u00e9tait r\u00e9solument d\u00e9cid\u00e9 \u00e0 attirer de nouveaux investissements \u00e9trangers dans le secteur extractif. Cette politique a progressivement soulev\u00e9 l\u2019inqui\u00e9tude et la r\u00e9sistance des communaut\u00e9s paysannes et de la soci\u00e9t\u00e9 civile philippines. Le pays sera-t-il la proie d\u2019une nouvelle ru\u00e9e sur les produits miniers ?<\/p>\n\n\n<!--more-->\n\n<h2 class=\"wp-block-heading\">Attachments<\/h2>\n\n\n\n<div class=\"wp-block-file\"><a href=\"http:\/\/demop.netbaz.be\/2021\/jp\/wp-content\/uploads\/2011\/03\/pdf_2011_Analyse_Les_grands_projets_miniers_mettent_la_pression_sur_les_terres_aux_Philippines.pdf\">Large mining projects put pressure on land in the Philippines<\/a><\/div>","protected":false},"excerpt":{"rendered":"<p>Durant le mandat de l\u2019ancienne Pr\u00e9sidente des Philippines (2001-2010), Gloria Macapagal-Arroyo, le gouvernement philippin s\u2019est clairement positionn\u00e9 comme un gouvernement \u00ab pro-mines \u00bb. Il a fait adopter un \u00ab Programme de Revitalisation Mini\u00e8re \u00bb et \u00e9tait r\u00e9solument d\u00e9cid\u00e9 \u00e0 attirer de nouveaux investissements \u00e9trangers dans le secteur extractif. Cette politique a progressivement soulev\u00e9 l\u2019inqui\u00e9tude et [&hellip;]<\/p>\n","protected":false},"author":1,"featured_media":0,"comment_status":"closed","ping_status":"open","sticky":false,"template":"","format":"standard","meta":{"_acf_changed":false,"_seopress_robots_primary_cat":"","_seopress_titles_title":"","_seopress_titles_desc":"","_seopress_robots_index":"","footnotes":""},"categories":[2722],"tags":[2831,2812,2795,2802,2814,2811,2813],"class_list":["post-11511","post","type-post","status-publish","format-standard","hentry","category-articles-nos-publications","tag-acteurs-economiques","tag-agriculture","tag-article","tag-bonne-gouvernance","tag-developpement-durable","tag-ressources-naturelles","tag-souverainete-alimentaire"],"acf":[],"_links":{"self":[{"href":"https:\/\/www.justicepaix.be\/en\/wp-json\/wp\/v2\/posts\/11511","targetHints":{"allow":["GET"]}}],"collection":[{"href":"https:\/\/www.justicepaix.be\/en\/wp-json\/wp\/v2\/posts"}],"about":[{"href":"https:\/\/www.justicepaix.be\/en\/wp-json\/wp\/v2\/types\/post"}],"author":[{"embeddable":true,"href":"https:\/\/www.justicepaix.be\/en\/wp-json\/wp\/v2\/users\/1"}],"replies":[{"embeddable":true,"href":"https:\/\/www.justicepaix.be\/en\/wp-json\/wp\/v2\/comments?post=11511"}],"version-history":[{"count":0,"href":"https:\/\/www.justicepaix.be\/en\/wp-json\/wp\/v2\/posts\/11511\/revisions"}],"wp:attachment":[{"href":"https:\/\/www.justicepaix.be\/en\/wp-json\/wp\/v2\/media?parent=11511"}],"wp:term":[{"taxonomy":"category","embeddable":true,"href":"https:\/\/www.justicepaix.be\/en\/wp-json\/wp\/v2\/categories?post=11511"},{"taxonomy":"post_tag","embeddable":true,"href":"https:\/\/www.justicepaix.be\/en\/wp-json\/wp\/v2\/tags?post=11511"}],"curies":[{"name":"wp","href":"https:\/\/api.w.org\/{rel}","templated":true}]}}