{"id":11474,"date":"2011-02-18T14:54:37","date_gmt":"2011-02-18T14:54:37","guid":{"rendered":"https:\/\/demop.netbaz.be\/2021\/jp\/2011\/02\/18\/les-migrations-environnementales-l-impuissance-de-l-homme-face-a-l\/"},"modified":"2021-04-14T11:45:06","modified_gmt":"2021-04-14T11:45:06","slug":"environmental-migrations-the-helplessness-of-man-in-the-face-of-al","status":"publish","type":"post","link":"https:\/\/www.justicepaix.be\/en\/les-migrations-environnementales-l-impuissance-de-l-homme-face-a-l\/","title":{"rendered":"Environmental migrations: man&#039;s helplessness in the face of the environment"},"content":{"rendered":"<p class=\"post_excerpt\">Through this analysis, we will try to understand what \u201cenvironmental migrations\u201d consist of. This information will then lead us to reflect on the impact of this phenomenon on our societies, and will allow us to better perceive the role that we \u2013 citizens of the world \u2013 can play in the context of these global changes which concern us all.     \n<\/p>\n\n\n<!--more-->\n\n<h2 class=\"wp-block-heading\">Attachments<\/h2>\n\n\n\n<div class=\"wp-block-file\"><a href=\"http:\/\/demop.netbaz.be\/2021\/jp\/wp-content\/uploads\/2011\/03\/pdf_2011_Analyse_les_migrations_environnementales_l_impuissance_de_l_homme_face_a_l_environnement.pdf\">\u201cEnvironmental migrations\u201d: man\u2019s helplessness in the face of the environment<\/a><\/div>","protected":false},"excerpt":{"rendered":"<p>\u00c0 travers cette analyse, nous tenterons de comprendre en quoi consistent les \u00ab migrations environnementales \u00bb, . Ces informations nous m\u00e8neront alors \u00e0 une r\u00e9flexion sur l\u2019impact de ce ph\u00e9nom\u00e8ne sur nos soci\u00e9t\u00e9s, et nous permettront de mieux percevoir le r\u00f4le que nous &#8211; citoyens du monde &#8211; pouvons jouer dans le cadre de ces [&hellip;]<\/p>\n","protected":false},"author":1,"featured_media":0,"comment_status":"closed","ping_status":"open","sticky":false,"template":"","format":"standard","meta":{"_acf_changed":false,"_seopress_robots_primary_cat":"","_seopress_titles_title":"","_seopress_titles_desc":"","_seopress_robots_index":"","footnotes":""},"categories":[2722],"tags":[2795,2845,2844,2822],"class_list":["post-11474","post","type-post","status-publish","format-standard","hentry","category-articles-nos-publications","tag-article","tag-ecologie","tag-migrations","tag-mondialisation"],"acf":[],"_links":{"self":[{"href":"https:\/\/www.justicepaix.be\/en\/wp-json\/wp\/v2\/posts\/11474","targetHints":{"allow":["GET"]}}],"collection":[{"href":"https:\/\/www.justicepaix.be\/en\/wp-json\/wp\/v2\/posts"}],"about":[{"href":"https:\/\/www.justicepaix.be\/en\/wp-json\/wp\/v2\/types\/post"}],"author":[{"embeddable":true,"href":"https:\/\/www.justicepaix.be\/en\/wp-json\/wp\/v2\/users\/1"}],"replies":[{"embeddable":true,"href":"https:\/\/www.justicepaix.be\/en\/wp-json\/wp\/v2\/comments?post=11474"}],"version-history":[{"count":0,"href":"https:\/\/www.justicepaix.be\/en\/wp-json\/wp\/v2\/posts\/11474\/revisions"}],"wp:attachment":[{"href":"https:\/\/www.justicepaix.be\/en\/wp-json\/wp\/v2\/media?parent=11474"}],"wp:term":[{"taxonomy":"category","embeddable":true,"href":"https:\/\/www.justicepaix.be\/en\/wp-json\/wp\/v2\/categories?post=11474"},{"taxonomy":"post_tag","embeddable":true,"href":"https:\/\/www.justicepaix.be\/en\/wp-json\/wp\/v2\/tags?post=11474"}],"curies":[{"name":"wp","href":"https:\/\/api.w.org\/{rel}","templated":true}]}}