{"id":10887,"date":"2007-01-01T00:00:00","date_gmt":"2007-01-01T00:00:00","guid":{"rendered":"https:\/\/demop.netbaz.be\/2021\/jp\/2007\/01\/01\/pour-un-burundi-pacifie-et-democratique\/"},"modified":"2021-04-14T11:44:39","modified_gmt":"2021-04-14T11:44:39","slug":"pour-un-burundi-pacifie-et-democratique","status":"publish","type":"post","link":"https:\/\/www.justicepaix.be\/en\/pour-un-burundi-pacifie-et-democratique\/","title":{"rendered":"For a peaceful and democratic Burundi"},"content":{"rendered":"Un an apr\u00e8s la signature du cessez-le-feu entre le Palipehutu-FNL et le gouvernement du Burundi, les ONG burundaises r\u00e9unies au sein de FORSC et les ONG europ\u00e9ennes membres d\u2019EurAc rappellent au gouvernement du Burundi l\u2019importance d\u2019un bon fonctionnement des institutions l\u00e9gitimes, l\u2019instauration d\u2019un dialogue politique apais\u00e9 et l\u2019obtention de r\u00e9sultats concrets au service de la population du Burundi. Elles appellent \u00e9galement l\u2019UE et son Repr\u00e9sentant Sp\u00e9cial \u00e0 continuer plus activement une m\u00e9diation. \n\nBujumbura et Bruxelles, 10 septembre 2007\n\n<a href=\"http:\/\/demop.netbaz.be\/2021\/jp\/wp-content\/uploads\/2007\/01\/pdf_0910DeclarationconjointeEuracFORSC.pdf\">0910DeclarationconjointeEuracFORSC.pdf<\/a>\n<h2 class=\"wp-block-heading\">Attachments<\/h2>\n\n\n\n<div class=\"wp-block-file\"><a href=\"http:\/\/demop.netbaz.be\/2021\/jp\/wp-content\/uploads\/2009\/10\/pdf_0910DeclarationconjointeEuracFORSC.pdf\">0910DeclarationconjointeEuracFORSC.pdf<\/a><\/div>","protected":false},"excerpt":{"rendered":"<p>Un an apr\u00e8s la signature du cessez-le-feu entre le Palipehutu-FNL et le gouvernement du Burundi, les ONG burundaises r\u00e9unies au sein de FORSC et les ONG europ\u00e9ennes membres d\u2019EurAc rappellent au gouvernement du Burundi l\u2019importance d\u2019un bon fonctionnement des institutions l\u00e9gitimes, l\u2019instauration d\u2019un dialogue politique apais\u00e9 et l\u2019obtention de r\u00e9sultats concrets au service de la [&hellip;]<\/p>\n","protected":false},"author":1,"featured_media":0,"comment_status":"closed","ping_status":"open","sticky":false,"template":"","format":"standard","meta":{"_acf_changed":false,"_seopress_robots_primary_cat":"","_seopress_titles_title":"","_seopress_titles_desc":"","_seopress_robots_index":"","footnotes":""},"categories":[2686],"tags":[2815],"class_list":["post-10887","post","type-post","status-publish","format-standard","hentry","category-pre-2015","tag-plaidoyer"],"acf":[],"_links":{"self":[{"href":"https:\/\/www.justicepaix.be\/en\/wp-json\/wp\/v2\/posts\/10887","targetHints":{"allow":["GET"]}}],"collection":[{"href":"https:\/\/www.justicepaix.be\/en\/wp-json\/wp\/v2\/posts"}],"about":[{"href":"https:\/\/www.justicepaix.be\/en\/wp-json\/wp\/v2\/types\/post"}],"author":[{"embeddable":true,"href":"https:\/\/www.justicepaix.be\/en\/wp-json\/wp\/v2\/users\/1"}],"replies":[{"embeddable":true,"href":"https:\/\/www.justicepaix.be\/en\/wp-json\/wp\/v2\/comments?post=10887"}],"version-history":[{"count":0,"href":"https:\/\/www.justicepaix.be\/en\/wp-json\/wp\/v2\/posts\/10887\/revisions"}],"wp:attachment":[{"href":"https:\/\/www.justicepaix.be\/en\/wp-json\/wp\/v2\/media?parent=10887"}],"wp:term":[{"taxonomy":"category","embeddable":true,"href":"https:\/\/www.justicepaix.be\/en\/wp-json\/wp\/v2\/categories?post=10887"},{"taxonomy":"post_tag","embeddable":true,"href":"https:\/\/www.justicepaix.be\/en\/wp-json\/wp\/v2\/tags?post=10887"}],"curies":[{"name":"wp","href":"https:\/\/api.w.org\/{rel}","templated":true}]}}